{"id":100031,"date":"2024-07-19T16:50:19","date_gmt":"2024-07-19T22:50:19","guid":{"rendered":"https:\/\/ovelanalista.com\/?p=100031"},"modified":"2024-07-27T01:52:19","modified_gmt":"2024-07-27T07:52:19","slug":"avanza-la-modernizacion-del-alumbrado-publico-con-inversion-superior-a-9mdp","status":"publish","type":"post","link":"https:\/\/ovelanalista.com\/?p=100031","title":{"rendered":"Avanza la modernizaci\u00f3n del alumbrado p\u00fablico con inversi\u00f3n superior a 9mdp"},"content":{"rendered":"<p><strong><em>Javier Valdez, Director de Servicios P\u00fablicos, inform\u00f3 que se han colocado m\u00e1s de mil 200 nuevas luminarias en espacios p\u00fablicos prioritarios, y que el plan continuar\u00e1 para optimizar la red de iluminaci\u00f3n en colonias y comunidades\u2026<\/em><\/strong><\/p>\n<p><strong><em>\u00a0<\/em><\/strong><strong>\u00a0<\/strong><\/p>\n<p><strong>Los Mochis, Ahome, Sinaloa. 19 de Julio del 2024.-\u00a0<\/strong>El programa de alumbrado p\u00fablico del Ayuntamiento de Ahome ha colocado y repuesto m\u00e1s de mil 200 nuevas luminarias de moderna generaci\u00f3n que permitir\u00e1 mejorar la iluminaci\u00f3n y ahorrar costos de energ\u00eda.<\/p>\n<p>&nbsp;<\/p>\n<p>As\u00ed lo ratific\u00f3 el Director de Servicios P\u00fablicos Municipales, Norberto Javier Valdez Valdez, quien detall\u00f3 que la rehabilitaci\u00f3n del sistema contin\u00faa y continuar\u00e1 gracias al apoyo del Alcalde Gerardo Vargas Landeros, quien recientemente anunci\u00f3 una millonaria inversi\u00f3n federal para este proyecto de poco m\u00e1s de 9 millones de pesos.<\/p>\n<p>&nbsp;<\/p>\n<p>\u201cSon l\u00e1mparas que tienen entre 7 y 9 mil l\u00famenes, que quiere decir que el radio de luz es mucho m\u00e1s grande que todas las que ya tenemos. Se hizo una muy buena compra y los comentarios de la gente tambi\u00e9n son positivos y dicen que est\u00e1n contentos\u201d, expres\u00f3 Javier Valdez.<\/p>\n<p>&nbsp;<\/p>\n<p>Explic\u00f3 que son l\u00e1mparas ahorradoras de entre un 30 y 40 por ciento, y suman unas mil 200 ya instaladas.<\/p>\n<p>&nbsp;<\/p>\n<p>\u201cEstamos atendiendo comunidades y colonias donde se tiene mayor problem\u00e1tica, priorizando espacios como escuelas, parques, plazas, centros comerciales, iglesias, campos deportivos, acceso a comunidades y dem\u00e1s sitios p\u00fablicos de mayor impacto social\u201d, coment\u00f3 el funcionario.<\/p>\n<p>&nbsp;<\/p>\n<p>Dijo que la instrucci\u00f3n del Presidente Municipal Gerardo Octavio Vargas Landeros es que se trabaje muy fuerte en este programa, para abatir el rezago que se recibi\u00f3 de m\u00e1s de 22 mil l\u00e1mparas.<\/p>\n<p>&nbsp;<\/p>\n<p>Por \u00faltimo, dijo que como este equipo es m\u00e1s moderno, se espera economizar en el gasto de energ\u00eda, as\u00ed como en el material de instalaci\u00f3n, ya que el cableado se calienta menos y por ende tiene una mayor durabilidad, y tiene una garant\u00eda de f\u00e1brica de 5 a\u00f1os.<\/p>\n","protected":false},"excerpt":{"rendered":"<p>Javier Valdez, Director de Servicios P\u00fablicos, inform\u00f3 que se han colocado m\u00e1s de mil 200 nuevas luminarias en espacios p\u00fablicos prioritarios, y que el plan continuar\u00e1 para optimizar la red de iluminaci\u00f3n en colonias y comunidades\u2026 \u00a0\u00a0 Los Mochis, Ahome, Sinaloa. 19 de Julio del 2024.-\u00a0El programa de alumbrado p\u00fablico del Ayuntamiento de Ahome ha colocado y repuesto m\u00e1s de mil 200 nuevas luminarias de moderna generaci\u00f3n que permitir\u00e1 mejorar la iluminaci\u00f3n y ahorrar costos de energ\u00eda. &nbsp; As\u00ed lo ratific\u00f3 el Director de Servicios P\u00fablicos Municipales, Norberto Javier Valdez Valdez, quien detall\u00f3 que la rehabilitaci\u00f3n del sistema contin\u00faa y [&hellip;]<\/p>\n","protected":false},"author":3,"featured_media":100032,"comment_status":"open","ping_status":"open","sticky":false,"template":"","format":"standard","meta":{"_jetpack_newsletter_access":"","_jetpack_dont_email_post_to_subs":false,"_jetpack_newsletter_tier_id":0,"_jetpack_memberships_contains_paywalled_content":false,"_jetpack_feature_clip_id":0,"_jetpack_memberships_contains_paid_content":false,"footnotes":"","jetpack_publicize_message":"","jetpack_publicize_feature_enabled":true,"jetpack_social_post_already_shared":true,"jetpack_social_options":{"image_generator_settings":{"template":"highway","default_image_id":0,"font":"","enabled":false},"version":2},"jetpack_post_was_ever_published":false},"categories":[72,85],"tags":[],"class_list":["post-100031","post","type-post","status-publish","format-standard","has-post-thumbnail","hentry","category-portada","category-sinaloa-norte","post--single"],"jetpack_publicize_connections":[],"jetpack_featured_media_url":"https:\/\/ovelanalista.com\/wp-content\/uploads\/2024\/07\/Captura-de-Pantalla-2024-07-27-a-las-0.50.59.png","jetpack_sharing_enabled":true,"_links":{"self":[{"href":"https:\/\/ovelanalista.com\/index.php?rest_route=\/wp\/v2\/posts\/100031","targetHints":{"allow":["GET"]}}],"collection":[{"href":"https:\/\/ovelanalista.com\/index.php?rest_route=\/wp\/v2\/posts"}],"about":[{"href":"https:\/\/ovelanalista.com\/index.php?rest_route=\/wp\/v2\/types\/post"}],"author":[{"embeddable":true,"href":"https:\/\/ovelanalista.com\/index.php?rest_route=\/wp\/v2\/users\/3"}],"replies":[{"embeddable":true,"href":"https:\/\/ovelanalista.com\/index.php?rest_route=%2Fwp%2Fv2%2Fcomments&post=100031"}],"version-history":[{"count":1,"href":"https:\/\/ovelanalista.com\/index.php?rest_route=\/wp\/v2\/posts\/100031\/revisions"}],"predecessor-version":[{"id":100033,"href":"https:\/\/ovelanalista.com\/index.php?rest_route=\/wp\/v2\/posts\/100031\/revisions\/100033"}],"wp:featuredmedia":[{"embeddable":true,"href":"https:\/\/ovelanalista.com\/index.php?rest_route=\/wp\/v2\/media\/100032"}],"wp:attachment":[{"href":"https:\/\/ovelanalista.com\/index.php?rest_route=%2Fwp%2Fv2%2Fmedia&parent=100031"}],"wp:term":[{"taxonomy":"category","embeddable":true,"href":"https:\/\/ovelanalista.com\/index.php?rest_route=%2Fwp%2Fv2%2Fcategories&post=100031"},{"taxonomy":"post_tag","embeddable":true,"href":"https:\/\/ovelanalista.com\/index.php?rest_route=%2Fwp%2Fv2%2Ftags&post=100031"}],"curies":[{"name":"wp","href":"https:\/\/api.w.org\/{rel}","templated":true}]}}