{"id":100851,"date":"2024-08-07T15:45:01","date_gmt":"2024-08-07T21:45:01","guid":{"rendered":"https:\/\/ovelanalista.com\/?p=100851"},"modified":"2024-08-07T12:53:30","modified_gmt":"2024-08-07T18:53:30","slug":"texas-amplia-su-alambrada-antimigrantes-en-la-frontera-con-mexico","status":"publish","type":"post","link":"https:\/\/ovelanalista.com\/?p=100851","title":{"rendered":"Texas ampl\u00eda su alambrada antimigrantes en la frontera con M\u00e9xico"},"content":{"rendered":"<p>El Gobierno de Texas coloc\u00f3 una tercera barrera de alambre de navajas en el r\u00edo Bravo (o Grande), en la frontera con M\u00e9xico, pese a las cr\u00edticas del Gobierno mexicano y los riesgos para migrantes, seg\u00fan constat\u00f3 este mi\u00e9rcoles EFE en Ciudad Ju\u00e1rez. Activistas se\u00f1alaron que estas medidas del gobernador de Texas, el republicano Greg \u2026<\/p>\n<p>El\u00a0<a href=\"https:\/\/lopezdoriga.com\/internacional\/texas-seguira-pelea-mantener-barrera-boyas-rio-bravo\/\" target=\"_blank\" rel=\"noopener\">Gobierno de\u00a0<strong>Texas<\/strong><\/a>\u00a0coloc\u00f3 una\u00a0<strong>tercera barrera<\/strong>\u00a0de\u00a0<strong>alambre de navajas<\/strong>\u00a0en el\u00a0<strong>r\u00edo Bravo<\/strong>\u00a0(o Grande), en la\u00a0<strong>frontera<\/strong>\u00a0con\u00a0<strong>M\u00e9xico<\/strong>, pese a las cr\u00edticas del Gobierno mexicano y los riesgos para\u00a0<strong>migrantes<\/strong>, seg\u00fan constat\u00f3 este mi\u00e9rcoles EFE en\u00a0<strong>Ciudad Ju\u00e1rez.<\/strong><\/p>\n<p>Activistas se\u00f1alaron que estas medidas del gobernador de Texas, el republicano\u00a0<strong>Greg Abbott<\/strong>, son \u201cinhumanas\u201d y atentan contra los m\u00e1s vulnerables, como los ni\u00f1os, adem\u00e1s de herir a quienes se atreven a cruzar la alambrada y orillar a otros a buscar caminos m\u00e1s peligrosos donde quedan a merced de la delincuencia organizada.<\/p>\n<div>\n<p>El pastor<strong>\u00a0Francisco Gonz\u00e1lez<\/strong>, director de la\u00a0<strong>Red de Albergues Somos Uno por Ju\u00e1rez<\/strong>, indic\u00f3 a EFE que \u201ces muy lamentable\u201d que Estados Unidos permita estas barreras que han heridos a cientos de migrantes y han provocado la muerte de varios.<\/p>\n<p>\u201cTenemos grupos de WhatsApp para ayudar espiritualmente (a migrantes), algunos siguen conectando para pedir una oraci\u00f3n y son quienes nos comentan, de repente, que les sucedi\u00f3 tal cosa y que s\u00ed estuvo m\u00e1s peligroso y por eso tenemos ese dato de heridos\u201d, indic\u00f3 el religioso, quien coordina 12 albergues que reciben a migrantes.<\/p>\n<p>Los choques entre M\u00e9xico y Texas crecen desde que en julio de 2023, cuando el gobernador Abbott instal\u00f3 los alambres de navajas y un cerco de boyas en el fronterizo r\u00edo Bravo, algo que el presidente\u00a0<strong><a href=\"https:\/\/twitter.com\/lopezobrador_\" target=\"_blank\" rel=\"noopener noreferrer\">Andr\u00e9s Manuel<\/a>\u00a0L\u00f3pez Obrador<\/strong>\u00a0ha tachado de \u201cinhumano\u201d y ha atribuido a las elecciones presidenciales de Estados Unidos de 2024.<\/p>\n<p>Texas desafi\u00f3 \u00f3rdenes del Gobierno de Estados Unidos y de la Suprema Corte, as\u00ed como los reclamos diplom\u00e1ticos de M\u00e9xico, para quitar el cerco, que ha contribuido a las muertes de migrantes, como ocurri\u00f3 el pasado 14 de enero con una mexicana y sus dos hijos que se ahogaron en Piedras Negras, Coahuila.<\/p>\n<blockquote><p>Ahora que han puesto ya triple alambrada es m\u00e1s complicado, es m\u00e1s riesgoso y eso no va a detener que ellos desistan de ir para all\u00e1, sabemos que no va a ser as\u00ed, por lo complicado que est\u00e1 en sus pa\u00edses, van a seguir intentando lograrlo\u201d, coment\u00f3 el pastor Gonz\u00e1lez.<\/p><\/blockquote>\n<div class=\"col-12 col-lg-8\">\n<div class=\"article-content\">\n<p>El religioso indic\u00f3 que esto \u201cabre la puerta esto para que la gente que se dedica al tr\u00e1fico de personas, los mentados coyotes, hagan su agosto (negocio)\u201d.<\/p>\n<p><strong>Juan Carlos L\u00f3pez Morales<\/strong>, portavoz de la\u00a0<strong>Di\u00f3cesis de Ciudad Ju\u00e1rez<\/strong>, expres\u00f3 que Estados Unidos debe dejar de ver a los migrantes como un problema, pues son seres humanos que buscan una soluci\u00f3n a sus necesidades, a sus carencias y a la violencia.<\/p>\n<p>\u201cDe por s\u00ed, ya la migraci\u00f3n es arriesgada, salir del pa\u00eds, la cultura, la soledad, la familia, la delincuencia, esto es un obst\u00e1culo final\u201d, dijo el vocero de la iglesia en Ju\u00e1rez.<\/p>\n<p>Coincidi\u00f3 en que estas barreras \u201cno desaniman al migrante para hacer su esfuerzo, no los desalienta, simplemente les complica\u201d.<\/p>\n<p>Con informaci\u00f3n de EFE<\/p>\n<div id=\"ros-inread-multiple-p7eyk4\" class=\"ad-container dfp-ad-unit ad-inread\" data-ad-type=\"inreadbox\" data-slot=\"inread-multiple\" data-ad-loaded=\"1\" data-ad-setup=\"{&quot;postID&quot;:1641830,&quot;canRefresh&quot;:false,&quot;infinitescroll&quot;:false}\">\n<div id=\"google_ads_iframe_\/76814929\/ld\/inread-multiple_1__container__\"><\/div>\n<\/div>\n<\/div>\n<\/div>\n<div class=\"col-12 col-lg-4 d-none d-lg-block\">\n<div class=\"sidebar-content-area\">\n<div class=\"wa-widget--recientes\"><\/div>\n<\/div>\n<\/div>\n<\/div>\n","protected":false},"excerpt":{"rendered":"<p>El Gobierno de Texas coloc\u00f3 una tercera barrera de alambre de navajas en el r\u00edo Bravo (o Grande), en la frontera con M\u00e9xico, pese a las cr\u00edticas del Gobierno mexicano y los riesgos para migrantes, seg\u00fan constat\u00f3 este mi\u00e9rcoles EFE en Ciudad Ju\u00e1rez. Activistas se\u00f1alaron que estas medidas del gobernador de Texas, el republicano Greg \u2026 El\u00a0Gobierno de\u00a0Texas\u00a0coloc\u00f3 una\u00a0tercera barrera\u00a0de\u00a0alambre de navajas\u00a0en el\u00a0r\u00edo Bravo\u00a0(o Grande), en la\u00a0frontera\u00a0con\u00a0M\u00e9xico, pese a las cr\u00edticas del Gobierno mexicano y los riesgos para\u00a0migrantes, seg\u00fan constat\u00f3 este mi\u00e9rcoles EFE en\u00a0Ciudad Ju\u00e1rez. Activistas se\u00f1alaron que estas medidas del gobernador de Texas, el republicano\u00a0Greg Abbott, son \u201cinhumanas\u201d y [&hellip;]<\/p>\n","protected":false},"author":3,"featured_media":100852,"comment_status":"open","ping_status":"open","sticky":false,"template":"","format":"standard","meta":{"_jetpack_newsletter_access":"","_jetpack_dont_email_post_to_subs":false,"_jetpack_newsletter_tier_id":0,"_jetpack_memberships_contains_paywalled_content":false,"_jetpack_feature_clip_id":0,"_jetpack_memberships_contains_paid_content":false,"footnotes":"","jetpack_publicize_message":"","jetpack_publicize_feature_enabled":true,"jetpack_social_post_already_shared":true,"jetpack_social_options":{"image_generator_settings":{"template":"highway","default_image_id":0,"font":"","enabled":false},"version":2},"jetpack_post_was_ever_published":false},"categories":[75,72],"tags":[],"class_list":["post-100851","post","type-post","status-publish","format-standard","has-post-thumbnail","hentry","category-nacional","category-portada","post--single"],"jetpack_publicize_connections":[],"jetpack_featured_media_url":"https:\/\/ovelanalista.com\/wp-content\/uploads\/2024\/08\/texas-alambrada-frontera-mexico-ciudad-juarez.webp","jetpack_sharing_enabled":true,"_links":{"self":[{"href":"https:\/\/ovelanalista.com\/index.php?rest_route=\/wp\/v2\/posts\/100851","targetHints":{"allow":["GET"]}}],"collection":[{"href":"https:\/\/ovelanalista.com\/index.php?rest_route=\/wp\/v2\/posts"}],"about":[{"href":"https:\/\/ovelanalista.com\/index.php?rest_route=\/wp\/v2\/types\/post"}],"author":[{"embeddable":true,"href":"https:\/\/ovelanalista.com\/index.php?rest_route=\/wp\/v2\/users\/3"}],"replies":[{"embeddable":true,"href":"https:\/\/ovelanalista.com\/index.php?rest_route=%2Fwp%2Fv2%2Fcomments&post=100851"}],"version-history":[{"count":1,"href":"https:\/\/ovelanalista.com\/index.php?rest_route=\/wp\/v2\/posts\/100851\/revisions"}],"predecessor-version":[{"id":100854,"href":"https:\/\/ovelanalista.com\/index.php?rest_route=\/wp\/v2\/posts\/100851\/revisions\/100854"}],"wp:featuredmedia":[{"embeddable":true,"href":"https:\/\/ovelanalista.com\/index.php?rest_route=\/wp\/v2\/media\/100852"}],"wp:attachment":[{"href":"https:\/\/ovelanalista.com\/index.php?rest_route=%2Fwp%2Fv2%2Fmedia&parent=100851"}],"wp:term":[{"taxonomy":"category","embeddable":true,"href":"https:\/\/ovelanalista.com\/index.php?rest_route=%2Fwp%2Fv2%2Fcategories&post=100851"},{"taxonomy":"post_tag","embeddable":true,"href":"https:\/\/ovelanalista.com\/index.php?rest_route=%2Fwp%2Fv2%2Ftags&post=100851"}],"curies":[{"name":"wp","href":"https:\/\/api.w.org\/{rel}","templated":true}]}}