{"id":100858,"date":"2024-08-12T09:59:33","date_gmt":"2024-08-12T15:59:33","guid":{"rendered":"https:\/\/ovelanalista.com\/?p=100858"},"modified":"2024-08-12T09:59:33","modified_gmt":"2024-08-12T15:59:33","slug":"estallo-el-escandalo-rocha-niega-todo-y-pide-a-la-fgr-atraer-el-caso-cuen-el-agandalle-legislativo-inicio-en-sinaloa","status":"publish","type":"post","link":"https:\/\/ovelanalista.com\/?p=100858","title":{"rendered":"Estall\u00f3 el esc\u00e1ndalo; Rocha niega todo y pide a la FGR atraer el caso Cu\u00e9n; El agandalle legislativo inici\u00f3 en Sinaloa"},"content":{"rendered":"<p>DOMINGRILLA<\/p>\n<p><strong>FRANCISCO CHIQUETE<\/strong><br \/>\nSinaloa est\u00e1 metido en uno de los problemas pol\u00edticos m\u00e1s fuertes de su historia. No se trata de las personalidades presuntamente involucradas, sino de las implicaciones que tienen las presuntas declaraciones del Mayo Zambada, al presentarse como v\u00edctima de un secuestro cuando se preparaba para mediar en el problema pol\u00edtico existente entre H\u00e9ctor Melesio Cu\u00e9n Ojeda y el gobernador Rub\u00e9n Rocha Moya.<br \/>\nLa carta con que Zambada presenta su posici\u00f3n muestra lo que tanto se ha negado: la presencia del crimen organizado en decisiones centrales de la vida p\u00fablica sinaloense. Las acusaciones de esa situaci\u00f3n son frecuentes para el \u00e1mbito nacional, s\u00f3lo que sin un fondo declarativo tan impactante como el que proviene del jefe m\u00e1s longevo del mundillo delictivo.<br \/>\nHasta hoy, la pol\u00e9mica se ha centrado en el supuesto de que Zambada baj\u00f3 de sus escondites para reunirse con H\u00e9ctor Melesio Cu\u00e9n Ojeda y el gobernador Rub\u00e9n Rocha Moya, a instancias de Joaqu\u00edn Guzm\u00e1n L\u00f3pez, en condiciones de mediaci\u00f3n. Cu\u00e9n ya no est\u00e1 aqu\u00ed para defenderse y el gobernador sostiene que es falso, que \u00e9l no ten\u00eda disposici\u00f3n ni conocimiento de la reuni\u00f3n y ni siquiera se encontraba en Sinaloa en la fecha de los hechos -el 25 de julio pasado-.<br \/>\nHay quienes encuentran intencionalidad en el hecho de que esta carta tan reveladora aparezca precisamente cuando el presidente casi saliente y la presidenta entrante se encuentran en Sinaloa, estado al que se considera epicentro no s\u00f3lo del narcotr\u00e1fico, sino de los acontecimientos tan discutidos, como la detenci\u00f3n del Mayo y la entrega voluntaria de Guzm\u00e1n L\u00f3pez.<br \/>\nPor principio de cuentas, est\u00e1 el caso de Cu\u00e9n: si como afirma Zambada, fue baleado en el lugar donde iba a ser la reuni\u00f3n \u00bfpor qu\u00e9 la Fiscal\u00eda da por buena la versi\u00f3n de un asalto en una gasolinera del p\u00e1ramo lejano? \u00bfPorque la fiscal sostiene que hay testigos de que los asaltantes en motocicleta existieron y actuaron?<br \/>\nEl problema de la fiscal es que dice tener un video que, como las actas electorales de Maduro, nom\u00e1s no aparecen.<br \/>\nEl otro lado es la referencia al gobernador, a quien Zambada consideraba parte del encuentro. En realidad, no hay una precisi\u00f3n realmente contundente. A Zambada le dijeron que Rocha estar\u00eda, pero como se dice en este gobierno, \u201cno hay pruebas\u201d. El problema es que a Rocha ya lo pusieron en la duda p\u00fablica, en que de por s\u00ed ya se encontraba por el mero hecho de haber sido enemigo pol\u00edtico de Cu\u00e9n, al momento de su asesinato.<br \/>\nFue evidente que Rocha recibi\u00f3 el espaldarazo pleno del presidente saliente y de la presidenta electa ante esta referencia de la supuesta reuni\u00f3n. Ambos dejaron cualquier expresi\u00f3n sobre el tema para despu\u00e9s que el propio gobernador diera sus puntos de vista y finalmente hicieron sentir que no tomaban en cuenta los se\u00f1alamientos.<br \/>\nA Rocha se le abri\u00f3 la oportunidad de defenderse, delante de ellos, en el evento \u00fanico de la visita presidencial: la inauguraci\u00f3n del Hospital General de Culiac\u00e1n. Por supuesto, el tema era la salud, el vuelo maravilloso de nuestro pa\u00eds hacia los niveles de Dinamarca, al que habremos de arribar plenamente tan pronto como llegue el mes de septiembre, pero tambi\u00e9n se habl\u00f3 de cr\u00edmenes.<br \/>\nRocha aprovech\u00f3 la oportunidad y por primera vez en mucho tiempo le escuchamos un discurso vigoroso, plenamente audible y sin las interrupciones o disgresiones frecuentes de sus intervenciones, negando cualquier eventualidad en la reuni\u00f3n tan citada y rechazando todo trato y relaci\u00f3n con el crimen organizado.<br \/>\nLe hac\u00eda falta ser as\u00ed de enf\u00e1tico en este tema, pues a partir del crimen que seg\u00f3 la vida de Cu\u00e9n Ojeda, hab\u00eda mantenido un perfil bajo a pesar de que todas las bater\u00edas pol\u00edticas enemigas se orientaron contra \u00e9l. Obviamente no va a convencer a sus cr\u00edticos y siendo un caso tan poderoso, las dudas van a permanecer por largo tiempo, pero fue una buena intervenci\u00f3n, al menos en la primera parte- En la segunda ya se desentendi\u00f3 del tema principal y se dedic\u00f3 a cortejar al presidente con las f\u00f3rmulas imperdibles entre los pol\u00edticos de la cuarta transformaci\u00f3n, incluyendo la cantata del sexenio, aquella del \u201ces un honor estar con Obrador\u201d, a la que por supuesto, se hizo un a\u00f1adido oportun\u00edsimo: \u201cy ahora tambi\u00e9n con Claudia\u201d.<br \/>\nEn resumen, Rocha pas\u00f3 el examen con los presidentes y con ese cargamento en las alforjas puede dar la pelea contra quienes van a insistir en aprovechar los dichos del jefe hist\u00f3rico del cartel.<br \/>\n\u00bfPOR AH\u00cd VIENE<br \/>\nGERTZ MANERO?<br \/>\nComo prueba de su disposici\u00f3n a que se hagan las investigaciones que se consideren procedentes, Rocha pidi\u00f3 al presidente intervenir para que la Fiscal\u00eda General de la Rep\u00fablica atraiga el caso de Cu\u00e9n Ojeda y lo esclarezca. Seguramente el presidente atender\u00e1 la petici\u00f3n, si no es que ya la ten\u00eda instru8mentada desde que aparecieron las famosas cartas.<br \/>\nEs una buena medida para el gobierno local, que as\u00ed se quita el compromiso de dar resultados inmediatos en un asunto del que evidentemente no tiene una idea clara de lo acontecido, o no ha tenido posibilidades de decid toda la verdad.<br \/>\nYa la fiscal Sara Bruna dio una primera salidita de costado, al insistir en que la muerte del fundador del PAS ocurri\u00f3 como se dijo al principio, durante un intento de robo de veh\u00edculo (al que Cu\u00e9n se habr\u00eda resistido), pero con una duda adicional (m\u00e1s que un dato, aunque era una especie de ofrecimiento): \u201cya lo que haya habido detr\u00e1s de ese intento de asalto, es otra cosa\u201d.<br \/>\nPues esa otra cosa y cualquiera otra posible ten\u00eda que haberla aclarado la se\u00f1ora fiscal, pero parece que no la capacitaron muy bien en sus funciones, porque sigue pensando como si no fuese a ella a quien corresponde la obligaci\u00f3n de indagar, aclarar los acontecimientos, y procurar que se apliquen las sanciones correspondientes.<br \/>\nEl esc\u00e1ndalo y los jaloneos van a seguir por mucho tiempo, pues este caso es uno de esos en que a\u00fan presentando una verdad asequible, entendible, la gente no estar\u00e1 dispuesta a aceptarla y seguir\u00e1 consumiendo cada versi\u00f3n que hable de complots.<br \/>\nEL TESIN, COMO<br \/>\nLA BORRACHITA<br \/>\nSinaloa ha sido parte eficiente de los experimentos de Morena con el juego pol\u00edtico legal y metalegal. Ah\u00ed est\u00e1 el eficaz desmantelamiento del PRI, ejecutado aqu\u00ed antes de que Alito empezara el suyo; ah\u00ed est\u00e1 la competencia con candidatos alternos que le quitaran votos a la oposici\u00f3n, con el Verde Ecologista. Y ahora, con el agandalle de diputaciones locales, como si necesitaran para algo quedarse con las curules de otros.<br \/>\nAl Tribunal Electoral de Sinaloa no le result\u00f3 suficiente que el oficialismo tuviese veintiocho diputados contra apenas doce de la oposici\u00f3n. Tambi\u00e9n le concedi\u00f3 tres adicionales con los que, as\u00f3mbrese usted, por fin se quitar\u00eda la mala suerte el dirigente estatal Manuel de Jes\u00eds Guerrero Verdugo, quien le tir\u00f3 a todas y no le hab\u00eda pegado a ninguna. Por supuesto, a los dem\u00e1s partidos les quedan s\u00f3lo nueve en conjunto.<br \/>\nPero aqu\u00ed el Meny es lo de menos. Lo importante es ir avanzando en el avasallamiento de los espacios para construir el partido \u00fanico que parec\u00eda destruido con la decadencia del PRI. As\u00ed como los magistrados de \u201ceste rinc\u00f3n de la patria\u201d construyen la s\u00faoer-s\u00faper mayor\u00eda morenista, as\u00ed ocurrir\u00e1 tambi\u00e9n en el \u00e1mbito nacional.<br \/>\nCuando empez\u00f3 a discutirse el reparto desproporcionado de los espacios legislativos, el peleonero Gerardo Fern\u00e1ndez Noro\u00f1a dijo que s\u00ed, que hab\u00eda una sobre representaci\u00f3n de su partido y aliados, pero que as\u00ed estaba la ley y que ya m\u00e1s adelante la cuarta transformaci\u00f3n legislar\u00eda para corregir eso, pero que por lo pronto se acatar\u00eda el mandato.<br \/>\nPero ante las fuertes cr\u00edticas de la opini\u00f3n p\u00fablica, Morena ha procurado darle cartas de naturalizaci\u00f3n a lo que es un agandalle, y hoy Fern\u00e1ndez Noro\u00f1a dice que la sobre representaci\u00f3n no existe. Y si usted no le quiere creer a Noro\u00f1a. Cheque la reciente declaraci\u00f3n de la ya casi presidenta electa, Claudia Sheinbaum, quien dice que no, que el reparto (dado a conocer por la secretaria de Gobernaci\u00f3n) no es sobre representaci\u00f3n, sino mandato del pueblo de M\u00e9xico, mandato al que van a defender.<br \/>\nNOS QUEDAMOS<br \/>\nCORTOS: ANA G<br \/>\nLa inefable titular de la Codeme y responsable de la pol\u00edtica nacional en materia del deporte, Ana Gabriela Guevara, dijo que \u201cnos quedamos cortos\u201d en materia de medallas ol\u00edmpicas ganadas. A juzgar \u00b4por su desempe\u00f1o, su desapego a los atletas, su negativa a otorgar los apoyos econ\u00f3micos necesarios para que nuestros atletas tuviesen una mejor preparaci\u00f3n, no s\u00f3lo no \u201cnos quedamos cortos\u201d, sino que los muchachos hicieron gracia.<br \/>\nA ra\u00edz de la exitosa incursi\u00f3n de nuestro paisano Marco Verde en el box ol\u00edmpico, hemos conocido ofrecimientos generosos de recompensas por el nivel alcanzado, lo que sin duda es un acto de justicia. De Verde y su familia se ha dicho que vendieron un coche para solventar los gastos del viaje, equipamiento y preparaci\u00f3n, por lo que alg\u00fan empresario ofrece donarle un autom\u00f3vil, y tambi\u00e9n hay ofertas de dinero, de gasolina, en fin, que entre eso y los apoyos oficiales, la familia podr\u00e1 estabilizarse o garantizar la continuidad de los estudios o de la carrera box\u00edstica de este joven.<br \/>\nLa cosa es que si el gobierno no responde, los empresarios que ahora participan debieran hacerlo de manera m\u00e1s permanente, con una programaci\u00f3n que permita a los deportistas disponer de becas, de espacios de capacitaci\u00f3n, de oportunidades en general. Por supuesto, las recompensas son muy buenas, pero tendr\u00eda que haber algo m\u00e1s planeado para que dejemos de quedar hasta abajo en el medallero y todav\u00eda m\u00e1s importante: para que las carreras de maestros talentos deportivos no se frustren por falta de recursos que individualmente no son nada cuantiosos.<\/p>\n","protected":false},"excerpt":{"rendered":"<p>DOMINGRILLA FRANCISCO CHIQUETE Sinaloa est\u00e1 metido en uno de los problemas pol\u00edticos m\u00e1s fuertes de su historia. No se trata de las personalidades presuntamente involucradas, sino de las implicaciones que tienen las presuntas declaraciones del Mayo Zambada, al presentarse como v\u00edctima de un secuestro cuando se preparaba para mediar en el problema pol\u00edtico existente entre H\u00e9ctor Melesio Cu\u00e9n Ojeda y el gobernador Rub\u00e9n Rocha Moya. La carta con que Zambada presenta su posici\u00f3n muestra lo que tanto se ha negado: la presencia del crimen organizado en decisiones centrales de la vida p\u00fablica sinaloense. Las acusaciones de esa situaci\u00f3n son frecuentes [&hellip;]<\/p>\n","protected":false},"author":3,"featured_media":51785,"comment_status":"open","ping_status":"open","sticky":false,"template":"","format":"standard","meta":{"_jetpack_newsletter_access":"","_jetpack_dont_email_post_to_subs":false,"_jetpack_newsletter_tier_id":0,"_jetpack_memberships_contains_paywalled_content":false,"_jetpack_feature_clip_id":0,"_jetpack_memberships_contains_paid_content":false,"footnotes":"","jetpack_publicize_message":"","jetpack_publicize_feature_enabled":true,"jetpack_social_post_already_shared":true,"jetpack_social_options":{"image_generator_settings":{"template":"highway","default_image_id":0,"font":"","enabled":false},"version":2},"jetpack_post_was_ever_published":false},"categories":[79],"tags":[],"class_list":["post-100858","post","type-post","status-publish","format-standard","has-post-thumbnail","hentry","category-columnistas-nacionales","post--single"],"jetpack_publicize_connections":[],"jetpack_featured_media_url":"https:\/\/ovelanalista.com\/wp-content\/uploads\/2022\/09\/DOMINGRILLA-1.png","jetpack_sharing_enabled":true,"_links":{"self":[{"href":"https:\/\/ovelanalista.com\/index.php?rest_route=\/wp\/v2\/posts\/100858","targetHints":{"allow":["GET"]}}],"collection":[{"href":"https:\/\/ovelanalista.com\/index.php?rest_route=\/wp\/v2\/posts"}],"about":[{"href":"https:\/\/ovelanalista.com\/index.php?rest_route=\/wp\/v2\/types\/post"}],"author":[{"embeddable":true,"href":"https:\/\/ovelanalista.com\/index.php?rest_route=\/wp\/v2\/users\/3"}],"replies":[{"embeddable":true,"href":"https:\/\/ovelanalista.com\/index.php?rest_route=%2Fwp%2Fv2%2Fcomments&post=100858"}],"version-history":[{"count":1,"href":"https:\/\/ovelanalista.com\/index.php?rest_route=\/wp\/v2\/posts\/100858\/revisions"}],"predecessor-version":[{"id":100859,"href":"https:\/\/ovelanalista.com\/index.php?rest_route=\/wp\/v2\/posts\/100858\/revisions\/100859"}],"wp:featuredmedia":[{"embeddable":true,"href":"https:\/\/ovelanalista.com\/index.php?rest_route=\/wp\/v2\/media\/51785"}],"wp:attachment":[{"href":"https:\/\/ovelanalista.com\/index.php?rest_route=%2Fwp%2Fv2%2Fmedia&parent=100858"}],"wp:term":[{"taxonomy":"category","embeddable":true,"href":"https:\/\/ovelanalista.com\/index.php?rest_route=%2Fwp%2Fv2%2Fcategories&post=100858"},{"taxonomy":"post_tag","embeddable":true,"href":"https:\/\/ovelanalista.com\/index.php?rest_route=%2Fwp%2Fv2%2Ftags&post=100858"}],"curies":[{"name":"wp","href":"https:\/\/api.w.org\/{rel}","templated":true}]}}