{"id":100984,"date":"2024-08-13T11:30:47","date_gmt":"2024-08-13T17:30:47","guid":{"rendered":"https:\/\/ovelanalista.com\/?p=100984"},"modified":"2024-08-13T10:11:14","modified_gmt":"2024-08-13T16:11:14","slug":"vinculan-a-proceso-a-hector-melesio-cuen-diaz-exdirector-de-bienes-y-suministros-de-la-uas-por-negociaciones-ilicitas","status":"publish","type":"post","link":"https:\/\/ovelanalista.com\/?p=100984","title":{"rendered":"Vinculan a proceso a H\u00e9ctor Melesio Cu\u00e9n D\u00edaz, exdirector de Bienes y Suministros de la UAS, por negociaciones il\u00edcitas"},"content":{"rendered":"<div class=\"entry-grid__content-area entry-main-text\">\n<header class=\"entry-header mb-4\">\n<div class=\"entry-info entry-info-header mb-0 mb-lg-2\">\n<div class=\"entry-excerpt px-0 pb-3\">\n<p>Cu\u00e9n D\u00edaz\u00a0seguir\u00e1 su proceso en libertad y se le impusieron medidas como acudir a firmar de manera mensual y la prohibici\u00f3n de salir de M\u00e9xico sin autorizaci\u00f3n del juez. Se establecieron tres meses para la investigaci\u00f3n complementaria<\/p>\n<p>&nbsp;<\/p>\n<div class=\"article-item__date mb-auto align-self-center pb-2\">agosto 12, 2024<\/div>\n<\/div>\n<\/div>\n<\/header>\n<\/div>\n<div class=\"entry-grid__content-area2 entry-main-text\">\n<div class=\"row\">\n<div class=\"col-12 col-lg-8\">\n<div class=\"article-content\">\n<p><strong>H\u00e9ctor Melesio Cu\u00e9n D\u00edaz<\/strong>, exdirector de Bienes y Suministros de la\u00a0<strong>Universidad Aut\u00f3noma de Sinaloa<\/strong>\u00a0(<strong>UAS<\/strong>), fue vinculado a proceso por el delito de\u00a0<strong>negociaciones il\u00edcitas<\/strong>.<\/p>\n<p><strong>Cu\u00e9n D\u00edaz\u00a0<\/strong>seguir\u00e1 su proceso en libertad y se le impusieron medidas como acudir a firmar de manera mensual y la prohibici\u00f3n de salir de M\u00e9xico sin autorizaci\u00f3n del juez. Se establecieron tres meses para la investigaci\u00f3n complementaria.<\/p>\n<p>De acuerdo con la\u00a0<strong>Fiscal\u00eda estatal<\/strong>, el hijo de\u00a0<strong>H\u00e9ctor Cu\u00e9n Ojeda<\/strong>\u00a0(exrector de la UAS) est\u00e1 implicado en la adquisici\u00f3n del\u00a0<strong>servicio<\/strong>\u00a0de\u00a0<strong>restaurante-bar<\/strong>\u00a0realizado a trav\u00e9s de trabajadores de la UAS. La autoridad se\u00f1ala que los empleados realizaban el consumo de alimentos y bebidas en la sociedad mercantil denominada\u00a0<strong>Inmobiliaria Luis XV S.A. de C.V.<\/strong>\u00a0(conocido como \u2018<strong>Restaurante Casa Mar\u00eda<\/strong>\u2018) y pidiendo que el consumo se facturara a nombre de la\u00a0<strong>universidad<\/strong>.<\/p>\n<div id=\"ros-inread-zvsvbr\" class=\"ad-container dfp-ad-unit ad-inread ad-main-inread ad-slot\" data-ad-type=\"inread\" data-slot=\"inread\" data-ad-loaded=\"1\" data-ad-setup=\"{&quot;postID&quot;:1643145,&quot;canRefresh&quot;:false,&quot;infinitescroll&quot;:false}\" data-google-query-id=\"CKPksIyq8ocDFbygAAAdsPEEAg\">\n<div id=\"google_ads_iframe_\/76814929\/ld\/inread_0__container__\"><\/div>\n<\/div>\n<p>En 2021, se emitieron 170 facturas a nombre de la UAS por un monto de un mill\u00f3n 274 mil 80 pesos; en el 2022, fueron 428 facturas por 382 mil 299 pesos. En total, se emitieron 598 facturas emitidas por un mill\u00f3n 447 mil 671 pesos.<\/p>\n<p>De las facturas emitidas a la universidad, se cancel\u00f3 el 20 de mayo del 2023\u00a0una factura por el monto de un mill\u00f3n 145 mil pesos que se expidi\u00f3 un a\u00f1o y ocho meses antes, el 25 de agosto 2021. Esta cancelaci\u00f3n se dio dos d\u00edas despu\u00e9s de la publicaci\u00f3n que se realizaran diversos medios de comunicaci\u00f3n sobre que una\u00a0<strong>inmobiliaria<\/strong>\u00a0cobr\u00f3 1.7 millones de pesos a la\u00a0<strong>UAS<\/strong>.<\/p>\n<p>La Fiscal\u00eda acusa irregularidades en la operaci\u00f3n, debido a que la factura se pag\u00f3 en efectivo y la cancelaci\u00f3n fue extempor\u00e1nea.<\/p>\n<p>Con informaci\u00f3n de R\u00edoDoce<\/p>\n<\/div>\n<\/div>\n<\/div>\n<\/div>\n","protected":false},"excerpt":{"rendered":"<p>Cu\u00e9n D\u00edaz\u00a0seguir\u00e1 su proceso en libertad y se le impusieron medidas como acudir a firmar de manera mensual y la prohibici\u00f3n de salir de M\u00e9xico sin autorizaci\u00f3n del juez. Se establecieron tres meses para la investigaci\u00f3n complementaria &nbsp; agosto 12, 2024 H\u00e9ctor Melesio Cu\u00e9n D\u00edaz, exdirector de Bienes y Suministros de la\u00a0Universidad Aut\u00f3noma de Sinaloa\u00a0(UAS), fue vinculado a proceso por el delito de\u00a0negociaciones il\u00edcitas. Cu\u00e9n D\u00edaz\u00a0seguir\u00e1 su proceso en libertad y se le impusieron medidas como acudir a firmar de manera mensual y la prohibici\u00f3n de salir de M\u00e9xico sin autorizaci\u00f3n del juez. Se establecieron tres meses para la investigaci\u00f3n [&hellip;]<\/p>\n","protected":false},"author":3,"featured_media":0,"comment_status":"open","ping_status":"open","sticky":false,"template":"","format":"standard","meta":{"_jetpack_newsletter_access":"","_jetpack_dont_email_post_to_subs":false,"_jetpack_newsletter_tier_id":0,"_jetpack_memberships_contains_paywalled_content":false,"_jetpack_feature_clip_id":0,"_jetpack_memberships_contains_paid_content":false,"footnotes":"","jetpack_publicize_message":"","jetpack_publicize_feature_enabled":true,"jetpack_social_post_already_shared":true,"jetpack_social_options":{"image_generator_settings":{"template":"highway","default_image_id":0,"font":"","enabled":false},"version":2},"jetpack_post_was_ever_published":false},"categories":[75],"tags":[],"class_list":["post-100984","post","type-post","status-publish","format-standard","hentry","category-nacional","post--single"],"jetpack_publicize_connections":[],"jetpack_featured_media_url":"","jetpack_sharing_enabled":true,"_links":{"self":[{"href":"https:\/\/ovelanalista.com\/index.php?rest_route=\/wp\/v2\/posts\/100984","targetHints":{"allow":["GET"]}}],"collection":[{"href":"https:\/\/ovelanalista.com\/index.php?rest_route=\/wp\/v2\/posts"}],"about":[{"href":"https:\/\/ovelanalista.com\/index.php?rest_route=\/wp\/v2\/types\/post"}],"author":[{"embeddable":true,"href":"https:\/\/ovelanalista.com\/index.php?rest_route=\/wp\/v2\/users\/3"}],"replies":[{"embeddable":true,"href":"https:\/\/ovelanalista.com\/index.php?rest_route=%2Fwp%2Fv2%2Fcomments&post=100984"}],"version-history":[{"count":1,"href":"https:\/\/ovelanalista.com\/index.php?rest_route=\/wp\/v2\/posts\/100984\/revisions"}],"predecessor-version":[{"id":100991,"href":"https:\/\/ovelanalista.com\/index.php?rest_route=\/wp\/v2\/posts\/100984\/revisions\/100991"}],"wp:attachment":[{"href":"https:\/\/ovelanalista.com\/index.php?rest_route=%2Fwp%2Fv2%2Fmedia&parent=100984"}],"wp:term":[{"taxonomy":"category","embeddable":true,"href":"https:\/\/ovelanalista.com\/index.php?rest_route=%2Fwp%2Fv2%2Fcategories&post=100984"},{"taxonomy":"post_tag","embeddable":true,"href":"https:\/\/ovelanalista.com\/index.php?rest_route=%2Fwp%2Fv2%2Ftags&post=100984"}],"curies":[{"name":"wp","href":"https:\/\/api.w.org\/{rel}","templated":true}]}}