{"id":100990,"date":"2024-08-13T11:40:02","date_gmt":"2024-08-13T17:40:02","guid":{"rendered":"https:\/\/ovelanalista.com\/?p=100990"},"modified":"2024-08-13T10:12:18","modified_gmt":"2024-08-13T16:12:18","slug":"exgobernantes-urgen-a-brasil-colombia-y-mexico-que-exijan-actas-de-votacion-a-maduro","status":"publish","type":"post","link":"https:\/\/ovelanalista.com\/?p=100990","title":{"rendered":"Exgobernantes urgen a Brasil, Colombia y M\u00e9xico que exijan actas de votaci\u00f3n a Maduro"},"content":{"rendered":"<div class=\"entry-grid__content-area entry-main-text\">\n<header class=\"entry-header mb-4\">\n<div class=\"entry-info entry-info-header mb-0 mb-lg-2\">\n<div class=\"entry-excerpt px-0 pb-3\">\n<p>Exgobernantes consideran que Gobiernos de Brasil, Colombia y M\u00e9xico tienen la \u201cobligaci\u00f3n\u201d de exigir a Maduro las actas de votaci\u00f3n<\/p>\n<p>&nbsp;<\/p>\n<div class=\"article-item__date mb-auto align-self-center pb-2\">agosto 13, 2024<\/div>\n<\/div>\n<\/div>\n<\/header>\n<\/div>\n<div class=\"entry-grid__content-area2 entry-main-text\">\n<div class=\"row\">\n<div class=\"col-12 col-lg-8\">\n<div class=\"article-content\">\n<p>La<strong>\u00a0Iniciativa Democr\u00e1tica de Espa\u00f1a y las Am\u00e9ricas<\/strong>\u00a0(<strong>IDEA<\/strong>), formada por\u00a0<strong>37<\/strong>\u00a0<strong>exgobernantes<\/strong>, urgi\u00f3 a los Gobiernos de\u00a0<strong>Brasil, Colombia\u00a0<\/strong>y<strong>\u00a0M\u00e9xico<\/strong>, a los que define como \u201cmediadores a ritmo lento con la tiran\u00eda\u201d de\u00a0<strong>Venezuela<\/strong>, que reclamen al presidente\u00a0<a href=\"https:\/\/lopezdoriga.com\/internacional\/eeuu-niega-haber-ofrecido-amnistia-maduro-deje-poder-venezuela\/\" target=\"_blank\" rel=\"noopener\"><strong>Nicol\u00e1s Maduro<\/strong><\/a>\u00a0las<strong>\u00a0actas de las elecciones<\/strong>\u00a0del 28 de julio pasado.<\/p>\n<blockquote><p>Hay que ponerle fin a la tragedia que deja miles de v\u00edctimas en Venezuela y le niega su derecho a una transici\u00f3n hacia la democracia en paz\u201d, dice un comunicado del grupo IDEA.<\/p><\/blockquote>\n<p>Los exjefes de Estado y de Gobierno de IDEA consideran que los Gobiernos de Brasil, Colombia y M\u00e9xico tienen la \u201cobligaci\u00f3n\u201d de exigir a Maduro que les \u201cpresente a ellos y sus organismos electorales, ya mismo la actas de votaci\u00f3n mesa por mesa y discriminadas, hasta el presente ocultadas por el Poder Electoral\u201d venezolano.<\/p>\n<div id=\"ros-inread-ph7bfr\" class=\"ad-container dfp-ad-unit ad-inread ad-main-inread ad-slot\" data-ad-type=\"inread\" data-slot=\"inread\" data-ad-loaded=\"1\" data-ad-setup=\"{&quot;postID&quot;:1643157,&quot;canRefresh&quot;:false,&quot;infinitescroll&quot;:false}\" data-google-query-id=\"CLfvtOSt8ocDFbmPpgQd8CQ4sQ\">\n<div id=\"google_ads_iframe_\/76814929\/ld\/inread_0__container__\"><iframe id=\"google_ads_iframe_\/76814929\/ld\/inread_0\" tabindex=\"0\" title=\"3rd party ad content\" name=\"google_ads_iframe_\/76814929\/ld\/inread_0\" width=\"1\" height=\"1\" frameborder=\"0\" marginwidth=\"0\" marginheight=\"0\" scrolling=\"no\" aria-label=\"Advertisement\" data-load-complete=\"true\" data-google-container-id=\"7\" data-mce-fragment=\"1\"><\/iframe><\/div>\n<\/div>\n<div class=\"twitter-tweet twitter-tweet-rendered\"><iframe id=\"twitter-widget-0\" class=\"\" title=\"X Post\" src=\"https:\/\/platform.twitter.com\/embed\/Tweet.html?creatorScreenName=lopezdoriga&amp;dnt=false&amp;embedId=twitter-widget-0&amp;features=eyJ0ZndfdGltZWxpbmVfbGlzdCI6eyJidWNrZXQiOltdLCJ2ZXJzaW9uIjpudWxsfSwidGZ3X2ZvbGxvd2VyX2NvdW50X3N1bnNldCI6eyJidWNrZXQiOnRydWUsInZlcnNpb24iOm51bGx9LCJ0ZndfdHdlZXRfZWRpdF9iYWNrZW5kIjp7ImJ1Y2tldCI6Im9uIiwidmVyc2lvbiI6bnVsbH0sInRmd19yZWZzcmNfc2Vzc2lvbiI6eyJidWNrZXQiOiJvbiIsInZlcnNpb24iOm51bGx9LCJ0ZndfZm9zbnJfc29mdF9pbnRlcnZlbnRpb25zX2VuYWJsZWQiOnsiYnVja2V0Ijoib24iLCJ2ZXJzaW9uIjpudWxsfSwidGZ3X21peGVkX21lZGlhXzE1ODk3Ijp7ImJ1Y2tldCI6InRyZWF0bWVudCIsInZlcnNpb24iOm51bGx9LCJ0ZndfZXhwZXJpbWVudHNfY29va2llX2V4cGlyYXRpb24iOnsiYnVja2V0IjoxMjA5NjAwLCJ2ZXJzaW9uIjpudWxsfSwidGZ3X3Nob3dfYmlyZHdhdGNoX3Bpdm90c19lbmFibGVkIjp7ImJ1Y2tldCI6Im9uIiwidmVyc2lvbiI6bnVsbH0sInRmd19kdXBsaWNhdGVfc2NyaWJlc190b19zZXR0aW5ncyI6eyJidWNrZXQiOiJvbiIsInZlcnNpb24iOm51bGx9LCJ0ZndfdXNlX3Byb2ZpbGVfaW1hZ2Vfc2hhcGVfZW5hYmxlZCI6eyJidWNrZXQiOiJvbiIsInZlcnNpb24iOm51bGx9LCJ0ZndfdmlkZW9faGxzX2R5bmFtaWNfbWFuaWZlc3RzXzE1MDgyIjp7ImJ1Y2tldCI6InRydWVfYml0cmF0ZSIsInZlcnNpb24iOm51bGx9LCJ0ZndfbGVnYWN5X3RpbWVsaW5lX3N1bnNldCI6eyJidWNrZXQiOnRydWUsInZlcnNpb24iOm51bGx9LCJ0ZndfdHdlZXRfZWRpdF9mcm9udGVuZCI6eyJidWNrZXQiOiJvbiIsInZlcnNpb24iOm51bGx9fQ%3D%3D&amp;frame=false&amp;hideCard=false&amp;hideThread=false&amp;id=1823016687332970761&amp;lang=es&amp;origin=https%3A%2F%2Flopezdoriga.com%2Finternacional%2Fexgobernantes-urgen-brasil-colombia-mexico-exijan-actas-votacion-maduro%2F&amp;sessionId=e5865f7d695076f528e66450bb0e78c5e946d3bd&amp;siteScreenName=lopezdoriga&amp;theme=light&amp;widgetsVersion=2615f7e52b7e0%3A1702314776716&amp;width=550px\" frameborder=\"0\" scrolling=\"no\" allowfullscreen=\"allowfullscreen\" data-tweet-id=\"1823016687332970761\" data-mce-fragment=\"1\"><\/iframe><\/div>\n<p>&nbsp;<\/p>\n<p>El comunicado recuerda a los \u201cmediadores a ritmo lento con la tiran\u00eda de Maduro\u201d que mientras ellos no plantean esa exigencia hay venezolanos que \u201cmueren, son secuestrados y torturados a manos de las fuerzas represoras del r\u00e9gimen\u201d y que \u201cla ONU ha demandado el cese de la represi\u00f3n y que se investigue a los represores\u201d.<\/p>\n<p>Seg\u00fan inform\u00f3 este lunes el fiscal general de Venezuela,<strong>\u00a0Tarek William Saab<\/strong>, desde que estallaron las protestas despu\u00e9s de la proclamaci\u00f3n de Maduro como ganador de las elecciones presidenciales sin presentar las actas de votaci\u00f3n que lo acrediten, se han registrado 25 muertes, que atribuy\u00f3 a \u201cgrupos delincuenciales instrumentalizados\u201d.<\/p>\n<p>Adem\u00e1s, hasta el 2 de agosto, seg\u00fan Saab, unas 192 personas resultaron heridas en protestas, de las cuales \u201c97 pertenecen a cuerpos de seguridad del Estado\u201d.<\/p>\n<p>La crispaci\u00f3n pol\u00edtica se ha disparado tras las elecciones en Venezuela pues la mayor coalici\u00f3n opositora, la Plataforma Unitaria Democr\u00e1tica (PUD), asegura, con base a los resultados del 83.5 por ciento de las actas de las elecciones que public\u00f3 en una p\u00e1gina web, que su candidato, Edmundo Gonz\u00e1lez Urrutia, obtuvo la victoria por amplio margen y ha logrado el respaldo de EE.UU. y otros Gobiernos latinoamericanos y europeos.<\/p>\n<p>Este lunes, la Misi\u00f3n de determinaci\u00f3n de los hechos en Venezuela de la ONU exigi\u00f3 a las autoridades venezolanas \u201cdetener inmediatamente la represi\u00f3n e \u2018investigar a fondo la avalancha de graves violaciones a los derechos humanos que est\u00e1n ocurriendo&#8217;\u201d, seg\u00fan un comunicado del organismo.<\/p>\n<blockquote><p>La presidenta de la Misi\u00f3n,\u00a0<strong>Marta Vali\u00f1as<\/strong>, dijo que las denuncias \u201cdeben investigarse y que, de confirmarse un abuso de la fuerza por los cuerpos de seguridad o de civiles armados progubernamentales, debe haber rendici\u00f3n de cuentas\u201d.<\/p><\/blockquote>\n<p>La l\u00edder opositora\u00a0<strong>Mar\u00eda Corina Machado<\/strong>\u00a0dijo el lunes en una entrevista con EFE que est\u00e1 convencida de que\u00a0<strong>Edmundo Gonz\u00e1lez Urrutia<\/strong>\u00a0tomar\u00e1 juramento como nuevo jefe de Estado el 10 de enero de 2025, cuando comienza el nuevo per\u00edodo de Gobierno.<\/p>\n<p>La exdiputada liberal reiter\u00f3 que el abanderado de la PUD gan\u00f3 \u201cde manera avasallante\u201d los comicios, cuyo resultado oficial ha sido rechazado por numerosos pa\u00edses, mientras que el Centro Carter, que particip\u00f3 como observador en la contienda, se\u00f1al\u00f3 que el proceso electoral \u201cno puede ser considerado como democr\u00e1tico\u201d.<\/p>\n<p>Entre los 37 integrantes de IDEA est\u00e1n los expresidentes\u00a0<strong>Oscar Arias<\/strong>\u00a0(Costa Rica),\u00a0<strong>Felipe Calder\u00f3n<\/strong>\u00a0(M\u00e9xico),\u00a0<strong>Julio Mar\u00eda Sanguinetti<\/strong>\u00a0(Uruguay),\u00a0<strong>Ricardo Lagos<\/strong>\u00a0(Chile),\u00a0<strong>\u00c1lvaro Uribe<\/strong>\u00a0(Colombia) y los ex jefes de gobierno de Espa\u00f1a\u00a0<strong>Felipe Gonz\u00e1lez<\/strong>,\u00a0<strong>Jos\u00e9 Maria Aznar\u00a0<\/strong>y<strong>\u00a0Mariano Rajoy<\/strong>.<\/p>\n<p><strong>Con informaci\u00f3n de EFE<\/strong><\/p>\n<\/div>\n<\/div>\n<\/div>\n<\/div>\n","protected":false},"excerpt":{"rendered":"<p>Exgobernantes consideran que Gobiernos de Brasil, Colombia y M\u00e9xico tienen la \u201cobligaci\u00f3n\u201d de exigir a Maduro las actas de votaci\u00f3n &nbsp; agosto 13, 2024 La\u00a0Iniciativa Democr\u00e1tica de Espa\u00f1a y las Am\u00e9ricas\u00a0(IDEA), formada por\u00a037\u00a0exgobernantes, urgi\u00f3 a los Gobiernos de\u00a0Brasil, Colombia\u00a0y\u00a0M\u00e9xico, a los que define como \u201cmediadores a ritmo lento con la tiran\u00eda\u201d de\u00a0Venezuela, que reclamen al presidente\u00a0Nicol\u00e1s Maduro\u00a0las\u00a0actas de las elecciones\u00a0del 28 de julio pasado. Hay que ponerle fin a la tragedia que deja miles de v\u00edctimas en Venezuela y le niega su derecho a una transici\u00f3n hacia la democracia en paz\u201d, dice un comunicado del grupo IDEA. Los exjefes de [&hellip;]<\/p>\n","protected":false},"author":3,"featured_media":0,"comment_status":"open","ping_status":"open","sticky":false,"template":"","format":"standard","meta":{"_jetpack_newsletter_access":"","_jetpack_dont_email_post_to_subs":false,"_jetpack_newsletter_tier_id":0,"_jetpack_memberships_contains_paywalled_content":false,"_jetpack_feature_clip_id":0,"_jetpack_memberships_contains_paid_content":false,"footnotes":"","jetpack_publicize_message":"","jetpack_publicize_feature_enabled":true,"jetpack_social_post_already_shared":true,"jetpack_social_options":{"image_generator_settings":{"template":"highway","default_image_id":0,"font":"","enabled":false},"version":2},"jetpack_post_was_ever_published":false},"categories":[89],"tags":[],"class_list":["post-100990","post","type-post","status-publish","format-standard","hentry","category-internacional","post--single"],"jetpack_publicize_connections":[],"jetpack_featured_media_url":"","jetpack_sharing_enabled":true,"_links":{"self":[{"href":"https:\/\/ovelanalista.com\/index.php?rest_route=\/wp\/v2\/posts\/100990","targetHints":{"allow":["GET"]}}],"collection":[{"href":"https:\/\/ovelanalista.com\/index.php?rest_route=\/wp\/v2\/posts"}],"about":[{"href":"https:\/\/ovelanalista.com\/index.php?rest_route=\/wp\/v2\/types\/post"}],"author":[{"embeddable":true,"href":"https:\/\/ovelanalista.com\/index.php?rest_route=\/wp\/v2\/users\/3"}],"replies":[{"embeddable":true,"href":"https:\/\/ovelanalista.com\/index.php?rest_route=%2Fwp%2Fv2%2Fcomments&post=100990"}],"version-history":[{"count":1,"href":"https:\/\/ovelanalista.com\/index.php?rest_route=\/wp\/v2\/posts\/100990\/revisions"}],"predecessor-version":[{"id":100994,"href":"https:\/\/ovelanalista.com\/index.php?rest_route=\/wp\/v2\/posts\/100990\/revisions\/100994"}],"wp:attachment":[{"href":"https:\/\/ovelanalista.com\/index.php?rest_route=%2Fwp%2Fv2%2Fmedia&parent=100990"}],"wp:term":[{"taxonomy":"category","embeddable":true,"href":"https:\/\/ovelanalista.com\/index.php?rest_route=%2Fwp%2Fv2%2Fcategories&post=100990"},{"taxonomy":"post_tag","embeddable":true,"href":"https:\/\/ovelanalista.com\/index.php?rest_route=%2Fwp%2Fv2%2Ftags&post=100990"}],"curies":[{"name":"wp","href":"https:\/\/api.w.org\/{rel}","templated":true}]}}