{"id":100993,"date":"2024-08-13T11:50:06","date_gmt":"2024-08-13T17:50:06","guid":{"rendered":"https:\/\/ovelanalista.com\/?p=100993"},"modified":"2024-08-13T10:14:33","modified_gmt":"2024-08-13T16:14:33","slug":"fue-una-eleccion-legal-amlo-celebra-que-tepjf-declarara-legitimo-el-triunfo-de-sheinbaum","status":"publish","type":"post","link":"https:\/\/ovelanalista.com\/?p=100993","title":{"rendered":"\u201cFue una elecci\u00f3n legal\u201d: AMLO celebra que TEPJF declarara leg\u00edtimo el triunfo de Sheinbaum"},"content":{"rendered":"<div class=\"entry-grid__content-area entry-main-text\">\n<header class=\"entry-header mb-4\">\n<div class=\"entry-info entry-info-header mb-0 mb-lg-2\">\n<div class=\"entry-excerpt px-0 pb-3\">\n<p>L\u00f3pez Obrador asever\u00f3 que la resoluci\u00f3n del TEPJF, que declar\u00f3 leg\u00edtimo el triunfo de Sheinbaum el 2 de junio, es muy importante<\/p>\n<p>&nbsp;<\/p>\n<div class=\"article-item__date mb-auto align-self-center pb-2\">agosto 13, 2024<\/div>\n<\/div>\n<\/div>\n<\/header>\n<\/div>\n<div class=\"entry-grid__content-area2 entry-main-text\">\n<div class=\"row\">\n<div class=\"col-12 col-lg-8\">\n<div class=\"article-content\">\n<p class=\"p1\">El presidente\u00a0<a href=\"https:\/\/twitter.com\/lopezobrador_\" target=\"_blank\" rel=\"noreferrer noopener\"><span class=\"s1\"><b>Andr\u00e9s Manuel<\/b><\/span><\/a><b>\u00a0L\u00f3pez Obrador<\/b>\u00a0celebr\u00f3 que el\u00a0<strong>Tribunal Electoral del Poder Judicial de la Federaci\u00f3n<\/strong>\u00a0(<strong>TEPJF<\/strong>) determinara que es\u00a0<strong>leg\u00edtimo<\/strong>\u00a0el\u00a0<strong>triunfo<\/strong>\u00a0de la morenista\u00a0<strong>Claudia Sheinbaum<\/strong>\u00a0en las\u00a0<strong>elecciones presidenciales<\/strong>\u00a0del 2 de junio.<\/p>\n<p><iframe loading=\"lazy\" title=\"#ConferenciaPresidente | Martes 13 de agosto de 2024\" width=\"1200\" height=\"675\" src=\"https:\/\/www.youtube.com\/embed\/X13Q0b47ClY?feature=oembed\" frameborder=\"0\" allow=\"accelerometer; autoplay; clipboard-write; encrypted-media; gyroscope; picture-in-picture; web-share\" referrerpolicy=\"strict-origin-when-cross-origin\" allowfullscreen><\/iframe><\/p>\n<p class=\"p1\">En la conferencia matutina de Palacio Nacional, L\u00f3pez Obrador asever\u00f3 que la elecci\u00f3n pasada fue \u201clegal, leg\u00edtima\u201d, y que \u201cninguna organizaci\u00f3n ni oficial ni oficiosa del extranjero\u201d puede hablar de fraude.<\/p>\n<div id=\"ros-inread-qrgll3\" class=\"ad-container dfp-ad-unit ad-inread ad-main-inread ad-slot\" data-ad-type=\"inread\" data-slot=\"inread\" data-ad-loaded=\"1\" data-ad-setup=\"{&quot;postID&quot;:1643165,&quot;canRefresh&quot;:false,&quot;infinitescroll&quot;:false}\" data-google-query-id=\"CL6b_I2u8ocDFart9QIdLFcAGA\">\n<div id=\"google_ads_iframe_\/76814929\/ld\/inread_0__container__\"><iframe id=\"google_ads_iframe_\/76814929\/ld\/inread_0\" tabindex=\"0\" title=\"3rd party ad content\" name=\"google_ads_iframe_\/76814929\/ld\/inread_0\" width=\"1\" height=\"1\" frameborder=\"0\" marginwidth=\"0\" marginheight=\"0\" scrolling=\"no\" aria-label=\"Advertisement\" data-load-complete=\"true\" data-google-container-id=\"8\" data-mce-fragment=\"1\"><\/iframe><\/div>\n<\/div>\n<blockquote><p>Ya resolvieron sobre la legalidad de la elecci\u00f3n presidencial, es algo muy importante. Es una elecci\u00f3n legal, leg\u00edtima y todas las impugnaciones que se presentaron fueron desechadas por distintos motivos\u201d, dijo.<\/p><\/blockquote>\n<p>\u201cPara la naci\u00f3n, para M\u00e9xico, para el pa\u00eds, pues es un ejemplo c\u00f3mo se puede llevar a cabo una transici\u00f3n pac\u00edfica, democr\u00e1tica, con apego a la Constituci\u00f3n, a las leyes y con la resoluci\u00f3n de \u00f3rganos electorales nacionales, no hay ninguna organizaci\u00f3n ni oficial ni oficiosa del extranjero hablando de fraude o de irregularidades, tambi\u00e9n no hay que olvidarlo\u201d, se\u00f1al\u00f3.<\/p>\n<p>El mandatario mexicano asever\u00f3 que el pueblo de M\u00e9xico \u201cayud\u00f3 much\u00edsimo porque la diferencia fue como nunca: estamos hablando de 36 millones de votos a favor de Claudia Sheinbaum\u201d,<\/p>\n<p>\u201c36 millones de votos es m\u00e1s que la poblaci\u00f3n de varios pa\u00edses del mundo, y una ventaja de 30 puntos. Hablaban de una elecci\u00f3n cerrada los conservadores y de la polarizaci\u00f3n que exist\u00eda en M\u00e9xico, y acu\u00f1aron un t\u00e9rmino que sacaron los intelectuales org\u00e1nicos, los abajo firmantes, un t\u00e9rmino nuevo que se utiliza mucho en el mundo del pensamiento conservador, la \u2018deriva autoritaria\u2019, pues nada de eso funcion\u00f3\u201d, extern\u00f3.<\/p>\n<p>\u201cTambi\u00e9n hubo una apuesta a la violencia, afortunadamente no fue as\u00ed, se instalaron la mayor\u00eda de las mesas, de las casillas electorales y el pueblo sali\u00f3 a votar, tambi\u00e9n fue buena la participaci\u00f3n, alrededor del 60 por ciento, es para celebrar independientemente de los resultados\u201d, lanz\u00f3.<\/p>\n<p>La Sala Superior del TEPJF\u00a0<a href=\"https:\/\/lopezdoriga.com\/nacional\/tepjf-legitima-el-triunfo-de-sheinbaum-en-las-elecciones-desestima-peticion-de-nulidad-de-la-oposicion\/\" target=\"_blank\" rel=\"noopener\">determin\u00f3 el lunes<\/a>\u00a0que el triunfo de Claudia Sheinbaum en la elecci\u00f3n del pasado 2 de junio al cargo de Presidenta de M\u00e9xico es leg\u00edtimo y desestim\u00f3 la petici\u00f3n de la nulidad, debido a irregularidades, por parte de la oposici\u00f3n.<\/p>\n<p>Tras la decisi\u00f3n, el TEPJF declarar\u00e1 oficialmente la validez y calificaci\u00f3n de la elecci\u00f3n presidencial el mi\u00e9rcoles, y un d\u00eda despu\u00e9s entregar\u00e1 a Sheinbaum Pardo la constancia de Presidenta Electa.<\/p>\n<p>\u201cEs evidente que de las demandas son deficientes para acreditar los hechos supuestamente irregulares para anular la elecci\u00f3n de la persona titular del cargo de la Presidencia de los Estados Unidos Mexicanos\u201d, declararon los magistrados electorales en su resoluci\u00f3n.<\/p>\n<p class=\"p1\">Con informaci\u00f3n de L\u00f3pez-D\u00f3riga Digital<\/p>\n<\/div>\n<\/div>\n<\/div>\n<\/div>\n","protected":false},"excerpt":{"rendered":"<p>L\u00f3pez Obrador asever\u00f3 que la resoluci\u00f3n del TEPJF, que declar\u00f3 leg\u00edtimo el triunfo de Sheinbaum el 2 de junio, es muy importante &nbsp; agosto 13, 2024 El presidente\u00a0Andr\u00e9s Manuel\u00a0L\u00f3pez Obrador\u00a0celebr\u00f3 que el\u00a0Tribunal Electoral del Poder Judicial de la Federaci\u00f3n\u00a0(TEPJF) determinara que es\u00a0leg\u00edtimo\u00a0el\u00a0triunfo\u00a0de la morenista\u00a0Claudia Sheinbaum\u00a0en las\u00a0elecciones presidenciales\u00a0del 2 de junio. En la conferencia matutina de Palacio Nacional, L\u00f3pez Obrador asever\u00f3 que la elecci\u00f3n pasada fue \u201clegal, leg\u00edtima\u201d, y que \u201cninguna organizaci\u00f3n ni oficial ni oficiosa del extranjero\u201d puede hablar de fraude. Ya resolvieron sobre la legalidad de la elecci\u00f3n presidencial, es algo muy importante. Es una elecci\u00f3n legal, leg\u00edtima y [&hellip;]<\/p>\n","protected":false},"author":3,"featured_media":100997,"comment_status":"open","ping_status":"open","sticky":false,"template":"","format":"standard","meta":{"_jetpack_newsletter_access":"","_jetpack_dont_email_post_to_subs":false,"_jetpack_newsletter_tier_id":0,"_jetpack_memberships_contains_paywalled_content":false,"_jetpack_feature_clip_id":0,"_jetpack_memberships_contains_paid_content":false,"footnotes":"","jetpack_publicize_message":"","jetpack_publicize_feature_enabled":true,"jetpack_social_post_already_shared":true,"jetpack_social_options":{"image_generator_settings":{"template":"highway","default_image_id":0,"font":"","enabled":false},"version":2},"jetpack_post_was_ever_published":false},"categories":[75],"tags":[],"class_list":["post-100993","post","type-post","status-publish","format-standard","has-post-thumbnail","hentry","category-nacional","post--single"],"jetpack_publicize_connections":[],"jetpack_featured_media_url":"https:\/\/ovelanalista.com\/wp-content\/uploads\/2024\/08\/tepjf-tribunal-electoral-sheinbaum-1.webp","jetpack_sharing_enabled":true,"_links":{"self":[{"href":"https:\/\/ovelanalista.com\/index.php?rest_route=\/wp\/v2\/posts\/100993","targetHints":{"allow":["GET"]}}],"collection":[{"href":"https:\/\/ovelanalista.com\/index.php?rest_route=\/wp\/v2\/posts"}],"about":[{"href":"https:\/\/ovelanalista.com\/index.php?rest_route=\/wp\/v2\/types\/post"}],"author":[{"embeddable":true,"href":"https:\/\/ovelanalista.com\/index.php?rest_route=\/wp\/v2\/users\/3"}],"replies":[{"embeddable":true,"href":"https:\/\/ovelanalista.com\/index.php?rest_route=%2Fwp%2Fv2%2Fcomments&post=100993"}],"version-history":[{"count":1,"href":"https:\/\/ovelanalista.com\/index.php?rest_route=\/wp\/v2\/posts\/100993\/revisions"}],"predecessor-version":[{"id":100995,"href":"https:\/\/ovelanalista.com\/index.php?rest_route=\/wp\/v2\/posts\/100993\/revisions\/100995"}],"wp:featuredmedia":[{"embeddable":true,"href":"https:\/\/ovelanalista.com\/index.php?rest_route=\/wp\/v2\/media\/100997"}],"wp:attachment":[{"href":"https:\/\/ovelanalista.com\/index.php?rest_route=%2Fwp%2Fv2%2Fmedia&parent=100993"}],"wp:term":[{"taxonomy":"category","embeddable":true,"href":"https:\/\/ovelanalista.com\/index.php?rest_route=%2Fwp%2Fv2%2Fcategories&post=100993"},{"taxonomy":"post_tag","embeddable":true,"href":"https:\/\/ovelanalista.com\/index.php?rest_route=%2Fwp%2Fv2%2Ftags&post=100993"}],"curies":[{"name":"wp","href":"https:\/\/api.w.org\/{rel}","templated":true}]}}