{"id":100999,"date":"2024-08-13T12:10:51","date_gmt":"2024-08-13T18:10:51","guid":{"rendered":"https:\/\/ovelanalista.com\/?p=100999"},"modified":"2024-08-13T10:18:57","modified_gmt":"2024-08-13T16:18:57","slug":"mujeres-indigenas-advierten-que-la-violencia-actual-en-chiapas-es-similar-a-1997","status":"publish","type":"post","link":"https:\/\/ovelanalista.com\/?p=100999","title":{"rendered":"Mujeres ind\u00edgenas advierten que la violencia actual en Chiapas es similar a 1997"},"content":{"rendered":"<div class=\"entry-grid__content-area entry-main-text\">\n<header class=\"entry-header mb-4\">\n<div class=\"entry-info entry-info-header mb-0 mb-lg-2\">\n<div class=\"entry-excerpt px-0 pb-3\">\n<p>Mujeres ind\u00edgenas tzotzil dijeron que en Chiapas se percibe un clima de violencia similar al de la masacre de Acteal, en 1997<\/p>\n<p>&nbsp;<\/p>\n<div class=\"article-item__date mb-auto align-self-center pb-2\">agosto 13, 2024<\/div>\n<\/div>\n<\/div>\n<\/header>\n<\/div>\n<div class=\"entry-grid__content-area2 entry-main-text\">\n<div class=\"row\">\n<div class=\"col-12 col-lg-8\">\n<div class=\"article-content\">\n<p>La situaci\u00f3n de\u00a0<strong>violencia<\/strong>\u00a0e\u00a0<strong>inseguridad<\/strong>\u00a0que se vive en\u00a0<strong>Chiapas<\/strong>\u00a0es muy\u00a0<strong>similar<\/strong>\u00a0a la que vivieron en d\u00edas previos a la masacre de\u00a0<strong>Acteal<\/strong>, perpetrada el 22 de diciembre 1997, donde murieron 45 personas y resultaron 22 heridos graves, advirtieron\u00a0<strong>mujeres ind\u00edgenas tzotzil<\/strong>\u00a0de la Organizaci\u00f3n de la Sociedad Civil Las Abejas de Acteal<\/p>\n<p>\u201cLa violencia es m\u00e1s frecuente, escuchamos balaceras y nos regresa ese miedo, ese dolor, ese recuerdo, nos revive lo que vivimos en 1997, ha sido muy dif\u00edcil, porque podr\u00edamos decir que estamos reviviendo lo que ya vivimos en 1997\u201d, dijo a EFE, Guadalupe V\u00e1zquez Luna, sobreviviente de la masacre de Acteal.<\/p>\n<figure id=\"attachment_1643176\" class=\"wp-caption alignnone\" aria-labelledby=\"figcaption_attachment_1643176\"><a href=\"https:\/\/i0.wp.com\/lopezdoriga.com\/wp-content\/uploads\/2024\/08\/conferencia-de-mujeres-indigenas-sobre-situacion-de-violencia-en-chiapas.jpg?ssl=1\" target=\"_blank\" rel=\"noreferrer noopener\"><img loading=\"lazy\" decoding=\"async\" class=\"size-large wp-image-1643176 img-responsive perfmatters-lazy entered pmloaded\" title=\"\" src=\"https:\/\/i0.wp.com\/lopezdoriga.com\/wp-content\/uploads\/2024\/08\/conferencia-de-mujeres-indigenas-sobre-situacion-de-violencia-en-chiapas.jpg?resize=1024%2C683&amp;ssl=1\" sizes=\"auto, (max-width: 1024px) 100vw, 1024px\" srcset=\"https:\/\/i0.wp.com\/lopezdoriga.com\/wp-content\/uploads\/2024\/08\/conferencia-de-mujeres-indigenas-sobre-situacion-de-violencia-en-chiapas.jpg?resize=1024%2C683&amp;ssl=1 1024w, https:\/\/i0.wp.com\/lopezdoriga.com\/wp-content\/uploads\/2024\/08\/conferencia-de-mujeres-indigenas-sobre-situacion-de-violencia-en-chiapas.jpg?resize=300%2C200&amp;ssl=1 300w, https:\/\/i0.wp.com\/lopezdoriga.com\/wp-content\/uploads\/2024\/08\/conferencia-de-mujeres-indigenas-sobre-situacion-de-violencia-en-chiapas.jpg?resize=768%2C512&amp;ssl=1 768w, https:\/\/i0.wp.com\/lopezdoriga.com\/wp-content\/uploads\/2024\/08\/conferencia-de-mujeres-indigenas-sobre-situacion-de-violencia-en-chiapas.jpg?resize=1536%2C1024&amp;ssl=1 1536w, https:\/\/i0.wp.com\/lopezdoriga.com\/wp-content\/uploads\/2024\/08\/conferencia-de-mujeres-indigenas-sobre-situacion-de-violencia-en-chiapas.jpg?w=1920&amp;ssl=1 1920w\" alt=\"Mujeres ind\u00edgenas advierten que la violencia actual en Chiapas es similar a 1997 - conferencia-de-mujeres-indigenas-sobre-situacion-de-violencia-en-chiapas-1024x683\" width=\"1024\" height=\"683\" data-recalc-dims=\"1\" data-src=\"https:\/\/i0.wp.com\/lopezdoriga.com\/wp-content\/uploads\/2024\/08\/conferencia-de-mujeres-indigenas-sobre-situacion-de-violencia-en-chiapas.jpg?resize=1024%2C683&amp;ssl=1\" data-srcset=\"https:\/\/i0.wp.com\/lopezdoriga.com\/wp-content\/uploads\/2024\/08\/conferencia-de-mujeres-indigenas-sobre-situacion-de-violencia-en-chiapas.jpg?resize=1024%2C683&amp;ssl=1 1024w, https:\/\/i0.wp.com\/lopezdoriga.com\/wp-content\/uploads\/2024\/08\/conferencia-de-mujeres-indigenas-sobre-situacion-de-violencia-en-chiapas.jpg?resize=300%2C200&amp;ssl=1 300w, https:\/\/i0.wp.com\/lopezdoriga.com\/wp-content\/uploads\/2024\/08\/conferencia-de-mujeres-indigenas-sobre-situacion-de-violencia-en-chiapas.jpg?resize=768%2C512&amp;ssl=1 768w, https:\/\/i0.wp.com\/lopezdoriga.com\/wp-content\/uploads\/2024\/08\/conferencia-de-mujeres-indigenas-sobre-situacion-de-violencia-en-chiapas.jpg?resize=1536%2C1024&amp;ssl=1 1536w, https:\/\/i0.wp.com\/lopezdoriga.com\/wp-content\/uploads\/2024\/08\/conferencia-de-mujeres-indigenas-sobre-situacion-de-violencia-en-chiapas.jpg?w=1920&amp;ssl=1 1920w\" data-sizes=\"(max-width: 1024px) 100vw, 1024px\" data-ll-status=\"loaded\" \/><\/a><figcaption id=\"figcaption_attachment_1643176\" class=\"wp-caption-text\">Conferencia de mujeres ind\u00edgenas sobre situaci\u00f3n de violencia en Chiapas. Foto de EFE\/Carlos L\u00f3pez<\/figcaption><\/figure>\n<p>En conferencia de prensa celebrada en la localidad de\u00a0<strong>Acteal<\/strong>, Chenalh\u00f3, las mujeres y hombres, quienes cargaban cruces de sus muertos, aquel 22 de diciembre, expresaron su malestar e indignaci\u00f3n ante la\u00a0<strong>omisi\u00f3n<\/strong>\u00a0y la postura que ha tomado el presidente\u00a0<strong>Andr\u00e9s Manuel L\u00f3pez Obrador<\/strong>\u00a0en minimizar la violencia que se vive en Chiapas.<\/p>\n<p>\u201cHemos pedido (al Gobierno Federal) que nuestros hijos no vivan lo que nosotros vivimos, nuestros hijos est\u00e1n viviendo esa realidad tan cruel y todo esto que estamos viviendo es porque el Gobierno mexicano lo ha permitido \u00bfc\u00f3mo? Con su impunidad\u201d, agreg\u00f3 la mujer tzotzil.<\/p>\n<p>Su apunte se dio durante una reflexi\u00f3n sobre \u2018Los 15 a\u00f1os de la liberaci\u00f3n de los paramilitares y sus consecuencias\u2019, donde reconocieron que la violencia es muy frecuente en la regi\u00f3n y por ello \u201ces dif\u00edcil curar las heridas psicol\u00f3gicas del pasado\u201d.<\/p>\n<p>Tambi\u00e9n lamentaron que en todo el pa\u00eds y en el estado de Chiapas los perseguidos y castigados contin\u00faen siendo los que luchan por la libertad, la verdad y la justicia y se perdona a los que delincuentes que matan a personas, simulando que no pasa nada.<\/p>\n<p>\u201cPor eso se siguen cometiendo muchos delitos, cr\u00edmenes, asesinatos, desplazamientos forzados, porque el Gobierno lo ha permitido y sigue permitiendo, es cada vez peor\u201d, dijo V\u00e1zquez Luna.<\/p>\n<p>Por su parte, Sebasti\u00e1n P\u00e9rez V\u00e1zquez, integrante de la mesa directiva de Las Abejas de Acteal, coment\u00f3 que no ha sido f\u00e1cil vivir con la preocupaci\u00f3n de ser nuevamente atacados y ver a sus agresores libres.<\/p>\n<p>\u201cS\u00ed, en realidad los que est\u00e1n excarcelados, pues ya est\u00e1n viviendo aqu\u00ed, circunvecinos y est\u00e1n tranquilos, gozando su premio, fueron recibidos con cinco hect\u00e1reas de terreno, reconstruyeron su casa y fueron pensionados\u201d, exclam\u00f3 el hombre.<\/p>\n<p>Los ind\u00edgenas se\u00f1alaron que el gobierno de L\u00f3pez Obrador quedar\u00e1 en la historia, en Chiapas, como un pol\u00edtico que no tuvo la voluntad pol\u00edtica para crear garant\u00edas de no repetici\u00f3n de un crimen como el de Acteal.<\/p>\n<p>\u201cY que permiti\u00f3 a los grupos del crimen organizado mantener aterrorizada a la poblaci\u00f3n, propiciando as\u00ed el olvido de la masacre de Acteal\u201d dijo Mar\u00eda G\u00f3mez, vocera de la organizaci\u00f3n.<\/p>\n<p>En las \u00faltimas semanas los activistas se han mostrado preocupados por el aumento de\u00a0<strong>violencia<\/strong>\u00a0y el\u00a0<strong>desplazamiento<\/strong> de pobladores que se ha registrado en la regi\u00f3n, por lo menos en tres comunidades: La Esperanza, San Jos\u00e9 del Carmen y San Clemente.<\/p>\n<p>Seg\u00fan ONG y activistas, la situaci\u00f3n cada d\u00eda se agrava en las zonas ind\u00edgenas de los Altos de Chiapas, donde se estima que en menos de un mes se registraron por lo menos 2 mil ind\u00edgenas tzotziles v\u00edctimas de desplazamiento forzado huyendo del fuego cruzado entre los grupos criminales que se disputan el territorio de Pantelh\u00f3 afectando al vecino municipio de Chenalh\u00f3.<\/p>\n<p>Con informaci\u00f3n de EFE<\/p>\n<\/div>\n<\/div>\n<\/div>\n<\/div>\n","protected":false},"excerpt":{"rendered":"<p>Mujeres ind\u00edgenas tzotzil dijeron que en Chiapas se percibe un clima de violencia similar al de la masacre de Acteal, en 1997 &nbsp; agosto 13, 2024 La situaci\u00f3n de\u00a0violencia\u00a0e\u00a0inseguridad\u00a0que se vive en\u00a0Chiapas\u00a0es muy\u00a0similar\u00a0a la que vivieron en d\u00edas previos a la masacre de\u00a0Acteal, perpetrada el 22 de diciembre 1997, donde murieron 45 personas y resultaron 22 heridos graves, advirtieron\u00a0mujeres ind\u00edgenas tzotzil\u00a0de la Organizaci\u00f3n de la Sociedad Civil Las Abejas de Acteal \u201cLa violencia es m\u00e1s frecuente, escuchamos balaceras y nos regresa ese miedo, ese dolor, ese recuerdo, nos revive lo que vivimos en 1997, ha sido muy dif\u00edcil, porque podr\u00edamos [&hellip;]<\/p>\n","protected":false},"author":3,"featured_media":101001,"comment_status":"open","ping_status":"open","sticky":false,"template":"","format":"standard","meta":{"_jetpack_newsletter_access":"","_jetpack_dont_email_post_to_subs":false,"_jetpack_newsletter_tier_id":0,"_jetpack_memberships_contains_paywalled_content":false,"_jetpack_feature_clip_id":0,"_jetpack_memberships_contains_paid_content":false,"footnotes":"","jetpack_publicize_message":"","jetpack_publicize_feature_enabled":true,"jetpack_social_post_already_shared":true,"jetpack_social_options":{"image_generator_settings":{"template":"highway","default_image_id":0,"font":"","enabled":false},"version":2},"jetpack_post_was_ever_published":false},"categories":[75],"tags":[],"class_list":["post-100999","post","type-post","status-publish","format-standard","has-post-thumbnail","hentry","category-nacional","post--single"],"jetpack_publicize_connections":[],"jetpack_featured_media_url":"https:\/\/ovelanalista.com\/wp-content\/uploads\/2024\/08\/mujeres-indigenas-tzotziles.webp","jetpack_sharing_enabled":true,"_links":{"self":[{"href":"https:\/\/ovelanalista.com\/index.php?rest_route=\/wp\/v2\/posts\/100999","targetHints":{"allow":["GET"]}}],"collection":[{"href":"https:\/\/ovelanalista.com\/index.php?rest_route=\/wp\/v2\/posts"}],"about":[{"href":"https:\/\/ovelanalista.com\/index.php?rest_route=\/wp\/v2\/types\/post"}],"author":[{"embeddable":true,"href":"https:\/\/ovelanalista.com\/index.php?rest_route=\/wp\/v2\/users\/3"}],"replies":[{"embeddable":true,"href":"https:\/\/ovelanalista.com\/index.php?rest_route=%2Fwp%2Fv2%2Fcomments&post=100999"}],"version-history":[{"count":1,"href":"https:\/\/ovelanalista.com\/index.php?rest_route=\/wp\/v2\/posts\/100999\/revisions"}],"predecessor-version":[{"id":101003,"href":"https:\/\/ovelanalista.com\/index.php?rest_route=\/wp\/v2\/posts\/100999\/revisions\/101003"}],"wp:featuredmedia":[{"embeddable":true,"href":"https:\/\/ovelanalista.com\/index.php?rest_route=\/wp\/v2\/media\/101001"}],"wp:attachment":[{"href":"https:\/\/ovelanalista.com\/index.php?rest_route=%2Fwp%2Fv2%2Fmedia&parent=100999"}],"wp:term":[{"taxonomy":"category","embeddable":true,"href":"https:\/\/ovelanalista.com\/index.php?rest_route=%2Fwp%2Fv2%2Fcategories&post=100999"},{"taxonomy":"post_tag","embeddable":true,"href":"https:\/\/ovelanalista.com\/index.php?rest_route=%2Fwp%2Fv2%2Ftags&post=100999"}],"curies":[{"name":"wp","href":"https:\/\/api.w.org\/{rel}","templated":true}]}}