{"id":101308,"date":"2024-08-17T11:04:30","date_gmt":"2024-08-17T17:04:30","guid":{"rendered":"https:\/\/ovelanalista.com\/?p=101308"},"modified":"2024-08-17T11:04:30","modified_gmt":"2024-08-17T17:04:30","slug":"rocha-moya-responde-a-solicitud-de-la-fgr-sobre-su-salida-del-pais-el-dia-del-arresto-de-el-mayo","status":"publish","type":"post","link":"https:\/\/ovelanalista.com\/?p=101308","title":{"rendered":"Rocha Moya responde a solicitud de la FGR sobre su salida del pa\u00eds el d\u00eda del arresto de \u00abEl Mayo\u00bb"},"content":{"rendered":"<p>El gobernador de Sinaloa, Rub\u00e9n Rocha Moya, ha confirmado que la Fiscal\u00eda General de la Rep\u00fablica (FGR) le ha solicitado informaci\u00f3n detallada sobre su salida del pa\u00eds el 25 de julio, fecha en la que Ismael \u201cEl Mayo\u201d Zambada y Joaqu\u00edn Guzm\u00e1n L\u00f3pez, l\u00edderes del C\u00e1rtel de Sinaloa, fueron capturados en Estados Unidos.<\/p>\n<p>Durante una rueda de prensa, Rocha Moya explic\u00f3 que la FGR solicit\u00f3 esta informaci\u00f3n porque \u00e9l no se encontraba en Sinaloa el d\u00eda del arresto. \u201cEllos (la FGR) dijeron que me pedir\u00edan la investigaci\u00f3n pertinente, me pidieron sobre mi salida porque no estaba yo en Sinaloa, entonces ya report\u00e9 a la Fiscal\u00eda lo que me pidi\u00f3\u201d, declar\u00f3 el gobernador.<\/p>\n<p>La solicitud de la FGR se produce despu\u00e9s de que Zambada Garc\u00eda afirmara en una carta que tendr\u00eda una reuni\u00f3n con Rocha Moya y el pol\u00edtico H\u00e9ctor Melesio Cu\u00e9n Ojeda en el d\u00eda de su captura. Sin embargo, Rocha Moya aclar\u00f3 que ese d\u00eda estaba en Los \u00c1ngeles, California, en un viaje familiar. \u201cYo quiero decirles una cosa sin ataduras de ninguna naturaleza. En primer lugar, yo no estaba ese d\u00eda en Sinaloa. Todo me lo estuvieron informando durante el d\u00eda y durante la noche. Regres\u00e9 el siguiente d\u00eda muy tempranito\u201d, enfatiz\u00f3 Rocha Moya.<\/p>\n<p>En la misma conferencia, Rocha Moya tambi\u00e9n abord\u00f3 la reciente renuncia de Sara Bruna Qui\u00f1onez Estrada como titular de la Fiscal\u00eda General del Estado (FGE). El gobernador anunci\u00f3 la renuncia a trav\u00e9s de su cuenta de X y destac\u00f3 la decisi\u00f3n de Qui\u00f1onez Estrada de forma \u201cresponsable\u201d, reconociendo las irregularidades se\u00f1aladas por la FGR en la investigaci\u00f3n del asesinato de Melesio Cu\u00e9n. \u201cReconozco la decisi\u00f3n responsable de la fiscal (\u2026) al presentar ante el Congreso Estatal de Sinaloa su renuncia voluntaria al cargo\u201d, escribi\u00f3 Rocha Moya.<\/p>\n<p>Por su parte, Qui\u00f1onez Estrada agradeci\u00f3 el apoyo recibido durante su gesti\u00f3n y se mostr\u00f3 segura de que su trabajo fue correcto. \u201cSegura de que se hicieron las cosas bien durante mi gesti\u00f3n y para no entrar en controversias que puedan afectar carpeta de investigaci\u00f3n alguna me retiro del cargo\u201d, se\u00f1al\u00f3 en su mensaje.<\/p>\n<p>En relaci\u00f3n con el caso de Melesio Cu\u00e9n, la FGR ha informado sobre una serie de irregularidades que incluyen fallas en la necropsia, falta de pruebas en el lugar del crimen, y inconsistencias en el video de la gasolinera donde se encontraron manchas de sangre. Las irregularidades han suscitado dudas sobre la integridad de la investigaci\u00f3n realizada por las autoridades locales.<\/p>\n<p>&nbsp;<\/p>\n<p>Con informaci\u00f3n de MX Pol\u00edtico<\/p>\n","protected":false},"excerpt":{"rendered":"<p>El gobernador de Sinaloa, Rub\u00e9n Rocha Moya, ha confirmado que la Fiscal\u00eda General de la Rep\u00fablica (FGR) le ha solicitado informaci\u00f3n detallada sobre su salida del pa\u00eds el 25 de julio, fecha en la que Ismael \u201cEl Mayo\u201d Zambada y Joaqu\u00edn Guzm\u00e1n L\u00f3pez, l\u00edderes del C\u00e1rtel de Sinaloa, fueron capturados en Estados Unidos. Durante una rueda de prensa, Rocha Moya explic\u00f3 que la FGR solicit\u00f3 esta informaci\u00f3n porque \u00e9l no se encontraba en Sinaloa el d\u00eda del arresto. \u201cEllos (la FGR) dijeron que me pedir\u00edan la investigaci\u00f3n pertinente, me pidieron sobre mi salida porque no estaba yo en Sinaloa, entonces [&hellip;]<\/p>\n","protected":false},"author":3,"featured_media":101309,"comment_status":"open","ping_status":"open","sticky":false,"template":"","format":"standard","meta":{"_jetpack_newsletter_access":"","_jetpack_dont_email_post_to_subs":false,"_jetpack_newsletter_tier_id":0,"_jetpack_memberships_contains_paywalled_content":false,"_jetpack_feature_clip_id":0,"_jetpack_memberships_contains_paid_content":false,"footnotes":"","jetpack_publicize_message":"","jetpack_publicize_feature_enabled":true,"jetpack_social_post_already_shared":true,"jetpack_social_options":{"image_generator_settings":{"template":"highway","default_image_id":0,"font":"","enabled":false},"version":2},"jetpack_post_was_ever_published":false},"categories":[90,75,72],"tags":[],"class_list":["post-101308","post","type-post","status-publish","format-standard","has-post-thumbnail","hentry","category-estatal","category-nacional","category-portada","post--single"],"jetpack_publicize_connections":[],"jetpack_featured_media_url":"https:\/\/ovelanalista.com\/wp-content\/uploads\/2024\/08\/ruben-rocha-moya.jpg_242310155.webp","jetpack_sharing_enabled":true,"_links":{"self":[{"href":"https:\/\/ovelanalista.com\/index.php?rest_route=\/wp\/v2\/posts\/101308","targetHints":{"allow":["GET"]}}],"collection":[{"href":"https:\/\/ovelanalista.com\/index.php?rest_route=\/wp\/v2\/posts"}],"about":[{"href":"https:\/\/ovelanalista.com\/index.php?rest_route=\/wp\/v2\/types\/post"}],"author":[{"embeddable":true,"href":"https:\/\/ovelanalista.com\/index.php?rest_route=\/wp\/v2\/users\/3"}],"replies":[{"embeddable":true,"href":"https:\/\/ovelanalista.com\/index.php?rest_route=%2Fwp%2Fv2%2Fcomments&post=101308"}],"version-history":[{"count":1,"href":"https:\/\/ovelanalista.com\/index.php?rest_route=\/wp\/v2\/posts\/101308\/revisions"}],"predecessor-version":[{"id":101310,"href":"https:\/\/ovelanalista.com\/index.php?rest_route=\/wp\/v2\/posts\/101308\/revisions\/101310"}],"wp:featuredmedia":[{"embeddable":true,"href":"https:\/\/ovelanalista.com\/index.php?rest_route=\/wp\/v2\/media\/101309"}],"wp:attachment":[{"href":"https:\/\/ovelanalista.com\/index.php?rest_route=%2Fwp%2Fv2%2Fmedia&parent=101308"}],"wp:term":[{"taxonomy":"category","embeddable":true,"href":"https:\/\/ovelanalista.com\/index.php?rest_route=%2Fwp%2Fv2%2Fcategories&post=101308"},{"taxonomy":"post_tag","embeddable":true,"href":"https:\/\/ovelanalista.com\/index.php?rest_route=%2Fwp%2Fv2%2Ftags&post=101308"}],"curies":[{"name":"wp","href":"https:\/\/api.w.org\/{rel}","templated":true}]}}