{"id":101329,"date":"2024-08-20T10:10:04","date_gmt":"2024-08-20T16:10:04","guid":{"rendered":"https:\/\/ovelanalista.com\/?p=101329"},"modified":"2024-09-18T14:06:50","modified_gmt":"2024-09-18T20:06:50","slug":"padres-de-familia-de-la-preparatoria-augusto-cesar-sandino-agradecen-a-la-uas-que-sus-hijos-reciban-una-formacion-integral-y-con-excelencia-academica","status":"publish","type":"post","link":"https:\/\/ovelanalista.com\/?p=101329","title":{"rendered":"Padres de familia de la Preparatoria Augusto C\u00e9sar Sandino agradecen a la UAS que sus hijos reciban una formaci\u00f3n integral y con excelencia acad\u00e9mica"},"content":{"rendered":"<p class=\"s4\"><span class=\"s5\"><strong>20-08-2024.-<\/strong> Padres de familia y alumnos de nuevo ingreso del Ciclo Escolar 2024-2025, de la Preparatoria Augusto C\u00e9sar Sandino, valoran y agradecen la oportunidad que la Universidad Aut\u00f3noma de Sinaloa (UAS) les brinda para recibir una formaci\u00f3n integral, coadyuvando en la <\/span><span class=\"s5\">preparaci\u00f3n<\/span><span class=\"s6\"> de<\/span><span class=\"s5\"> su proyecto de vida.<\/span><\/p>\n<p class=\"s4\"><span class=\"s5\">Durante el inicio de la semana de inducci\u00f3n escolar de citada Unidad Acad\u00e9mica, parte de los nuevos integrantes de la comunidad universitaria, Jaqueline Medrano Palazuelos y Samuel <\/span><span class=\"s5\">R\u00edos<\/span><span class=\"s5\"> Gonz\u00e1lez, se dijeron felices en este primer encuentro en la instituci\u00f3n que los forjar\u00e1 durante tres a\u00f1os, y expresaron su gratitud hacia la M\u00e1xima Casa de Estudios.<\/span><span class=\"s6\">\u00a0<\/span><\/p>\n<p class=\"s4\"><span class=\"s5\">\u201cMuchas gracias por permitirme estudiar aqu\u00ed y me interes\u00f3 mucho porque mi hermano tambi\u00e9n aqu\u00ed estudia, me gust\u00f3 mucho la escuela, aparte que me dijo que es muy buena escuela, con muy buenos maestros\u201d, mencion\u00f3.<\/span><\/p>\n<p class=\"s4\"><span class=\"s5\">\u201cGracias, porque tengo muchos planes y metas y quiero cumplirlas\u201d, indic\u00f3.<\/span><\/p>\n<p class=\"s4\"><span class=\"s5\">En relaci\u00f3n a la respuesta de los padres de familia, Ernestina Romero consider\u00f3 que es una gran oportunidad que su hija se prepare en una de las mejores instituciones del pa\u00eds, donde prevalece <\/span><span class=\"s5\">la<\/span><span class=\"s6\"> excelencia<\/span><span class=\"s5\"> acad\u00e9mica y sobre todo el sentido humanista.<\/span><span class=\"s6\">\u00a0<\/span><\/p>\n<p class=\"s4\"><span class=\"s5\">\u201cConf\u00edo en el servicio que brindan, tengo un hijo estudiando en la Facultad de Odontolog\u00eda, yo espero que mi hija se forme igual que mi hijo aqu\u00ed, me gusta el reglamento que manejan aqu\u00ed en la Prepa, tengo un sobrino que tambi\u00e9n est\u00e1 estudiando y a <\/span><span class=\"s5\">m\u00ed<\/span><span class=\"s5\"> me avisan cuando \u00e9l entra y \u00e9l sale\u201d, indic\u00f3.<\/span><\/p>\n<p class=\"s4\"><span class=\"s5\">Por su parte la docente Prisciliana <\/span><span class=\"s5\">Silvestre<\/span><span class=\"s6\"> Qui\u00f1\u00f3nez<\/span><span class=\"s5\"> Torres, detall\u00f3 c<\/span><span class=\"s5\">\u00f3<\/span><span class=\"s5\">mo se vivi\u00f3 el primer d\u00eda de la semana de inducci\u00f3n, la cual concluir\u00e1 el d\u00eda viernes 23 de agosto, en donde llevar\u00e1n a cabo la <\/span><span class=\"s5\">primera reuni\u00f3n<\/span><span class=\"s5\"> del ciclo escolar con padres y madres de familia.<\/span><span class=\"s6\">\u00a0<\/span><\/p>\n<p class=\"s4\"><span class=\"s5\">\u201cPor parte de los alumnos est\u00e1n emocionados, al ver caras nuevas, conocerse entre ellos, ver en qu\u00e9 grupo quedaron y toda la parte de que es lo que esperan y cu\u00e1les son sus expectativas al elegir nuestra preparatoria\u201d, manifest\u00f3.<\/span><\/p>\n<p class=\"s4\"><span class=\"s5\">A su vez el maestro Enrique Villegas, encargado del Centro de C\u00f3mputo y parte de los creadores del sistema que permite registrar la entrada y salida de los estudiantes, estuvo al pendiente de dar explicaci\u00f3n a los j\u00f3venes sobre el funcionamiento de dicha herramienta, la cual ha tenido resultados muy positivos desde su implementaci\u00f3n.<\/span><span class=\"s6\">\u00a0<\/span><\/p>\n<p class=\"s4\"><span class=\"s5\">\u201cCumple varios objetivos, n\u00famero uno identificar de manera inmediata qu\u00e9 alumnos est\u00e1n asistiendo a la escuela<\/span><span class=\"s5\">;<\/span><span class=\"s5\"> segundo<\/span><span class=\"s5\">,<\/span><span class=\"s5\"> la seguridad de los padres de que su hijo o hija ingres<\/span><span class=\"s5\">\u00f3<\/span><span class=\"s5\">aqu\u00ed a la escuela\u201d, sostuvo.<\/span><\/p>\n","protected":false},"excerpt":{"rendered":"<p>20-08-2024.- Padres de familia y alumnos de nuevo ingreso del Ciclo Escolar 2024-2025, de la Preparatoria Augusto C\u00e9sar Sandino, valoran y agradecen la oportunidad que la Universidad Aut\u00f3noma de Sinaloa (UAS) les brinda para recibir una formaci\u00f3n integral, coadyuvando en la preparaci\u00f3n de su proyecto de vida. Durante el inicio de la semana de inducci\u00f3n escolar de citada Unidad Acad\u00e9mica, parte de los nuevos integrantes de la comunidad universitaria, Jaqueline Medrano Palazuelos y Samuel R\u00edos Gonz\u00e1lez, se dijeron felices en este primer encuentro en la instituci\u00f3n que los forjar\u00e1 durante tres a\u00f1os, y expresaron su gratitud hacia la M\u00e1xima Casa [&hellip;]<\/p>\n","protected":false},"author":3,"featured_media":101334,"comment_status":"open","ping_status":"open","sticky":false,"template":"","format":"standard","meta":{"_jetpack_newsletter_access":"","_jetpack_dont_email_post_to_subs":false,"_jetpack_newsletter_tier_id":0,"_jetpack_memberships_contains_paywalled_content":false,"_jetpack_feature_clip_id":0,"_jetpack_memberships_contains_paid_content":false,"footnotes":"","jetpack_publicize_message":"","jetpack_publicize_feature_enabled":true,"jetpack_social_post_already_shared":true,"jetpack_social_options":{"image_generator_settings":{"template":"highway","default_image_id":0,"font":"","enabled":false},"version":2},"jetpack_post_was_ever_published":false},"categories":[90],"tags":[],"class_list":["post-101329","post","type-post","status-publish","format-standard","has-post-thumbnail","hentry","category-estatal","post--single"],"jetpack_publicize_connections":[],"jetpack_featured_media_url":"https:\/\/ovelanalista.com\/wp-content\/uploads\/2024\/08\/PREPA-SANDINO.jpeg","jetpack_sharing_enabled":true,"_links":{"self":[{"href":"https:\/\/ovelanalista.com\/index.php?rest_route=\/wp\/v2\/posts\/101329","targetHints":{"allow":["GET"]}}],"collection":[{"href":"https:\/\/ovelanalista.com\/index.php?rest_route=\/wp\/v2\/posts"}],"about":[{"href":"https:\/\/ovelanalista.com\/index.php?rest_route=\/wp\/v2\/types\/post"}],"author":[{"embeddable":true,"href":"https:\/\/ovelanalista.com\/index.php?rest_route=\/wp\/v2\/users\/3"}],"replies":[{"embeddable":true,"href":"https:\/\/ovelanalista.com\/index.php?rest_route=%2Fwp%2Fv2%2Fcomments&post=101329"}],"version-history":[{"count":4,"href":"https:\/\/ovelanalista.com\/index.php?rest_route=\/wp\/v2\/posts\/101329\/revisions"}],"predecessor-version":[{"id":104190,"href":"https:\/\/ovelanalista.com\/index.php?rest_route=\/wp\/v2\/posts\/101329\/revisions\/104190"}],"wp:featuredmedia":[{"embeddable":true,"href":"https:\/\/ovelanalista.com\/index.php?rest_route=\/wp\/v2\/media\/101334"}],"wp:attachment":[{"href":"https:\/\/ovelanalista.com\/index.php?rest_route=%2Fwp%2Fv2%2Fmedia&parent=101329"}],"wp:term":[{"taxonomy":"category","embeddable":true,"href":"https:\/\/ovelanalista.com\/index.php?rest_route=%2Fwp%2Fv2%2Fcategories&post=101329"},{"taxonomy":"post_tag","embeddable":true,"href":"https:\/\/ovelanalista.com\/index.php?rest_route=%2Fwp%2Fv2%2Ftags&post=101329"}],"curies":[{"name":"wp","href":"https:\/\/api.w.org\/{rel}","templated":true}]}}