{"id":101518,"date":"2024-08-21T15:00:36","date_gmt":"2024-08-21T21:00:36","guid":{"rendered":"https:\/\/ovelanalista.com\/?p=101518"},"modified":"2024-08-21T10:45:35","modified_gmt":"2024-08-21T16:45:35","slug":"inicia-paro-indefinido-en-el-poder-judicial-de-la-federacion","status":"publish","type":"post","link":"https:\/\/ovelanalista.com\/?p=101518","title":{"rendered":"Inicia paro indefinido en el Poder Judicial de la Federaci\u00f3n"},"content":{"rendered":"<p>En el primer minuto de este 21 de agosto, inici\u00f3 la suspensi\u00f3n formal de actividades en el Poder Judicial de la Federaci\u00f3n.<\/p>\n<p>La\u00a0<strong>Asociaci\u00f3n Nacional de Magistrados de Circuito y Jueces de Distrito del Poder Judicial de la Federaci\u00f3n<\/strong>\u00a0(Jufed) comenz\u00f3, en el primer minuto de este\u00a0<strong>21 de agosto<\/strong>\u00a0con la suspensi\u00f3n formal de\u00a0<strong>actividades<\/strong>\u00a0<strong>jurisdiccionales<\/strong>\u00a0por tiempo indefinido como parte de sus acciones contra la reforma del Gobierno de M\u00e9xico para que haya elecciones populares en el Poder Judicial.<\/p>\n<p>El paro de labores se realiza en el\u00a0<strong>Poder Judicial de la Federaci\u00f3n<\/strong>\u00a0(PJF), con exclusi\u00f3n de la\u00a0<strong>Suprema Corte de Justicia de la Naci\u00f3n<\/strong>\u00a0(SCJN) y del\u00a0<strong>Tribunal Electoral del Poder Judicial de la Federaci\u00f3n<\/strong>\u00a0(TEPJF).<\/p>\n<p>La Jufed tambi\u00e9n exigi\u00f3 la instalaci\u00f3n inmediata de una\u00a0<strong>mesa<\/strong>\u00a0de\u00a0<strong>di\u00e1logo<\/strong>\u00a0con los grupos parlamentarios del\u00a0<strong>Congreso mexicano<\/strong>, con facultades amplias para celebrar los acuerdos l\u00edcitos que sean necesarios y para ejecutarlos o proveer su ejecuci\u00f3n\u201d.<\/p>\n<blockquote class=\"twitter-tweet\" data-width=\"550\" data-dnt=\"true\">\n<p lang=\"es\" dir=\"ltr\">M\u00e1s trabajadores se unen al paro de labores en el Poder Judicial en rechazo a la reforma del presidente.<\/p>\n<p>Patricia Aguayo, vocera del movimiento, inform\u00f3 que la protesta toma fuerza <a href=\"https:\/\/t.co\/AxXEzBcK38\">pic.twitter.com\/AxXEzBcK38<\/a><\/p>\n<p>&mdash; Joaqu\u00edn L\u00f3pez-D\u00f3riga (@lopezdoriga) <a href=\"https:\/\/twitter.com\/lopezdoriga\/status\/1825966602287812946?ref_src=twsrc%5Etfw\">August 20, 2024<\/a><\/p><\/blockquote>\n<p><script async src=\"https:\/\/platform.twitter.com\/widgets.js\" charset=\"utf-8\"><\/script><\/p>\n<p>Previamente, en su conferencia matutina, el presidente de M\u00e9xico,\u00a0<strong>Andr\u00e9s Manuel L\u00f3pez Obrador<\/strong>\u00a0calific\u00f3 de \u201cilegal\u201d la huelga que convocaron los jueces y trabajadores judiciales contra la reforma pero minimiz\u00f3 sus consecuencias.<\/p>\n<p>\u201cNo va a suceder nada, no pasa nada, y en lo que a nosotros corresponde: respeto absoluto a su\u00a0<strong>huelga<\/strong>,\u00a0<strong>libertad<\/strong>. Establece la ley, ellos lo saben, que es ilegal lo que est\u00e1n haciendo o lo que van a hacer, pero no nos corresponde a nosotros sancionar\u201d, declar\u00f3 el mandatario.<\/p>\n<p>El gobernante mexicano minimiz\u00f3 el paro al que convoc\u00f3 la\u00a0<strong>Jufed<\/strong>\u00a0contra la reforma judicial que el oficialismo pretende votar en septiembre.<\/p>\n<blockquote class=\"twitter-tweet\" data-width=\"550\" data-dnt=\"true\">\n<p lang=\"es\" dir=\"ltr\">Y sigue contra el Poder Judicial&#8230; <a href=\"https:\/\/t.co\/aQmYD5zLOe\">pic.twitter.com\/aQmYD5zLOe<\/a><\/p>\n<p>&mdash; Joaqu\u00edn L\u00f3pez-D\u00f3riga (@lopezdoriga) <a href=\"https:\/\/twitter.com\/lopezdoriga\/status\/1825906730078986484?ref_src=twsrc%5Etfw\">August 20, 2024<\/a><\/p><\/blockquote>\n<p><script async src=\"https:\/\/platform.twitter.com\/widgets.js\" charset=\"utf-8\"><\/script><\/p>\n<p>La iniciativa de\u00a0<strong>L\u00f3pez Obrador<\/strong>\u00a0permitir\u00e1 a partir de 2025 elegir por voto popular a jueces, magistrados y a ministros de la Suprema Corte, por lo que la Jufed argumenta que afectar\u00eda la carrera judicial y, \u201csin duda alguna, abrir\u00eda la posibilidad de que grupos de poder, incluso ilegales, ejerzan presi\u00f3n\u201d.<\/p>\n<p>El oficialismo prev\u00e9 votar la reforma constitucional del\u00a0<strong>Poder Judicial<\/strong>\u00a0en septiembre, cuando tenga la mayor\u00eda calificada, de dos tercios del Congreso, para modificar la\u00a0<strong>Constituci\u00f3n<\/strong>\u00a0sin\u00a0<strong>obst\u00e1culos<\/strong>.<\/p>\n<p>Con informaci\u00f3n de L\u00f3pez-D\u00f3riga Digital y EFE<\/p>\n","protected":false},"excerpt":{"rendered":"<p>En el primer minuto de este 21 de agosto, inici\u00f3 la suspensi\u00f3n formal de actividades en el Poder Judicial de la Federaci\u00f3n. La\u00a0Asociaci\u00f3n Nacional de Magistrados de Circuito y Jueces de Distrito del Poder Judicial de la Federaci\u00f3n\u00a0(Jufed) comenz\u00f3, en el primer minuto de este\u00a021 de agosto\u00a0con la suspensi\u00f3n formal de\u00a0actividades\u00a0jurisdiccionales\u00a0por tiempo indefinido como parte de sus acciones contra la reforma del Gobierno de M\u00e9xico para que haya elecciones populares en el Poder Judicial. El paro de labores se realiza en el\u00a0Poder Judicial de la Federaci\u00f3n\u00a0(PJF), con exclusi\u00f3n de la\u00a0Suprema Corte de Justicia de la Naci\u00f3n\u00a0(SCJN) y del\u00a0Tribunal Electoral del [&hellip;]<\/p>\n","protected":false},"author":3,"featured_media":101520,"comment_status":"open","ping_status":"open","sticky":false,"template":"","format":"standard","meta":{"_jetpack_newsletter_access":"","_jetpack_dont_email_post_to_subs":false,"_jetpack_newsletter_tier_id":0,"_jetpack_memberships_contains_paywalled_content":false,"_jetpack_feature_clip_id":0,"_jetpack_memberships_contains_paid_content":false,"footnotes":"","jetpack_publicize_message":"","jetpack_publicize_feature_enabled":true,"jetpack_social_post_already_shared":true,"jetpack_social_options":{"image_generator_settings":{"template":"highway","default_image_id":0,"font":"","enabled":false},"version":2},"jetpack_post_was_ever_published":false},"categories":[75,72],"tags":[],"class_list":["post-101518","post","type-post","status-publish","format-standard","has-post-thumbnail","hentry","category-nacional","category-portada","post--single"],"jetpack_publicize_connections":[],"jetpack_featured_media_url":"https:\/\/ovelanalista.com\/wp-content\/uploads\/2024\/08\/comienza-paro-indefinido-en-el-poder-judicial-de-la-federacion.webp","jetpack_sharing_enabled":true,"_links":{"self":[{"href":"https:\/\/ovelanalista.com\/index.php?rest_route=\/wp\/v2\/posts\/101518","targetHints":{"allow":["GET"]}}],"collection":[{"href":"https:\/\/ovelanalista.com\/index.php?rest_route=\/wp\/v2\/posts"}],"about":[{"href":"https:\/\/ovelanalista.com\/index.php?rest_route=\/wp\/v2\/types\/post"}],"author":[{"embeddable":true,"href":"https:\/\/ovelanalista.com\/index.php?rest_route=\/wp\/v2\/users\/3"}],"replies":[{"embeddable":true,"href":"https:\/\/ovelanalista.com\/index.php?rest_route=%2Fwp%2Fv2%2Fcomments&post=101518"}],"version-history":[{"count":1,"href":"https:\/\/ovelanalista.com\/index.php?rest_route=\/wp\/v2\/posts\/101518\/revisions"}],"predecessor-version":[{"id":101522,"href":"https:\/\/ovelanalista.com\/index.php?rest_route=\/wp\/v2\/posts\/101518\/revisions\/101522"}],"wp:featuredmedia":[{"embeddable":true,"href":"https:\/\/ovelanalista.com\/index.php?rest_route=\/wp\/v2\/media\/101520"}],"wp:attachment":[{"href":"https:\/\/ovelanalista.com\/index.php?rest_route=%2Fwp%2Fv2%2Fmedia&parent=101518"}],"wp:term":[{"taxonomy":"category","embeddable":true,"href":"https:\/\/ovelanalista.com\/index.php?rest_route=%2Fwp%2Fv2%2Fcategories&post=101518"},{"taxonomy":"post_tag","embeddable":true,"href":"https:\/\/ovelanalista.com\/index.php?rest_route=%2Fwp%2Fv2%2Ftags&post=101518"}],"curies":[{"name":"wp","href":"https:\/\/api.w.org\/{rel}","templated":true}]}}