{"id":101524,"date":"2024-08-21T15:30:35","date_gmt":"2024-08-21T21:30:35","guid":{"rendered":"https:\/\/ovelanalista.com\/?p=101524"},"modified":"2024-08-21T10:49:39","modified_gmt":"2024-08-21T16:49:39","slug":"fiscalia-de-cdmx-remite-a-fgr-investigacion-sobre-intento-de-detencion-de-javier-corral","status":"publish","type":"post","link":"https:\/\/ovelanalista.com\/?p=101524","title":{"rendered":"Fiscal\u00eda de CDMX remite a FGR investigaci\u00f3n sobre intento de detenci\u00f3n de Javier Corral"},"content":{"rendered":"<p>La Fiscal\u00eda de la CDMX se\u00f1al\u00f3 que en su investigaci\u00f3n sobre el intento de detenci\u00f3n de Javier Corral se \u201cdesprende la posible comisi\u00f3n de hechos\u201d de competencia federal.<\/p>\n<div class=\"entry-grid__content-area2 entry-main-text\">\n<div class=\"row\">\n<div class=\"col-12 col-lg-8\">\n<div class=\"article-content\">\n<p>La\u00a0<strong>Fiscal\u00eda General de Justicia<\/strong>\u00a0de la\u00a0<strong>Ciudad de M\u00e9xico<\/strong>, a trav\u00e9s de su\u00a0<strong>Fiscal\u00eda Especializada en Combate a la Corrupci\u00f3n<\/strong>, remiti\u00f3 a la\u00a0<strong>Fiscal\u00eda General de la Rep\u00fablica<\/strong>\u00a0(<strong>FGR<\/strong>) un desglose de la\u00a0<strong>carpeta de investigaci\u00f3n\u00a0<\/strong>iniciada con motivo del intento de detenci\u00f3n de\u00a0<strong>Javier Corral<\/strong>, exgobernador de\u00a0<strong>Chihuahua<\/strong>, ocurrido el 14 de agosto en un restaurante de la colonia\u00a0<strong>Roma<\/strong>, en la capital.<\/p>\n<p>Por medio de un comunicado, la\u00a0<strong>Fiscal\u00eda capitalina<\/strong>\u00a0se\u00f1al\u00f3 que en la investigaci\u00f3n que realiza la\u00a0<strong>Fiscal\u00eda para la Investigaci\u00f3n de los Delitos cometidos por Servidores P\u00fablicos<\/strong>\u00a0sobre los hechos referidos \u201cse desprende la posible comisi\u00f3n de hechos que por su naturaleza son de\u00a0<strong>competencia federal<\/strong>\u201c, por lo que se dio vista a la\u00a0<strong>FGR<\/strong>\u00a0\u201cpara que se determine lo que en estricto apego a derecho resulte procedente\u201d.<\/p>\n<p>El lunes, el encargado de despacho de la\u00a0<strong>Fiscal\u00eda de la Ciudad de M\u00e9xico<\/strong>,\u00a0<strong>Ulises Lara<\/strong>, explic\u00f3 que el intento de detenci\u00f3n de\u00a0<strong>Corral Jurado<\/strong>\u00a0por parte de la\u00a0<strong>Fiscal\u00eda Anticorrupci\u00f3n del Estado de Chihuahua\u00a0<\/strong>fue ilegal por las siguientes razones:<\/p>\n<div id=\"ros-inread-8vira4\" class=\"ad-container dfp-ad-unit ad-inread ad-main-inread ad-slot\" data-ad-type=\"inread\" data-slot=\"inread\" data-ad-loaded=\"1\" data-ad-setup=\"{&quot;postID&quot;:1645131,&quot;canRefresh&quot;:false,&quot;infinitescroll&quot;:false}\" data-google-query-id=\"COvH8c7EhogDFVuupgQdaCItsw\">\n<div id=\"google_ads_iframe_\/76814929\/ld\/inread_0__container__\"><iframe id=\"google_ads_iframe_\/76814929\/ld\/inread_0\" tabindex=\"0\" title=\"3rd party ad content\" name=\"google_ads_iframe_\/76814929\/ld\/inread_0\" width=\"1\" height=\"1\" frameborder=\"0\" marginwidth=\"0\" marginheight=\"0\" scrolling=\"no\" aria-label=\"Advertisement\" data-load-complete=\"true\" data-google-container-id=\"7\" data-mce-fragment=\"1\"><\/iframe><\/div>\n<\/div>\n<ul>\n<li>La\u00a0<strong>Fiscal\u00eda Anticorrupci\u00f3n de Chihuahua\u00a0<\/strong>no forma parte del\u00a0<strong>convenio de colaboraci\u00f3n<\/strong>\u00a0que celebraron la\u00a0<strong>Procuradur\u00eda General de la Rep\u00fablica<\/strong>\u00a0(hoy\u00a0<strong>FGR<\/strong>), la Procuradur\u00eda General de Justicia Militar y las Procuradur\u00edas y Fiscal\u00edas Generales de Justicia de las entidades federativas, el cual fue publicado en el Diario Oficial de la Federaci\u00f3n el 23 de noviembre de 2012.<\/li>\n<li>A la\u00a0<strong>Fiscal\u00eda Anticorrupci\u00f3n del Estado de Chihuahua<\/strong>\u00a0no le son aplicables los mecanismos para la coordinaci\u00f3n y colaboraci\u00f3n rec\u00edproca, convenidos por las instituciones que lo celebraron, debido a que se trata de un \u00f3rgano constitucional aut\u00f3nomo especializado (con base en las leyes estatales).<\/li>\n<li>La\u00a0<strong>Fiscal\u00eda Anticorrupci\u00f3n de Chihuahua\u00a0<\/strong>no forma parte de la estructura org\u00e1nica de la Fiscal\u00eda General del Estado de Chihuahua.<\/li>\n<\/ul>\n<p>Adem\u00e1s, se\u00f1al\u00f3 que detr\u00e1s de la actuaci\u00f3n de la\u00a0<strong>Fiscal\u00eda Anticorrupci\u00f3n de Chihuahua\u00a0<\/strong>habr\u00eda motivos pol\u00edticos.<\/p>\n<p>Con informaci\u00f3n de L\u00f3pez-D\u00f3riga Digital<\/p>\n<\/div>\n<\/div>\n<\/div>\n<\/div>\n","protected":false},"excerpt":{"rendered":"<p>La Fiscal\u00eda de la CDMX se\u00f1al\u00f3 que en su investigaci\u00f3n sobre el intento de detenci\u00f3n de Javier Corral se \u201cdesprende la posible comisi\u00f3n de hechos\u201d de competencia federal. La\u00a0Fiscal\u00eda General de Justicia\u00a0de la\u00a0Ciudad de M\u00e9xico, a trav\u00e9s de su\u00a0Fiscal\u00eda Especializada en Combate a la Corrupci\u00f3n, remiti\u00f3 a la\u00a0Fiscal\u00eda General de la Rep\u00fablica\u00a0(FGR) un desglose de la\u00a0carpeta de investigaci\u00f3n\u00a0iniciada con motivo del intento de detenci\u00f3n de\u00a0Javier Corral, exgobernador de\u00a0Chihuahua, ocurrido el 14 de agosto en un restaurante de la colonia\u00a0Roma, en la capital. Por medio de un comunicado, la\u00a0Fiscal\u00eda capitalina\u00a0se\u00f1al\u00f3 que en la investigaci\u00f3n que realiza la\u00a0Fiscal\u00eda para la Investigaci\u00f3n de [&hellip;]<\/p>\n","protected":false},"author":3,"featured_media":101526,"comment_status":"open","ping_status":"open","sticky":false,"template":"","format":"standard","meta":{"_jetpack_newsletter_access":"","_jetpack_dont_email_post_to_subs":false,"_jetpack_newsletter_tier_id":0,"_jetpack_memberships_contains_paywalled_content":false,"_jetpack_feature_clip_id":0,"_jetpack_memberships_contains_paid_content":false,"footnotes":"","jetpack_publicize_message":"","jetpack_publicize_feature_enabled":true,"jetpack_social_post_already_shared":true,"jetpack_social_options":{"image_generator_settings":{"template":"highway","default_image_id":0,"font":"","enabled":false},"version":2},"jetpack_post_was_ever_published":false},"categories":[75,72],"tags":[],"class_list":["post-101524","post","type-post","status-publish","format-standard","has-post-thumbnail","hentry","category-nacional","category-portada","post--single"],"jetpack_publicize_connections":[],"jetpack_featured_media_url":"https:\/\/ovelanalista.com\/wp-content\/uploads\/2024\/08\/gobernador-javier-corral.webp","jetpack_sharing_enabled":true,"_links":{"self":[{"href":"https:\/\/ovelanalista.com\/index.php?rest_route=\/wp\/v2\/posts\/101524","targetHints":{"allow":["GET"]}}],"collection":[{"href":"https:\/\/ovelanalista.com\/index.php?rest_route=\/wp\/v2\/posts"}],"about":[{"href":"https:\/\/ovelanalista.com\/index.php?rest_route=\/wp\/v2\/types\/post"}],"author":[{"embeddable":true,"href":"https:\/\/ovelanalista.com\/index.php?rest_route=\/wp\/v2\/users\/3"}],"replies":[{"embeddable":true,"href":"https:\/\/ovelanalista.com\/index.php?rest_route=%2Fwp%2Fv2%2Fcomments&post=101524"}],"version-history":[{"count":1,"href":"https:\/\/ovelanalista.com\/index.php?rest_route=\/wp\/v2\/posts\/101524\/revisions"}],"predecessor-version":[{"id":101528,"href":"https:\/\/ovelanalista.com\/index.php?rest_route=\/wp\/v2\/posts\/101524\/revisions\/101528"}],"wp:featuredmedia":[{"embeddable":true,"href":"https:\/\/ovelanalista.com\/index.php?rest_route=\/wp\/v2\/media\/101526"}],"wp:attachment":[{"href":"https:\/\/ovelanalista.com\/index.php?rest_route=%2Fwp%2Fv2%2Fmedia&parent=101524"}],"wp:term":[{"taxonomy":"category","embeddable":true,"href":"https:\/\/ovelanalista.com\/index.php?rest_route=%2Fwp%2Fv2%2Fcategories&post=101524"},{"taxonomy":"post_tag","embeddable":true,"href":"https:\/\/ovelanalista.com\/index.php?rest_route=%2Fwp%2Fv2%2Ftags&post=101524"}],"curies":[{"name":"wp","href":"https:\/\/api.w.org\/{rel}","templated":true}]}}