{"id":101539,"date":"2024-08-21T16:30:30","date_gmt":"2024-08-21T22:30:30","guid":{"rendered":"https:\/\/ovelanalista.com\/?p=101539"},"modified":"2024-08-21T11:08:46","modified_gmt":"2024-08-21T17:08:46","slug":"ruben-rocha-moya-responde-a-la-fgr-sobre-su-viaje-a-los-angeles-en-relacion-con-el-caso-cuen-ojeda","status":"publish","type":"post","link":"https:\/\/ovelanalista.com\/?p=101539","title":{"rendered":"Rub\u00e9n Rocha Moya responde a la FGR sobre su viaje a Los \u00c1ngeles en relaci\u00f3n con el caso Cu\u00e9n Ojeda"},"content":{"rendered":"<p class=\"subTitle text-2xl mb-5\">El gobernador de Sinaloa colabora con la investigaci\u00f3n federal del homicidio de H\u00e9ctor Melesio Cu\u00e9n Ojeda y aclara que solicit\u00f3 la atracci\u00f3n del caso para evitar sospechas.<\/p>\n<p class=\"sc__font-paragraph\">El gobernador del estado,\u00a0<b>Rub\u00e9n Rocha Moya<\/b>\u00a0dijo que ya respondi\u00f3 a la Fiscal\u00eda General de la Republica la informaci\u00f3n solicitada sobre su viaje de vacaciones a los \u00c1ngeles California, los motivos de este y la justificaci\u00f3n del mismo, con motivo de la investigaci\u00f3n que asumi\u00f3 sobre el\u00a0<b>homicidio de\u00a0<\/b><a href=\"https:\/\/www.eluniversal.com.mx\/estados\/en-sesion-extraordinaria-congreso-de-sinaloa-aprueba-renuncia-de-fiscal-por-caso-hector-melesio-cuen-ojeda\/\" target=\"_blank\" rel=\"noopener\" data-mrf-link=\"https:\/\/www.eluniversal.com.mx\/estados\/en-sesion-extraordinaria-congreso-de-sinaloa-aprueba-renuncia-de-fiscal-por-caso-hector-melesio-cuen-ojeda\/\"><b>H\u00e9ctor Melesio Cu\u00e9n Ojeda<\/b><\/a><b>.<\/b><\/p>\n<p class=\"sc__font-paragraph\">Subray\u00f3 que no desea tener informaci\u00f3n exclusiva sobre los avances que se tengan en las investigaciones del caso, ya que espera, como toda la poblaci\u00f3n, conocerlas, cuando la instancia federal las divulgue.<\/p>\n<p class=\"sc__font-paragraph\">Record\u00f3 que \u00e9l mismo solicit\u00f3 que la instancia judicial federal ejerciera la atracci\u00f3n de este caso, para eliminar cualquier tipo de duda o sospecha que surja en relaci\u00f3n a este caso, por lo que va a colaborar con las indagaciones.<\/p>\n<p class=\"sc__font-paragraph\">Durante una entrevista radiof\u00f3nica con \u201cLos Noticieritas\u201d, el ejecutivo estatal aludi\u00f3 el caso de la carta publicada por el abogado de Ismael\u00a0<b>\u201c<\/b><a href=\"https:\/\/www.eluniversal.com.mx\/nacion\/sinaloa-registra-10-asesinatos-ligados-a-captura-de-el-mayo-zambada-refuerzan-seguridad-con-600-militares\/\" target=\"_blank\" rel=\"noopener\" data-mrf-link=\"https:\/\/www.eluniversal.com.mx\/nacion\/sinaloa-registra-10-asesinatos-ligados-a-captura-de-el-mayo-zambada-refuerzan-seguridad-con-600-militares\/\"><b>El Mayo Zambada<\/b><\/a><b>\u201d<\/b>, en relaci\u00f3n a su detenci\u00f3n, en el sentido que esta divulgaci\u00f3n, primeramente platico con el\u00a0<b>presidente de la Rep\u00fablica<\/b>, en su visita a la entidad, sobre su postura del caso.<\/p>\n<p class=\"sc__font-paragraph\">Rocha Moya manifest\u00f3 que aprovech\u00f3 la estancia del ejecutivo federal en un evento en Culiac\u00e1n, para solicitarle que interviniera ante la Fiscal\u00eda\u00a0General de la Rep\u00fablica que ejerciera su facultad de atracci\u00f3n del homicidio de Cu\u00e9n Ojeda, por lo que esta instancia ya le solicit\u00f3 informaci\u00f3n sobre su viaje al extranjero.<\/p>\n<p class=\"sc__font-paragraph\">Sobre las observaciones realizadas por la autoridad federal sobre la carpeta de investigaci\u00f3n que entreg\u00f3 el \u00d3rgano Aut\u00f3nomo del Estado, sobre los avances del homicidio de Cu\u00e9n Ojeda, indic\u00f3 que analiz\u00f3 el contenido y platic\u00f3 con la Fiscal General del Estado,\u00a0<b>Sara Bruna Qui\u00f1onez Estrada<\/b>\u00a0a la que le recomend\u00f3 renunciar.<\/p>\n<p class=\"sc__font-paragraph\">Aclar\u00f3 que no deseaba \u201clastimarla\u201d, con su destituci\u00f3n, por lo que platic\u00f3 con ella, se analizaron las condiciones jur\u00eddicas y la forma de una separaci\u00f3n voluntaria, por lo que esta notific\u00f3 al Congreso del Estado su decisi\u00f3n de separarse del cargo.<\/p>\n<p>Con informaci\u00f3n de El Universal<\/p>\n<p>&nbsp;<\/p>\n","protected":false},"excerpt":{"rendered":"<p>El gobernador de Sinaloa colabora con la investigaci\u00f3n federal del homicidio de H\u00e9ctor Melesio Cu\u00e9n Ojeda y aclara que solicit\u00f3 la atracci\u00f3n del caso para evitar sospechas. El gobernador del estado,\u00a0Rub\u00e9n Rocha Moya\u00a0dijo que ya respondi\u00f3 a la Fiscal\u00eda General de la Republica la informaci\u00f3n solicitada sobre su viaje de vacaciones a los \u00c1ngeles California, los motivos de este y la justificaci\u00f3n del mismo, con motivo de la investigaci\u00f3n que asumi\u00f3 sobre el\u00a0homicidio de\u00a0H\u00e9ctor Melesio Cu\u00e9n Ojeda. Subray\u00f3 que no desea tener informaci\u00f3n exclusiva sobre los avances que se tengan en las investigaciones del caso, ya que espera, como toda [&hellip;]<\/p>\n","protected":false},"author":3,"featured_media":101541,"comment_status":"open","ping_status":"open","sticky":false,"template":"","format":"standard","meta":{"_jetpack_newsletter_access":"","_jetpack_dont_email_post_to_subs":false,"_jetpack_newsletter_tier_id":0,"_jetpack_memberships_contains_paywalled_content":false,"_jetpack_feature_clip_id":0,"_jetpack_memberships_contains_paid_content":false,"footnotes":"","jetpack_publicize_message":"","jetpack_publicize_feature_enabled":true,"jetpack_social_post_already_shared":true,"jetpack_social_options":{"image_generator_settings":{"template":"highway","default_image_id":0,"font":"","enabled":false},"version":2},"jetpack_post_was_ever_published":false},"categories":[90,72],"tags":[],"class_list":["post-101539","post","type-post","status-publish","format-standard","has-post-thumbnail","hentry","category-estatal","category-portada","post--single"],"jetpack_publicize_connections":[],"jetpack_featured_media_url":"https:\/\/ovelanalista.com\/wp-content\/uploads\/2024\/08\/Captura-de-Pantalla-2024-08-21-a-las-10.06.48.png","jetpack_sharing_enabled":true,"_links":{"self":[{"href":"https:\/\/ovelanalista.com\/index.php?rest_route=\/wp\/v2\/posts\/101539","targetHints":{"allow":["GET"]}}],"collection":[{"href":"https:\/\/ovelanalista.com\/index.php?rest_route=\/wp\/v2\/posts"}],"about":[{"href":"https:\/\/ovelanalista.com\/index.php?rest_route=\/wp\/v2\/types\/post"}],"author":[{"embeddable":true,"href":"https:\/\/ovelanalista.com\/index.php?rest_route=\/wp\/v2\/users\/3"}],"replies":[{"embeddable":true,"href":"https:\/\/ovelanalista.com\/index.php?rest_route=%2Fwp%2Fv2%2Fcomments&post=101539"}],"version-history":[{"count":1,"href":"https:\/\/ovelanalista.com\/index.php?rest_route=\/wp\/v2\/posts\/101539\/revisions"}],"predecessor-version":[{"id":101543,"href":"https:\/\/ovelanalista.com\/index.php?rest_route=\/wp\/v2\/posts\/101539\/revisions\/101543"}],"wp:featuredmedia":[{"embeddable":true,"href":"https:\/\/ovelanalista.com\/index.php?rest_route=\/wp\/v2\/media\/101541"}],"wp:attachment":[{"href":"https:\/\/ovelanalista.com\/index.php?rest_route=%2Fwp%2Fv2%2Fmedia&parent=101539"}],"wp:term":[{"taxonomy":"category","embeddable":true,"href":"https:\/\/ovelanalista.com\/index.php?rest_route=%2Fwp%2Fv2%2Fcategories&post=101539"},{"taxonomy":"post_tag","embeddable":true,"href":"https:\/\/ovelanalista.com\/index.php?rest_route=%2Fwp%2Fv2%2Ftags&post=101539"}],"curies":[{"name":"wp","href":"https:\/\/api.w.org\/{rel}","templated":true}]}}