{"id":101542,"date":"2024-08-21T16:45:32","date_gmt":"2024-08-21T22:45:32","guid":{"rendered":"https:\/\/ovelanalista.com\/?p=101542"},"modified":"2024-08-21T11:21:16","modified_gmt":"2024-08-21T17:21:16","slug":"efecto-mayo-zambada-como-cambio-la-tendencia-de-homicidios-en-sinaloa-tras-la-captura-del-capo","status":"publish","type":"post","link":"https:\/\/ovelanalista.com\/?p=101542","title":{"rendered":"Efecto Mayo Zambada: \u00bfC\u00f3mo cambi\u00f3 la tendencia de homicidios en Sinaloa tras la captura del capo?"},"content":{"rendered":"<h2 class=\"article-subheadline left\">Las cifras de asesinatos reflejan un panorama de tensi\u00f3n en la regi\u00f3n.<\/h2>\n<p>La reciente captura de<b>\u00a0Ismael \u201cEl Mayo\u201d Zambada<\/b>, narcotraficante cofundador del\u00a0<b>C\u00e1rtel de Sinaloa,<\/b>\u00a0ha desatado una serie de homicidios en el estado de Sinaloa, lo que ha llevado al gobierno mexicano a reforzar la seguridad en la regi\u00f3n con la movilizaci\u00f3n de 600 militares. Este despliegue busca controlar la creciente violencia vinculada a la detenci\u00f3n del capo y otros l\u00edderes del\u00a0<b>narcotr\u00e1fico<\/b>.<\/p>\n<p>El gobernador de Sinaloa,<b>\u00a0Rub\u00e9n Rocha Moya,<\/b>\u00a0inform\u00f3 el pasado lunes que 10 personas fueron asesinadas en hechos relacionados con la captura del narcotraficante, ocurrida el 25 de julio.<\/p>\n<p>Cuatro homicidios se registraron el viernes pasado y seis m\u00e1s el s\u00e1bado, destacando la\u00a0<b>violencia\u00a0<\/b>que sigue a la captura de Zambada y Joaqu\u00edn Guzm\u00e1n L\u00f3pez, hijo de Joaqu\u00edn \u201cEl Chapo\u201d Guzm\u00e1n. Los cr\u00edmenes, seg\u00fan Rocha Moya, est\u00e1n directamente relacionados con las tensiones generadas por la detenci\u00f3n de estos l\u00edderes criminales.<\/p>\n<p><img loading=\"lazy\" decoding=\"async\" class=\"alignnone  wp-image-101544\" src=\"https:\/\/ovelanalista.com\/wp-content\/uploads\/2024\/08\/Captura-de-Pantalla-2024-08-21-a-las-10.09.23-300x171.png\" alt=\"\" width=\"656\" height=\"374\" srcset=\"https:\/\/ovelanalista.com\/wp-content\/uploads\/2024\/08\/Captura-de-Pantalla-2024-08-21-a-las-10.09.23-300x171.png 300w, https:\/\/ovelanalista.com\/wp-content\/uploads\/2024\/08\/Captura-de-Pantalla-2024-08-21-a-las-10.09.23-1024x582.png 1024w, https:\/\/ovelanalista.com\/wp-content\/uploads\/2024\/08\/Captura-de-Pantalla-2024-08-21-a-las-10.09.23-768x437.png 768w, https:\/\/ovelanalista.com\/wp-content\/uploads\/2024\/08\/Captura-de-Pantalla-2024-08-21-a-las-10.09.23-1536x874.png 1536w, https:\/\/ovelanalista.com\/wp-content\/uploads\/2024\/08\/Captura-de-Pantalla-2024-08-21-a-las-10.09.23-400x228.png 400w, https:\/\/ovelanalista.com\/wp-content\/uploads\/2024\/08\/Captura-de-Pantalla-2024-08-21-a-las-10.09.23-750x427.png 750w, https:\/\/ovelanalista.com\/wp-content\/uploads\/2024\/08\/Captura-de-Pantalla-2024-08-21-a-las-10.09.23-1140x648.png 1140w, https:\/\/ovelanalista.com\/wp-content\/uploads\/2024\/08\/Captura-de-Pantalla-2024-08-21-a-las-10.09.23.png 1600w\" sizes=\"auto, (max-width: 656px) 100vw, 656px\" \/><\/p>\n<p class=\"paragraph\" data-mrf-recirculation=\"Links inline\">El presidente\u00a0<b>Andr\u00e9s Manuel L\u00f3pez Obrador\u00a0<\/b>expres\u00f3 su preocupaci\u00f3n por la situaci\u00f3n en Sinaloa, afirmando que el gobierno federal est\u00e1 comprometido en evitar que la violencia en el estado se agrave. En respuesta a los recientes brotes de violencia, el gobierno ha enviado un contingente de cientos de soldados a Culiac\u00e1n para reforzar la seguridad, con patrullajes en las principales calles de la ciudad y veh\u00edculos equipados con armamentos pesados.<\/p>\n<div class=\"headline-wrapper\">\n<h2 class=\"header headline-class-h2\">Tendencia de homicidios<\/h2>\n<p>En el contexto de Sinaloa, donde la violencia y los\u00a0<b>homicidios\u00a0<\/b>est\u00e1n profundamente influenciados por las din\u00e1micas del<b>\u00a0crimen organizado<\/b>, la captura de Ismael \u201cEl Mayo\u201d Zambada el 25 de julio de 2024 marc\u00f3 un momento crucial.<\/p>\n<p class=\"paragraph\" data-mrf-recirculation=\"Links inline\">Antes de su arresto, la cantidad diaria de homicidios en julio fluctuaba considerablemente, con cifras variando entre 0 y 7 homicidios por d\u00eda, con un\u00a0<b>promedio general que se situaba en torno a 1 o 2 incidentes diarios.<\/b><\/p>\n<p class=\"paragraph\" data-mrf-recirculation=\"Links inline\">Este aumento en la violencia continu\u00f3 inmediatamente despu\u00e9s del arresto, con cifras de homicidios elevadas durante los d\u00edas siguientes. El\u00a0<b>25 y 26 de julio se reportaron 4 y 6 homicidios respectivamente<\/b>, evidenciando un per\u00edodo de alta tensi\u00f3n y reacciones violentas.<\/p>\n<p class=\"paragraph\" data-mrf-recirculation=\"Links inline\"><i><b>NOTA<\/b><\/i><i>: En el siguiente gr\u00e1fico interactivo, col\u00f3cate sobre la fecha para ver el n\u00famero de homicidios registrados, seg\u00fan el\u00a0<\/i><i><b>Secretariado Ejecutivo del Sistema Nacional de Seguridad P\u00fablica (SESNSP).<\/b><\/i><\/p>\n<p data-mrf-recirculation=\"Links inline\"><img loading=\"lazy\" decoding=\"async\" class=\"alignnone  wp-image-101546\" src=\"https:\/\/ovelanalista.com\/wp-content\/uploads\/2024\/08\/Captura-de-Pantalla-2024-08-21-a-las-10.11.27-300x214.png\" alt=\"\" width=\"711\" height=\"507\" srcset=\"https:\/\/ovelanalista.com\/wp-content\/uploads\/2024\/08\/Captura-de-Pantalla-2024-08-21-a-las-10.11.27-300x214.png 300w, https:\/\/ovelanalista.com\/wp-content\/uploads\/2024\/08\/Captura-de-Pantalla-2024-08-21-a-las-10.11.27-1024x729.png 1024w, https:\/\/ovelanalista.com\/wp-content\/uploads\/2024\/08\/Captura-de-Pantalla-2024-08-21-a-las-10.11.27-768x547.png 768w, https:\/\/ovelanalista.com\/wp-content\/uploads\/2024\/08\/Captura-de-Pantalla-2024-08-21-a-las-10.11.27-1536x1094.png 1536w, https:\/\/ovelanalista.com\/wp-content\/uploads\/2024\/08\/Captura-de-Pantalla-2024-08-21-a-las-10.11.27-400x285.png 400w, https:\/\/ovelanalista.com\/wp-content\/uploads\/2024\/08\/Captura-de-Pantalla-2024-08-21-a-las-10.11.27-120x86.png 120w, https:\/\/ovelanalista.com\/wp-content\/uploads\/2024\/08\/Captura-de-Pantalla-2024-08-21-a-las-10.11.27-350x250.png 350w, https:\/\/ovelanalista.com\/wp-content\/uploads\/2024\/08\/Captura-de-Pantalla-2024-08-21-a-las-10.11.27-750x534.png 750w, https:\/\/ovelanalista.com\/wp-content\/uploads\/2024\/08\/Captura-de-Pantalla-2024-08-21-a-las-10.11.27-1140x812.png 1140w, https:\/\/ovelanalista.com\/wp-content\/uploads\/2024\/08\/Captura-de-Pantalla-2024-08-21-a-las-10.11.27.png 1626w\" sizes=\"auto, (max-width: 711px) 100vw, 711px\" \/><\/p>\n<p class=\"paragraph\" data-mrf-recirculation=\"Links inline\">La segunda quincena de julio y la primera semana de agosto mostraron una tendencia m\u00e1s estable, aunque con algunos d\u00edas sobresalientes en t\u00e9rminos de violencia. En esta etapa, el n\u00famero de homicidios oscil\u00f3 entre<b>\u00a00 y 2 casos\u00a0<\/b>en la mayor\u00eda de los d\u00edas.<\/p>\n<p class=\"paragraph\" data-mrf-recirculation=\"Links inline\">A medida que agosto avanzaba, la violencia mostr\u00f3 una tendencia m\u00e1s variable, con picos espor\u00e1dicos en los homicidios. Aunque hubo d\u00edas de relativa calma con pocas o ninguna v\u00edctima, la tendencia al alza volvi\u00f3 a hacerse evidentes\u00a0<b>a partir del 8 de agosto, cuando se registraron 4 homicidios.<\/b><\/p>\n<p class=\"paragraph\" data-mrf-recirculation=\"Links inline\">Luego, despu\u00e9s de tres d\u00edas sin homicidios del 11 al 13 de agosto, el\u00a0<b>14 de agosto\u00a0<\/b>se registraron 4 homicidios. Este aumento en la violencia se mantuvo el 15 de agosto, con 1 homicidio reportado. Sin embargo, la violencia resurgi\u00f3 el\u00a0<b>16 de agosto con 4 homicidios y se intensific\u00f3 a\u00fan m\u00e1s el 17 de agosto, cuando se registraron 6 homicidios.<\/b><\/p>\n<p class=\"paragraph\" data-mrf-recirculation=\"Links inline\">El 18 de agosto, la cifra de homicidios baj\u00f3 a 2, y el 19 de agosto se observ\u00f3 una notable disminuci\u00f3n con 0 homicidios.<\/p>\n<p class=\"paragraph\" data-mrf-recirculation=\"Links inline\">La detenci\u00f3n de Ismael \u201cEl Mayo\u201d Zambada y\u00a0<b>Joaqu\u00edn Guzm\u00e1n L\u00f3pez,\u00a0<\/b>que tuvo lugar en Nuevo M\u00e9xico, ha generado una serie de reacciones violentas en Sinaloa, aunque no con respuestas inmediatas debido a las m\u00faltiples versiones sobre posibles entregas pactadas o bien\u00a0<b>traici\u00f3n y secuestro.<\/b><\/p>\n<div class=\"visual__image\"><img loading=\"lazy\" decoding=\"async\" class=\"\" src=\"https:\/\/www.infobae.com\/new-resizer\/tFnW3WWVLL9mYRzt0UtfqWoqvzA=\/420x420\/filters:format(webp):quality(85)\/cloudfront-us-east-1.images.arcpublishing.com\/infobae\/QZGUJ6MU6ZHOBHSJKJTTGUOLCY.jpg%20420w\" sizes=\"auto, (min-width: 1560px) 856px, (min-width: 1000px) calc(74.63vw - 293px), (min-width: 780px) calc(100vw - 376px), (min-width: 580px) calc(100vw - 32px), 100vw\" srcset=\"https:\/\/www.infobae.com\/new-resizer\/tFnW3WWVLL9mYRzt0UtfqWoqvzA=\/420x420\/filters:format(webp):quality(85)\/cloudfront-us-east-1.images.arcpublishing.com\/infobae\/QZGUJ6MU6ZHOBHSJKJTTGUOLCY.jpg 420w,https:\/\/www.infobae.com\/new-resizer\/A7w2DgBMEBJKdgQBa7XxRgbq1Kk=\/768x768\/filters:format(webp):quality(85)\/cloudfront-us-east-1.images.arcpublishing.com\/infobae\/QZGUJ6MU6ZHOBHSJKJTTGUOLCY.jpg 768w,https:\/\/www.infobae.com\/new-resizer\/aAp0NjsywSS78tLTGY6KtYnMy_w=\/992x992\/filters:format(webp):quality(85)\/cloudfront-us-east-1.images.arcpublishing.com\/infobae\/QZGUJ6MU6ZHOBHSJKJTTGUOLCY.jpg 992w,https:\/\/www.infobae.com\/new-resizer\/5BfVzwCJ-fQWMvbn4AF8EhZOGIU=\/1200x1200\/filters:format(webp):quality(85)\/cloudfront-us-east-1.images.arcpublishing.com\/infobae\/QZGUJ6MU6ZHOBHSJKJTTGUOLCY.jpg 1200w,https:\/\/www.infobae.com\/new-resizer\/lfHCLaN7HnUZ2ZZVID8zbtmbadw=\/1440x1440\/filters:format(webp):quality(85)\/cloudfront-us-east-1.images.arcpublishing.com\/infobae\/QZGUJ6MU6ZHOBHSJKJTTGUOLCY.jpg 1440w\" alt=\"El gobierno de los Estados Unidos ofrec\u00edan un recompensa de 4 millones de d\u00f3lares por la captura de Mart\u00edn Garc\u00eda Corrales, quien fue asesinado el fin de semana.  Foto: DEA\" width=\"1920\" height=\"1681\" data-src=\"https:\/\/www.infobae.com\/new-resizer\/tFnW3WWVLL9mYRzt0UtfqWoqvzA=\/420x420\/filters:format(webp):quality(85)\/cloudfront-us-east-1.images.arcpublishing.com\/infobae\/QZGUJ6MU6ZHOBHSJKJTTGUOLCY.jpg 420w\" \/>El gobierno de los Estados Unidos ofrec\u00edan un recompensa de 4 millones de d\u00f3lares por la captura de Mart\u00edn Garc\u00eda Corrales, quien fue asesinado el fin de semana. Foto: DEA<\/div>\n<p class=\"paragraph\" data-mrf-recirculation=\"Links inline\">Zambada Garc\u00eda, conocido por ser el cofundador del C\u00e1rtel de Sinaloa junto al Chapo, ha alegado en una carta reciente que fue secuestrado y entregado por Guzm\u00e1n L\u00f3pez, quien forma parte del grupo\u00a0<b>Los Chapitos,\u00a0<\/b>lo que ha complicado a\u00fan m\u00e1s la situaci\u00f3n. Dicha versi\u00f3n, tambi\u00e9n salpic\u00f3 al gobernador Rocha Moya, quien ha rechazado que se iba a reunir con el capo ese jueves.<\/p>\n<p class=\"paragraph\" data-mrf-recirculation=\"Links inline\">Cabe apuntar que entre los asesinados del pasado fin de semana se encuentra Mart\u00edn Garc\u00eda Corrales, presunto colaborador cercano de Zambada, por quien Estados Unidos hab\u00eda ofrecido una recompensa de cuatro millones de d\u00f3lares. Garc\u00eda Corrales, acusado de conspiraci\u00f3n para importar fentanilo y posesi\u00f3n de armas, es una figura clave en la investigaci\u00f3n de la DEA.<\/p>\n<p class=\"paragraph\" data-mrf-recirculation=\"Links inline\">La situaci\u00f3n en Sinaloa tambi\u00e9n ha visto la renuncia de Sara Qui\u00f1\u00f3nez, fiscal del estado, tras la desacreditaci\u00f3n de su investigaci\u00f3n sobre la muerte del diputado electo H\u00e9ctor Cu\u00e9n. Zambada hab\u00eda vinculado la muerte del tambi\u00e9n exrector de la Universidad Aut\u00f3noma de Sinaloa (UAS) con su propia captura, alegando que fue asesinado durante el encuentro que precedi\u00f3 a su traslado a Estados Unidos.<\/p>\n<p class=\"paragraph\" data-mrf-recirculation=\"Links inline\">Expertos en seguridad, como Mike Vigil, exagente de la DEA, han cuestionado las intenciones pacifistas de Zambada, sugiriendo que su llamada en la carta a evitar confrontaciones podr\u00eda ser una maniobra para fortalecer al C\u00e1rtel de Sinaloa frente a su rival, el C\u00e1rtel Jalisco Nueva Generaci\u00f3n (CJNG), el grupo criminal que se ver\u00eda m\u00e1s favorecido con la divisi\u00f3n al interior de este c\u00e1rtel entre la facci\u00f3n de Los Chapitos y la de El Mayo, ahora en manos de su hijo Ismael Zambada Sicairos, alias<b>\u00a0El Mayito Flaco.<\/b><\/p>\n<\/div>\n<p data-mrf-recirculation=\"Links inline\">\n<p data-mrf-recirculation=\"Links inline\">Con informaci\u00f3n de Infobae<\/p>\n","protected":false},"excerpt":{"rendered":"<p>Las cifras de asesinatos reflejan un panorama de tensi\u00f3n en la regi\u00f3n. La reciente captura de\u00a0Ismael \u201cEl Mayo\u201d Zambada, narcotraficante cofundador del\u00a0C\u00e1rtel de Sinaloa,\u00a0ha desatado una serie de homicidios en el estado de Sinaloa, lo que ha llevado al gobierno mexicano a reforzar la seguridad en la regi\u00f3n con la movilizaci\u00f3n de 600 militares. Este despliegue busca controlar la creciente violencia vinculada a la detenci\u00f3n del capo y otros l\u00edderes del\u00a0narcotr\u00e1fico. El gobernador de Sinaloa,\u00a0Rub\u00e9n Rocha Moya,\u00a0inform\u00f3 el pasado lunes que 10 personas fueron asesinadas en hechos relacionados con la captura del narcotraficante, ocurrida el 25 de julio. Cuatro homicidios [&hellip;]<\/p>\n","protected":false},"author":3,"featured_media":101547,"comment_status":"open","ping_status":"open","sticky":false,"template":"","format":"standard","meta":{"_jetpack_newsletter_access":"","_jetpack_dont_email_post_to_subs":false,"_jetpack_newsletter_tier_id":0,"_jetpack_memberships_contains_paywalled_content":false,"_jetpack_feature_clip_id":0,"_jetpack_memberships_contains_paid_content":false,"footnotes":"","jetpack_publicize_message":"","jetpack_publicize_feature_enabled":true,"jetpack_social_post_already_shared":true,"jetpack_social_options":{"image_generator_settings":{"template":"highway","default_image_id":0,"font":"","enabled":false},"version":2},"jetpack_post_was_ever_published":false},"categories":[75,72],"tags":[],"class_list":["post-101542","post","type-post","status-publish","format-standard","has-post-thumbnail","hentry","category-nacional","category-portada","post--single"],"jetpack_publicize_connections":[],"jetpack_featured_media_url":"https:\/\/ovelanalista.com\/wp-content\/uploads\/2024\/08\/Captura-de-Pantalla-2024-08-21-a-las-10.13.10.png","jetpack_sharing_enabled":true,"_links":{"self":[{"href":"https:\/\/ovelanalista.com\/index.php?rest_route=\/wp\/v2\/posts\/101542","targetHints":{"allow":["GET"]}}],"collection":[{"href":"https:\/\/ovelanalista.com\/index.php?rest_route=\/wp\/v2\/posts"}],"about":[{"href":"https:\/\/ovelanalista.com\/index.php?rest_route=\/wp\/v2\/types\/post"}],"author":[{"embeddable":true,"href":"https:\/\/ovelanalista.com\/index.php?rest_route=\/wp\/v2\/users\/3"}],"replies":[{"embeddable":true,"href":"https:\/\/ovelanalista.com\/index.php?rest_route=%2Fwp%2Fv2%2Fcomments&post=101542"}],"version-history":[{"count":1,"href":"https:\/\/ovelanalista.com\/index.php?rest_route=\/wp\/v2\/posts\/101542\/revisions"}],"predecessor-version":[{"id":101548,"href":"https:\/\/ovelanalista.com\/index.php?rest_route=\/wp\/v2\/posts\/101542\/revisions\/101548"}],"wp:featuredmedia":[{"embeddable":true,"href":"https:\/\/ovelanalista.com\/index.php?rest_route=\/wp\/v2\/media\/101547"}],"wp:attachment":[{"href":"https:\/\/ovelanalista.com\/index.php?rest_route=%2Fwp%2Fv2%2Fmedia&parent=101542"}],"wp:term":[{"taxonomy":"category","embeddable":true,"href":"https:\/\/ovelanalista.com\/index.php?rest_route=%2Fwp%2Fv2%2Fcategories&post=101542"},{"taxonomy":"post_tag","embeddable":true,"href":"https:\/\/ovelanalista.com\/index.php?rest_route=%2Fwp%2Fv2%2Ftags&post=101542"}],"curies":[{"name":"wp","href":"https:\/\/api.w.org\/{rel}","templated":true}]}}