{"id":101549,"date":"2024-08-21T17:00:07","date_gmt":"2024-08-21T23:00:07","guid":{"rendered":"https:\/\/ovelanalista.com\/?p=101549"},"modified":"2024-08-21T11:40:55","modified_gmt":"2024-08-21T17:40:55","slug":"coparmex-apoya-paro-de-trabajadores-del-poder-judicial-llama-a-generar-consensos-por-la-reforma","status":"publish","type":"post","link":"https:\/\/ovelanalista.com\/?p=101549","title":{"rendered":"Coparmex apoya paro de trabajadores del Poder Judicial; llama a generar consensos por la reforma"},"content":{"rendered":"<p>La Confederaci\u00f3n Patronal de la Rep\u00fablica Mexicana (Coparmex) expres\u00f3 su su firme respaldo al paro de labores del Poder Judicial Federal.<\/p>\n<p>La\u00a0<strong>Confederaci\u00f3n Patronal de la Rep\u00fablica Mexicana<\/strong>\u00a0(<strong>Coparmex<\/strong>) manifest\u00f3 su apoyo a los\u00a0<strong>trabajadores<\/strong>\u00a0del\u00a0<strong>Poder Judicial<\/strong>, quienes se encuentran en\u00a0<a href=\"https:\/\/lopezdoriga.com\/nacional\/inicia-paro-indefinido-en-el-poder-judicial-de-la-federacion\/\" target=\"_blank\" rel=\"noopener\"><strong>paro de labores<\/strong><\/a>\u00a0por la\u00a0<strong>reforma<\/strong>\u00a0al sector que impulsa el presidente\u00a0<strong>Andr\u00e9s Manuel L\u00f3pez Obrador<\/strong>.<\/p>\n<blockquote class=\"twitter-tweet\" data-width=\"550\" data-dnt=\"true\">\n<p lang=\"es\" dir=\"ltr\">\ud83d\udd35 En <a href=\"https:\/\/twitter.com\/hashtag\/Coparmex?src=hash&amp;ref_src=twsrc%5Etfw\">#Coparmex<\/a> nos sumamos a la solidaridad con las y los trabajadores del Poder Judicial Federal en su lucha por la defensa de sus derechos laborales frente a la <a href=\"https:\/\/twitter.com\/hashtag\/ReformaJudicial?src=hash&amp;ref_src=twsrc%5Etfw\">#ReformaJudicial<\/a>.<\/p>\n<p>\ud83d\udccc La independencia del PJF es un pilar de nuestra democracia y un compromiso que todos debemos\u2026 <a href=\"https:\/\/t.co\/GnrhCA37uJ\">pic.twitter.com\/GnrhCA37uJ<\/a><\/p>\n<p>&mdash; Coparmex Nacional (@Coparmex) <a href=\"https:\/\/twitter.com\/Coparmex\/status\/1826296832869458202?ref_src=twsrc%5Etfw\">August 21, 2024<\/a><\/p><\/blockquote>\n<p><script async src=\"https:\/\/platform.twitter.com\/widgets.js\" charset=\"utf-8\"><\/script><\/p>\n<p>En un comunicado, Coparmex indic\u00f3 que \u201cla administraci\u00f3n de justicia en M\u00e9xico debe ser independiente, objetiva, profesional y justa, garantizando la imparcialidad en todas sus decisiones\u201d.<\/p>\n<p>Indic\u00f3 que \u201ccualquier modificaci\u00f3n al sistema judicial debe ser resultado de un di\u00e1logo constructivo y consensuado, evitando que estas propuestas debiliten los cimientos de la justicia en nuestro pa\u00eds. Hacemos un llamado a tener un di\u00e1logo respetuoso, sin descalificaciones y en paz. Es la condici\u00f3n para que nuestra vida democr\u00e1tica avance y se consolide\u201d.<\/p>\n<p>Edplic\u00f3 que la posibilidad de elegir jueces y magistrados de manera popular, tal como se plantea en la reforma del presidente L\u00f3pez Obrador, es motivo de \u201cgran preocupaci\u00f3n\u201d.<\/p>\n<p>Esta propuesta puede comprometer la independencia judicial, un pilar fundamental de nuestra democracia. En lugar de erosionar la confianza p\u00fablica y la estabilidad jur\u00eddica, debemos enfocarnos en fortalecer los mecanismos de selecci\u00f3n y evaluaci\u00f3n de quienes administran justicia, asegurando que su experiencia y competencia sean los criterios centrales en su nombramiento.<\/p>\n<p>Por \u00faltimo Coparmex hico un llamado a las autoridades para generar consensos \u201cque lleven a una reforma que no solo acerque la justicia a los ciudadanos, sino que tambi\u00e9n respete la carrera judicial y los derechos de las y los trabajadores del PJF\u201d.<\/p>\n<p>\u201cLa independencia del Poder Judicial es esencial para la protecci\u00f3n de los derechos humanos y el mantenimiento del estado de derecho en M\u00e9xico\u201d, se lee en el bolet\u00edn de prensa.<\/p>\n<p>\u201cLa lucha por una justicia que responda a las necesidades de la sociedad es un compromiso que asumimos con responsabilidad y determinaci\u00f3n. En estos momentos dif\u00edciles, reiteramos que la causa del Poder Judicial es tambi\u00e9n la nuestra. La independencia judicial no conoce fronteras y es un derecho que debemos proteger a toda costa\u201d, puntualiz\u00f3.<\/p>\n<p>Con informaci\u00f3n de L\u00f3pez-D\u00f3riga Digital<\/p>\n","protected":false},"excerpt":{"rendered":"<p>La Confederaci\u00f3n Patronal de la Rep\u00fablica Mexicana (Coparmex) expres\u00f3 su su firme respaldo al paro de labores del Poder Judicial Federal. La\u00a0Confederaci\u00f3n Patronal de la Rep\u00fablica Mexicana\u00a0(Coparmex) manifest\u00f3 su apoyo a los\u00a0trabajadores\u00a0del\u00a0Poder Judicial, quienes se encuentran en\u00a0paro de labores\u00a0por la\u00a0reforma\u00a0al sector que impulsa el presidente\u00a0Andr\u00e9s Manuel L\u00f3pez Obrador. \ud83d\udd35 En #Coparmex nos sumamos a la solidaridad con las y los trabajadores del Poder Judicial Federal en su lucha por la defensa de sus derechos laborales frente a la #ReformaJudicial. \ud83d\udccc La independencia del PJF es un pilar de nuestra democracia y un compromiso que todos debemos\u2026 pic.twitter.com\/GnrhCA37uJ &mdash; Coparmex Nacional [&hellip;]<\/p>\n","protected":false},"author":3,"featured_media":101551,"comment_status":"open","ping_status":"open","sticky":false,"template":"","format":"standard","meta":{"_jetpack_newsletter_access":"","_jetpack_dont_email_post_to_subs":false,"_jetpack_newsletter_tier_id":0,"_jetpack_memberships_contains_paywalled_content":false,"_jetpack_feature_clip_id":0,"_jetpack_memberships_contains_paid_content":false,"footnotes":"","jetpack_publicize_message":"","jetpack_publicize_feature_enabled":true,"jetpack_social_post_already_shared":true,"jetpack_social_options":{"image_generator_settings":{"template":"highway","default_image_id":0,"font":"","enabled":false},"version":2},"jetpack_post_was_ever_published":false},"categories":[75,72],"tags":[],"class_list":["post-101549","post","type-post","status-publish","format-standard","has-post-thumbnail","hentry","category-nacional","category-portada","post--single"],"jetpack_publicize_connections":[],"jetpack_featured_media_url":"https:\/\/ovelanalista.com\/wp-content\/uploads\/2024\/08\/paro-poder-judicial-guanajuato.webp","jetpack_sharing_enabled":true,"_links":{"self":[{"href":"https:\/\/ovelanalista.com\/index.php?rest_route=\/wp\/v2\/posts\/101549","targetHints":{"allow":["GET"]}}],"collection":[{"href":"https:\/\/ovelanalista.com\/index.php?rest_route=\/wp\/v2\/posts"}],"about":[{"href":"https:\/\/ovelanalista.com\/index.php?rest_route=\/wp\/v2\/types\/post"}],"author":[{"embeddable":true,"href":"https:\/\/ovelanalista.com\/index.php?rest_route=\/wp\/v2\/users\/3"}],"replies":[{"embeddable":true,"href":"https:\/\/ovelanalista.com\/index.php?rest_route=%2Fwp%2Fv2%2Fcomments&post=101549"}],"version-history":[{"count":1,"href":"https:\/\/ovelanalista.com\/index.php?rest_route=\/wp\/v2\/posts\/101549\/revisions"}],"predecessor-version":[{"id":101552,"href":"https:\/\/ovelanalista.com\/index.php?rest_route=\/wp\/v2\/posts\/101549\/revisions\/101552"}],"wp:featuredmedia":[{"embeddable":true,"href":"https:\/\/ovelanalista.com\/index.php?rest_route=\/wp\/v2\/media\/101551"}],"wp:attachment":[{"href":"https:\/\/ovelanalista.com\/index.php?rest_route=%2Fwp%2Fv2%2Fmedia&parent=101549"}],"wp:term":[{"taxonomy":"category","embeddable":true,"href":"https:\/\/ovelanalista.com\/index.php?rest_route=%2Fwp%2Fv2%2Fcategories&post=101549"},{"taxonomy":"post_tag","embeddable":true,"href":"https:\/\/ovelanalista.com\/index.php?rest_route=%2Fwp%2Fv2%2Ftags&post=101549"}],"curies":[{"name":"wp","href":"https:\/\/api.w.org\/{rel}","templated":true}]}}