{"id":101550,"date":"2024-08-21T17:15:45","date_gmt":"2024-08-21T23:15:45","guid":{"rendered":"https:\/\/ovelanalista.com\/?p=101550"},"modified":"2024-08-21T11:42:09","modified_gmt":"2024-08-21T17:42:09","slug":"capturan-al-chaos-lider-de-mafia-nueva-y-responsable-de-masacre-en-ixtapaluca","status":"publish","type":"post","link":"https:\/\/ovelanalista.com\/?p=101550","title":{"rendered":"Capturan al \u2018Chaos\u2019, l\u00edder de \u2018Mafia Nueva\u2019 y responsable de masacre en Ixtapaluca"},"content":{"rendered":"<p>Eduardo \u201cN\u201d, alias el \u2018Chaos\u2019, es se\u00f1alado por una masacre ocurrida el pasado 10 de mayo en una fiesta en Ixtapaluca.<\/p>\n<p>Autoridades del\u00a0<strong>Estado de M\u00e9xico<\/strong>\u00a0anunciaron la\u00a0<strong>detenci\u00f3n<\/strong>\u00a0de\u00a0<strong>Eduardo \u201cN\u201d<\/strong>, alias el\u00a0<em><strong>Chaos<\/strong><\/em>\u00a0o el\u00a0<strong><em>Coreano<\/em><\/strong>, se\u00f1alado por ser el presunto l\u00edder del grupo delictivo\u00a0<strong>Mafia Nueva<\/strong>\u00a0y responsable por el a<strong>taque armado<\/strong>\u00a0en una fiesta el 10 de mayo en\u00a0<strong>Ixtapaluca<\/strong>, hecho que dej\u00f3\u00a0<strong>ocho personas muertas<\/strong>, seis de ellas mujeres.<\/p>\n<p>La detenci\u00f3n del\u00a0<em>Chaos<\/em>\u00a0ocurri\u00f3 en Toluca la madrugada de este mi\u00e9rcoles, con la participaci\u00f3n de las \u00e1reas de inteligencia de la Secretar\u00eda de Seguridad mexiquense y en apoyo a una investigaci\u00f3n iniciada por la Fiscal\u00eda de la entidad.<\/p>\n<p>Eduardo \u201cN\u201d es se\u00f1alado por las autoridades estatales por los delitos de homicidio calificado y homicidio calificado en grado de tentativa.<\/p>\n<div id=\"ros-inread-t4o0yx\" class=\"ad-container dfp-ad-unit ad-inread ad-main-inread ad-slot\" data-ad-type=\"inread\" data-slot=\"inread\" data-ad-loaded=\"1\" data-ad-setup=\"{&quot;postID&quot;:1645262,&quot;canRefresh&quot;:false,&quot;infinitescroll&quot;:false}\" data-google-query-id=\"CLPv-d7QhogDFU-RAAAdJC4TEA\"><\/div>\n<div data-ad-type=\"inread\" data-slot=\"inread\" data-ad-loaded=\"1\" data-ad-setup=\"{&quot;postID&quot;:1645262,&quot;canRefresh&quot;:false,&quot;infinitescroll&quot;:false}\" data-google-query-id=\"CLPv-d7QhogDFU-RAAAdJC4TEA\">\n<p>Se inform\u00f3 que el\u00a0<em>Chaos<\/em>\u00a0ser\u00e1 trasladado e ingresado al Centro Penitenciario y de Reinserci\u00f3n Social de Chalco, donde ser\u00e1 presentado ante un juez en las pr\u00f3ximas horas.<\/p>\n<p>Seg\u00fan autoridades mexiquenses, el 10 de mayo del presente a\u00f1o\u00a0 se registr\u00f3 un ataque al interior de un inmueble de la colonia Jorge Jim\u00e9nez Cant\u00fa, en Ixtapaluca, en donde celebraban una fiesta.<\/p>\n<p>Seg\u00fan investigaciones, el objetivo de los agresores era asesinar directamente a un hombre identificado como el\u00a0<em>Barni<\/em>\u00a0o\u00a0<em>\u00c1guila<\/em>, se\u00f1alado por pertenecer a una organizaci\u00f3n delictiva generadora de violencia en dicha regi\u00f3n.<\/p>\n<p>El grupo criminal Mafia Nueva, que cuenta con presencia en la regi\u00f3n oriente de la entidad, fue se\u00f1alada por dicho ataque, en el cual resultaron asesinadas ocho personas, entre ellas seis mujeres.<\/p>\n<p>Autoridades realizaron el traslado del\u00a0<em>Chaos<\/em>\u00a0al Centro Penitenciario y de Reinserci\u00f3n Social de Chalco bajo un fuerte operativo de seguridad.<\/p>\n<p>Con informaci\u00f3n de L\u00f3pez-D\u00f3riga Digital<\/p>\n<\/div>\n","protected":false},"excerpt":{"rendered":"<p>Eduardo \u201cN\u201d, alias el \u2018Chaos\u2019, es se\u00f1alado por una masacre ocurrida el pasado 10 de mayo en una fiesta en Ixtapaluca. Autoridades del\u00a0Estado de M\u00e9xico\u00a0anunciaron la\u00a0detenci\u00f3n\u00a0de\u00a0Eduardo \u201cN\u201d, alias el\u00a0Chaos\u00a0o el\u00a0Coreano, se\u00f1alado por ser el presunto l\u00edder del grupo delictivo\u00a0Mafia Nueva\u00a0y responsable por el ataque armado\u00a0en una fiesta el 10 de mayo en\u00a0Ixtapaluca, hecho que dej\u00f3\u00a0ocho personas muertas, seis de ellas mujeres. La detenci\u00f3n del\u00a0Chaos\u00a0ocurri\u00f3 en Toluca la madrugada de este mi\u00e9rcoles, con la participaci\u00f3n de las \u00e1reas de inteligencia de la Secretar\u00eda de Seguridad mexiquense y en apoyo a una investigaci\u00f3n iniciada por la Fiscal\u00eda de la entidad. Eduardo \u201cN\u201d [&hellip;]<\/p>\n","protected":false},"author":3,"featured_media":101553,"comment_status":"open","ping_status":"open","sticky":false,"template":"","format":"standard","meta":{"_jetpack_newsletter_access":"","_jetpack_dont_email_post_to_subs":false,"_jetpack_newsletter_tier_id":0,"_jetpack_memberships_contains_paywalled_content":false,"_jetpack_feature_clip_id":0,"_jetpack_memberships_contains_paid_content":false,"footnotes":"","jetpack_publicize_message":"","jetpack_publicize_feature_enabled":true,"jetpack_social_post_already_shared":true,"jetpack_social_options":{"image_generator_settings":{"template":"highway","default_image_id":0,"font":"","enabled":false},"version":2},"jetpack_post_was_ever_published":false},"categories":[75,72],"tags":[],"class_list":["post-101550","post","type-post","status-publish","format-standard","has-post-thumbnail","hentry","category-nacional","category-portada","post--single"],"jetpack_publicize_connections":[],"jetpack_featured_media_url":"https:\/\/ovelanalista.com\/wp-content\/uploads\/2024\/08\/eduardo-n-chaos-edomex-mafia-nueva.webp","jetpack_sharing_enabled":true,"_links":{"self":[{"href":"https:\/\/ovelanalista.com\/index.php?rest_route=\/wp\/v2\/posts\/101550","targetHints":{"allow":["GET"]}}],"collection":[{"href":"https:\/\/ovelanalista.com\/index.php?rest_route=\/wp\/v2\/posts"}],"about":[{"href":"https:\/\/ovelanalista.com\/index.php?rest_route=\/wp\/v2\/types\/post"}],"author":[{"embeddable":true,"href":"https:\/\/ovelanalista.com\/index.php?rest_route=\/wp\/v2\/users\/3"}],"replies":[{"embeddable":true,"href":"https:\/\/ovelanalista.com\/index.php?rest_route=%2Fwp%2Fv2%2Fcomments&post=101550"}],"version-history":[{"count":1,"href":"https:\/\/ovelanalista.com\/index.php?rest_route=\/wp\/v2\/posts\/101550\/revisions"}],"predecessor-version":[{"id":101555,"href":"https:\/\/ovelanalista.com\/index.php?rest_route=\/wp\/v2\/posts\/101550\/revisions\/101555"}],"wp:featuredmedia":[{"embeddable":true,"href":"https:\/\/ovelanalista.com\/index.php?rest_route=\/wp\/v2\/media\/101553"}],"wp:attachment":[{"href":"https:\/\/ovelanalista.com\/index.php?rest_route=%2Fwp%2Fv2%2Fmedia&parent=101550"}],"wp:term":[{"taxonomy":"category","embeddable":true,"href":"https:\/\/ovelanalista.com\/index.php?rest_route=%2Fwp%2Fv2%2Fcategories&post=101550"},{"taxonomy":"post_tag","embeddable":true,"href":"https:\/\/ovelanalista.com\/index.php?rest_route=%2Fwp%2Fv2%2Ftags&post=101550"}],"curies":[{"name":"wp","href":"https:\/\/api.w.org\/{rel}","templated":true}]}}