{"id":101554,"date":"2024-08-21T17:30:52","date_gmt":"2024-08-21T23:30:52","guid":{"rendered":"https:\/\/ovelanalista.com\/?p=101554"},"modified":"2024-08-21T11:43:29","modified_gmt":"2024-08-21T17:43:29","slug":"subcomandante-marcos-critica-reforma-judicial-y-compara-a-amlo-con-expresidentes","status":"publish","type":"post","link":"https:\/\/ovelanalista.com\/?p=101554","title":{"rendered":"Subcomandante Marcos critica reforma judicial y compara a AMLO con expresidentes"},"content":{"rendered":"<p>El subcomandante Marcos sostuvo que lo que est\u00e1 en juego no es la autonom\u00eda de los jueces sino \u201cquien maneja el negocio de la compraventa de la justicia\u201d.<\/p>\n<p>El\u00a0<strong>subcomandante Marcos<\/strong>, vocero del Ej\u00e9rcito Zapatista de Liberaci\u00f3n Nacional (EZLN)\u00a0<strong>critic\u00f3<\/strong>\u00a0la\u00a0<strong>reforma al Poder Judicial<\/strong>\u00a0y compar\u00f3 al presidente Andr\u00e9s Manuel L\u00f3pez Obrador con varios de sus antecesores.<\/p>\n<p>Mediante un texto titulado \u2018<strong>El Viaje<\/strong>\u2018, el tambi\u00e9n llamado \u2018Capit\u00e1n\u2019 sostuvo que lo que est\u00e1 en juego no es la autonom\u00eda de los jueces sino \u201cquien maneja el negocio de la compraventa de la justicia\u201d.<\/p>\n<p>Presumi\u00f3 as\u00ed que\u00a0<strong>L\u00f3pez Obrador<\/strong>\u00a0tiene los\u00a0<strong>defectos<\/strong>\u00a0de nueve de los\u00a0<strong>expresidentes<\/strong>\u00a0de M\u00e9xico:<\/p>\n<blockquote><p>El autoritarismo de Gustavo D\u00edaz Ordaz; el nacionalismo de cart\u00f3n piedra de Luis Echeverr\u00eda \u00c1lvarez, la demagogia corrupta de Jos\u00e9 L\u00f3pez Portillo, la mediocridad administrativa de Miguel de la Madrid, la perversidad de Carlos Salinas de Gortari, la vocaci\u00f3n criminal de Ernesto Zedillo, la ignorancia enciclop\u00e9dica de Vicente Fox, el militarismo y la mecha corta de Felipe Calder\u00f3n, y la fr\u00edvola superficialidad de Enrique Pe\u00f1a Nieto.\u201d<\/p><\/blockquote>\n<p>El subcomandante Marcos advirti\u00f3 adem\u00e1s de \u201cprevisibles cat\u00e1strofes\u201d por los\u00a0<strong>megaproyectos del Bienestar<\/strong>\u00a0del actual sexenio.<\/p>\n<p>Arremeti\u00f3 adem\u00e1s contra los\u00a0<strong>pol\u00edticos<\/strong>\u00a0que conforman actualmente\u00a0<strong>Morena<\/strong>, por haber militado anteriormente en el PRI, PAN y el hoy extinto PRD. A todos ellos los llam\u00f3 \u201ccriminales impunes\u201d.<\/p>\n<p>Respecto a la elecci\u00f3n de\u00a0<strong>Claudia Sheinbaum<\/strong>\u00a0como presidenta de M\u00e9xico, refiri\u00f3 que no por ser mujer habr\u00e1 un cambio, toda vez que \u201cel problema se encuentra arriba y hay que mirar hacia abajo para no tropezar con la misma piedra\u201d.<\/p>\n<p>Por \u00faltimo, consider\u00f3 que la\u00a0<strong>alianza opositora<\/strong>\u00a0conformada por el\u00a0<strong>PAN, PRI y PRD<\/strong>\u00a0no supo presentarse en las pasadas elecciones ni como una opci\u00f3n de centro ni como de derecha.<\/p>\n<p>Con informaci\u00f3n de Radio F\u00f3rmula<\/p>\n","protected":false},"excerpt":{"rendered":"<p>El subcomandante Marcos sostuvo que lo que est\u00e1 en juego no es la autonom\u00eda de los jueces sino \u201cquien maneja el negocio de la compraventa de la justicia\u201d. El\u00a0subcomandante Marcos, vocero del Ej\u00e9rcito Zapatista de Liberaci\u00f3n Nacional (EZLN)\u00a0critic\u00f3\u00a0la\u00a0reforma al Poder Judicial\u00a0y compar\u00f3 al presidente Andr\u00e9s Manuel L\u00f3pez Obrador con varios de sus antecesores. Mediante un texto titulado \u2018El Viaje\u2018, el tambi\u00e9n llamado \u2018Capit\u00e1n\u2019 sostuvo que lo que est\u00e1 en juego no es la autonom\u00eda de los jueces sino \u201cquien maneja el negocio de la compraventa de la justicia\u201d. Presumi\u00f3 as\u00ed que\u00a0L\u00f3pez Obrador\u00a0tiene los\u00a0defectos\u00a0de nueve de los\u00a0expresidentes\u00a0de M\u00e9xico: El autoritarismo de [&hellip;]<\/p>\n","protected":false},"author":3,"featured_media":101556,"comment_status":"open","ping_status":"open","sticky":false,"template":"","format":"standard","meta":{"_jetpack_newsletter_access":"","_jetpack_dont_email_post_to_subs":false,"_jetpack_newsletter_tier_id":0,"_jetpack_memberships_contains_paywalled_content":false,"_jetpack_feature_clip_id":0,"_jetpack_memberships_contains_paid_content":false,"footnotes":"","jetpack_publicize_message":"","jetpack_publicize_feature_enabled":true,"jetpack_social_post_already_shared":true,"jetpack_social_options":{"image_generator_settings":{"template":"highway","default_image_id":0,"font":"","enabled":false},"version":2},"jetpack_post_was_ever_published":false},"categories":[75,72],"tags":[],"class_list":["post-101554","post","type-post","status-publish","format-standard","has-post-thumbnail","hentry","category-nacional","category-portada","post--single"],"jetpack_publicize_connections":[],"jetpack_featured_media_url":"https:\/\/ovelanalista.com\/wp-content\/uploads\/2024\/08\/amlo-lopez-obrador-redes-sociales-campanas.webp","jetpack_sharing_enabled":true,"_links":{"self":[{"href":"https:\/\/ovelanalista.com\/index.php?rest_route=\/wp\/v2\/posts\/101554","targetHints":{"allow":["GET"]}}],"collection":[{"href":"https:\/\/ovelanalista.com\/index.php?rest_route=\/wp\/v2\/posts"}],"about":[{"href":"https:\/\/ovelanalista.com\/index.php?rest_route=\/wp\/v2\/types\/post"}],"author":[{"embeddable":true,"href":"https:\/\/ovelanalista.com\/index.php?rest_route=\/wp\/v2\/users\/3"}],"replies":[{"embeddable":true,"href":"https:\/\/ovelanalista.com\/index.php?rest_route=%2Fwp%2Fv2%2Fcomments&post=101554"}],"version-history":[{"count":1,"href":"https:\/\/ovelanalista.com\/index.php?rest_route=\/wp\/v2\/posts\/101554\/revisions"}],"predecessor-version":[{"id":101557,"href":"https:\/\/ovelanalista.com\/index.php?rest_route=\/wp\/v2\/posts\/101554\/revisions\/101557"}],"wp:featuredmedia":[{"embeddable":true,"href":"https:\/\/ovelanalista.com\/index.php?rest_route=\/wp\/v2\/media\/101556"}],"wp:attachment":[{"href":"https:\/\/ovelanalista.com\/index.php?rest_route=%2Fwp%2Fv2%2Fmedia&parent=101554"}],"wp:term":[{"taxonomy":"category","embeddable":true,"href":"https:\/\/ovelanalista.com\/index.php?rest_route=%2Fwp%2Fv2%2Fcategories&post=101554"},{"taxonomy":"post_tag","embeddable":true,"href":"https:\/\/ovelanalista.com\/index.php?rest_route=%2Fwp%2Fv2%2Ftags&post=101554"}],"curies":[{"name":"wp","href":"https:\/\/api.w.org\/{rel}","templated":true}]}}