{"id":101592,"date":"2024-08-22T10:03:00","date_gmt":"2024-08-22T16:03:00","guid":{"rendered":"https:\/\/ovelanalista.com\/?p=101592"},"modified":"2024-08-22T10:03:00","modified_gmt":"2024-08-22T16:03:00","slug":"robespierre-lizarraga-convoca-a-estudiantes-de-nuevo-ingreso-de-la-fca-a-prepararse-ante-el-llamado-a-la-lucha-por-la-defensa-de-la-autonomia-de-la-uas","status":"publish","type":"post","link":"https:\/\/ovelanalista.com\/?p=101592","title":{"rendered":"Robespierre Liz\u00e1rraga convoca a estudiantes de nuevo ingreso de la FCA a prepararse ante el llamado a la lucha por la defensa de la autonom\u00eda de la UAS\u00a0"},"content":{"rendered":"<p class=\"p1\">\n<p class=\"p3\"><span class=\"s1\">A defender la Autonom\u00eda Universitaria y a estar preparados para ser llamados a una lucha de ideas y planteamientos convoc\u00f3 el Encargado del Despacho de Rector\u00eda de la Universidad Aut\u00f3noma de Sinaloa (UAS), doctor Robespierre Liz\u00e1rraga Otero a los alumnos de nuevo ingreso a la Licenciatura en Administraci\u00f3n de Empresas de la Facultad de Contadur\u00eda y Administraci\u00f3n (FCA) durante la inauguraci\u00f3n del Curso de Inducci\u00f3n 2024-2025.<\/span><\/p>\n<p class=\"p3\"><span class=\"s1\">\u201cPara que a nosotros no nos tengan que imponer la verdad desde fuera tenemos que luchar por la Autonom\u00eda, tenemos que defender la libertad que tenemos para formar nuestros planes y programas, para impartir c\u00e1tedra y aplicar examen, y eso se defiende si es necesario en la calle y en la plaza p\u00fablica; jur\u00eddicamente ha habido una defensa exitosa pero la mejor defensa la van a dar ustedes en el aula\u201d, expres\u00f3 Liz\u00e1rraga Otero<span class=\"Apple-converted-space\">\u00a0<\/span><\/span><\/p>\n<p class=\"p3\"><span class=\"s1\">Al darles la bienvenida les advirti\u00f3 que en esta defensa de la Autonom\u00eda van a intentar desestabilizar a la Universidad, pero la prioridad es la educaci\u00f3n, su futuro y el futuro de Sinaloa, pues expuso que la UAS ha tenido que asumir desde hace casi dos a\u00f1os el reto de la defensa de su Autonom\u00eda, ha sido atacada y vulnerada y ha tenido que salir a la calle a defender ese precepto.<\/span><\/p>\n<p class=\"p3\"><span class=\"s1\">\u201cPero lo mejor manera de defender a la Universidad es hacer lo que est\u00e1n haciendo en este momento: trabajar, estudiar, ser mejores cada d\u00eda (\u2026) Autonom\u00eda Universitaria no es otra cosa m\u00e1s que autogobierno, auto normaci\u00f3n, libertad de c\u00e1tedra, libertad de examen, libertad para establecer nuestros planes y programas, permite que se ejerza la creaci\u00f3n del conocimiento y b\u00fasqueda de la verdad en un ambiente de libertad\u201d, dijo.<\/span><\/p>\n<p class=\"p3\"><span class=\"s1\">Expres\u00f3 a los j\u00f3venes que en esta casa de estudios encontrar\u00e1n maestros y trabajadores administrativos comprometidos con la misi\u00f3n de forjarlos como nuevos profesionistas, es una gran Universidad y que siga as\u00ed ser\u00e1 responsabilidad de ellos, sobre todo ahora que se trabaja con un Nuevo Modelo Educativo; los exhort\u00f3 a vivir con intensidad este momento porque est\u00e1n en el lugar correcto y en el momento justo.<\/span><\/p>\n<p><img loading=\"lazy\" decoding=\"async\" class=\"wp-image-101593 aligncenter\" src=\"https:\/\/ovelanalista.com\/wp-content\/uploads\/2024\/08\/PHOTO-2024-08-22-05-59-09-300x199.jpg\" alt=\"\" width=\"561\" height=\"372\" srcset=\"https:\/\/ovelanalista.com\/wp-content\/uploads\/2024\/08\/PHOTO-2024-08-22-05-59-09-300x199.jpg 300w, https:\/\/ovelanalista.com\/wp-content\/uploads\/2024\/08\/PHOTO-2024-08-22-05-59-09-1024x680.jpg 1024w, https:\/\/ovelanalista.com\/wp-content\/uploads\/2024\/08\/PHOTO-2024-08-22-05-59-09-768x510.jpg 768w, https:\/\/ovelanalista.com\/wp-content\/uploads\/2024\/08\/PHOTO-2024-08-22-05-59-09-1536x1020.jpg 1536w, https:\/\/ovelanalista.com\/wp-content\/uploads\/2024\/08\/PHOTO-2024-08-22-05-59-09-400x266.jpg 400w, https:\/\/ovelanalista.com\/wp-content\/uploads\/2024\/08\/PHOTO-2024-08-22-05-59-09-750x498.jpg 750w, https:\/\/ovelanalista.com\/wp-content\/uploads\/2024\/08\/PHOTO-2024-08-22-05-59-09-1140x757.jpg 1140w, https:\/\/ovelanalista.com\/wp-content\/uploads\/2024\/08\/PHOTO-2024-08-22-05-59-09.jpg 1600w\" sizes=\"auto, (max-width: 561px) 100vw, 561px\" \/><\/p>\n<p class=\"p3\"><span class=\"s1\">\u201cLa presencia de ustedes aqu\u00ed significa una gran oportunidad para Sinaloa, para sus familias (\u2026) la carrera universitaria va a definir el rumbo de su vida (\u2026) la mejor forma de corresponder al sacrificio de sus padres es entregarse en esta carrera universitaria\u201d, asegur\u00f3.<\/span><\/p>\n<p class=\"p3\"><img loading=\"lazy\" decoding=\"async\" class=\"wp-image-101595 aligncenter\" style=\"font-size: 1.21429rem;\" src=\"https:\/\/ovelanalista.com\/wp-content\/uploads\/2024\/08\/PHOTO-2024-08-22-05-59-07-300x199.jpg\" alt=\"\" width=\"633\" height=\"420\" srcset=\"https:\/\/ovelanalista.com\/wp-content\/uploads\/2024\/08\/PHOTO-2024-08-22-05-59-07-300x199.jpg 300w, https:\/\/ovelanalista.com\/wp-content\/uploads\/2024\/08\/PHOTO-2024-08-22-05-59-07-1024x680.jpg 1024w, https:\/\/ovelanalista.com\/wp-content\/uploads\/2024\/08\/PHOTO-2024-08-22-05-59-07-768x510.jpg 768w, https:\/\/ovelanalista.com\/wp-content\/uploads\/2024\/08\/PHOTO-2024-08-22-05-59-07-1536x1020.jpg 1536w, https:\/\/ovelanalista.com\/wp-content\/uploads\/2024\/08\/PHOTO-2024-08-22-05-59-07-400x266.jpg 400w, https:\/\/ovelanalista.com\/wp-content\/uploads\/2024\/08\/PHOTO-2024-08-22-05-59-07-750x498.jpg 750w, https:\/\/ovelanalista.com\/wp-content\/uploads\/2024\/08\/PHOTO-2024-08-22-05-59-07-1140x757.jpg 1140w, https:\/\/ovelanalista.com\/wp-content\/uploads\/2024\/08\/PHOTO-2024-08-22-05-59-07.jpg 1600w\" sizes=\"auto, (max-width: 633px) 100vw, 633px\" \/><\/p>\n<p class=\"p3\"><span class=\"s1\">El director de la FCA, doctor V\u00edctor Manuel Mizquiz Reyes, les manifest\u00f3 que \u201celigieron correctamente bien\u201d porque esta Facultad y la UAS son bastiones importantes en la Educaci\u00f3n Superior en Sinaloa y en M\u00e9xico, tienen cobertura universal y forman a los j\u00f3venes con el af\u00e1n de construir una mejor sociedad a trav\u00e9s de la educaci\u00f3n.<\/span><\/p>\n<p class=\"p3\"><img loading=\"lazy\" decoding=\"async\" class=\"alignnone  wp-image-101594\" style=\"font-size: 1.21429rem;\" src=\"https:\/\/ovelanalista.com\/wp-content\/uploads\/2024\/08\/PHOTO-2024-08-22-05-59-08-300x199.jpg\" alt=\"\" width=\"796\" height=\"528\" srcset=\"https:\/\/ovelanalista.com\/wp-content\/uploads\/2024\/08\/PHOTO-2024-08-22-05-59-08-300x199.jpg 300w, https:\/\/ovelanalista.com\/wp-content\/uploads\/2024\/08\/PHOTO-2024-08-22-05-59-08-1024x680.jpg 1024w, https:\/\/ovelanalista.com\/wp-content\/uploads\/2024\/08\/PHOTO-2024-08-22-05-59-08-768x510.jpg 768w, https:\/\/ovelanalista.com\/wp-content\/uploads\/2024\/08\/PHOTO-2024-08-22-05-59-08-1536x1020.jpg 1536w, https:\/\/ovelanalista.com\/wp-content\/uploads\/2024\/08\/PHOTO-2024-08-22-05-59-08-400x266.jpg 400w, https:\/\/ovelanalista.com\/wp-content\/uploads\/2024\/08\/PHOTO-2024-08-22-05-59-08-750x498.jpg 750w, https:\/\/ovelanalista.com\/wp-content\/uploads\/2024\/08\/PHOTO-2024-08-22-05-59-08-1140x757.jpg 1140w, https:\/\/ovelanalista.com\/wp-content\/uploads\/2024\/08\/PHOTO-2024-08-22-05-59-08.jpg 1600w\" sizes=\"auto, (max-width: 796px) 100vw, 796px\" \/><\/p>\n<p class=\"p3\"><span class=\"s1\">\u201cSean bienvenidos a la Universidad Aut\u00f3noma de Sinaloa y sean bienvenidos a la Facultad de Contadur\u00eda y Administraci\u00f3n, a la mejor Universidad P\u00fablica de M\u00e9xico, la tercera a nivel nacional por sus \u00edndices de calidad (\u2026) y si\u00e9ntanse complacidos de pertenecer a esta Casa Rosalina\u201d, extern\u00f3 Mizquiz Reyes.<\/span><\/p>\n<blockquote class=\"tiktok-embed\" cite=\"https:\/\/www.tiktok.com\/@uasoficial\/video\/7405662326809988358\" data-video-id=\"7405662326809988358\" data-embed-from=\"oembed\" style=\"max-width:605px; min-width:325px;\">\n<section> <a target=\"_blank\" title=\"@uasoficial\" href=\"https:\/\/www.tiktok.com\/@uasoficial?refer=embed\">@uasoficial<\/a> <\/p>\n<p>Nuevos espacios y apertura de nuevos grupos en la facultad de Medicina General en todo el Estado.\u00a0 <a title=\"uasparatodos\" target=\"_blank\" href=\"https:\/\/www.tiktok.com\/tag\/uasparatodos?refer=embed\">#UASparaTodos<\/a> <a title=\"pactosocialuas\" target=\"_blank\" href=\"https:\/\/www.tiktok.com\/tag\/pactosocialuas?refer=embed\">#PactoSocialUAS<\/a> <a title=\"enlauasentrantodos\" target=\"_blank\" href=\"https:\/\/www.tiktok.com\/tag\/enlauasentrantodos?refer=embed\">#EnLaUASentranTodos<\/a><\/p>\n<p> <a target=\"_blank\" title=\"\u266c sonido original - UAS\" href=\"https:\/\/www.tiktok.com\/music\/sonido-original-7405662346471312134?refer=embed\">\u266c sonido original &#8211; UAS<\/a> <\/section>\n<\/blockquote>\n<p> <script async src=\"https:\/\/www.tiktok.com\/embed.js\"><\/script><\/p>\n<p class=\"p3\"><span class=\"s1\">Por su parte el Consejero alumno Sebasti\u00e1n Ernesto Amador Robles, felicit\u00f3 a sus nuevos compa\u00f1eros por llegar a este nivel de estudio ya que muchos j\u00f3venes no pueden hacerlo, les habl\u00f3 de la calidad educativa de la Facultad y de la Universidad, de las experiencias que podr\u00e1n tener, y de que la UAS se distingue por la libertad y democracia que en ella se ejerce.<\/span><\/p>\n<p class=\"p3\"><span class=\"s1\">En el Curso de Inducci\u00f3n se les expuso a los nuevos estudiantes de Administraci\u00f3n de Empresas las funciones de las \u00e1reas de Becas, Centro de Atenci\u00f3n Estudiantil, Tutor\u00edas, ADIUAS, Pr\u00e1cticas profesionales, Centro de C\u00f3mputo, Control Escolar, entre otras.<\/span><\/p>\n","protected":false},"excerpt":{"rendered":"<p>A defender la Autonom\u00eda Universitaria y a estar preparados para ser llamados a una lucha de ideas y planteamientos convoc\u00f3 el Encargado del Despacho de Rector\u00eda de la Universidad Aut\u00f3noma de Sinaloa (UAS), doctor Robespierre Liz\u00e1rraga Otero a los alumnos de nuevo ingreso a la Licenciatura en Administraci\u00f3n de Empresas de la Facultad de Contadur\u00eda y Administraci\u00f3n (FCA) durante la inauguraci\u00f3n del Curso de Inducci\u00f3n 2024-2025. \u201cPara que a nosotros no nos tengan que imponer la verdad desde fuera tenemos que luchar por la Autonom\u00eda, tenemos que defender la libertad que tenemos para formar nuestros planes y programas, para impartir [&hellip;]<\/p>\n","protected":false},"author":3,"featured_media":101595,"comment_status":"open","ping_status":"open","sticky":false,"template":"","format":"video","meta":{"_jetpack_newsletter_access":"","_jetpack_dont_email_post_to_subs":false,"_jetpack_newsletter_tier_id":0,"_jetpack_memberships_contains_paywalled_content":false,"_jetpack_feature_clip_id":0,"_jetpack_memberships_contains_paid_content":false,"footnotes":"","jetpack_publicize_message":"","jetpack_publicize_feature_enabled":true,"jetpack_social_post_already_shared":true,"jetpack_social_options":{"image_generator_settings":{"template":"highway","default_image_id":0,"font":"","enabled":false},"version":2},"jetpack_post_was_ever_published":false},"categories":[90,72],"tags":[],"class_list":["post-101592","post","type-post","status-publish","format-video","has-post-thumbnail","hentry","category-estatal","category-portada","post_format-post-format-video","post--single"],"jetpack_publicize_connections":[],"jetpack_featured_media_url":"https:\/\/ovelanalista.com\/wp-content\/uploads\/2024\/08\/PHOTO-2024-08-22-05-59-07.jpg","jetpack_sharing_enabled":true,"_links":{"self":[{"href":"https:\/\/ovelanalista.com\/index.php?rest_route=\/wp\/v2\/posts\/101592","targetHints":{"allow":["GET"]}}],"collection":[{"href":"https:\/\/ovelanalista.com\/index.php?rest_route=\/wp\/v2\/posts"}],"about":[{"href":"https:\/\/ovelanalista.com\/index.php?rest_route=\/wp\/v2\/types\/post"}],"author":[{"embeddable":true,"href":"https:\/\/ovelanalista.com\/index.php?rest_route=\/wp\/v2\/users\/3"}],"replies":[{"embeddable":true,"href":"https:\/\/ovelanalista.com\/index.php?rest_route=%2Fwp%2Fv2%2Fcomments&post=101592"}],"version-history":[{"count":1,"href":"https:\/\/ovelanalista.com\/index.php?rest_route=\/wp\/v2\/posts\/101592\/revisions"}],"predecessor-version":[{"id":101596,"href":"https:\/\/ovelanalista.com\/index.php?rest_route=\/wp\/v2\/posts\/101592\/revisions\/101596"}],"wp:featuredmedia":[{"embeddable":true,"href":"https:\/\/ovelanalista.com\/index.php?rest_route=\/wp\/v2\/media\/101595"}],"wp:attachment":[{"href":"https:\/\/ovelanalista.com\/index.php?rest_route=%2Fwp%2Fv2%2Fmedia&parent=101592"}],"wp:term":[{"taxonomy":"category","embeddable":true,"href":"https:\/\/ovelanalista.com\/index.php?rest_route=%2Fwp%2Fv2%2Fcategories&post=101592"},{"taxonomy":"post_tag","embeddable":true,"href":"https:\/\/ovelanalista.com\/index.php?rest_route=%2Fwp%2Fv2%2Ftags&post=101592"}],"curies":[{"name":"wp","href":"https:\/\/api.w.org\/{rel}","templated":true}]}}