{"id":101598,"date":"2024-08-22T11:12:04","date_gmt":"2024-08-22T17:12:04","guid":{"rendered":"https:\/\/ovelanalista.com\/?p=101598"},"modified":"2024-08-22T11:12:04","modified_gmt":"2024-08-22T17:12:04","slug":"caso-mayo-y-cuenfgr-le-echa-mas-lena-al-fuego","status":"publish","type":"post","link":"https:\/\/ovelanalista.com\/?p=101598","title":{"rendered":"Caso Mayo y Cuen\u2026FGR le echa m\u00e1s le\u00f1a al fuego"},"content":{"rendered":"<div><strong>TRANSICI\u00d3N<\/strong><\/div>\n<div><\/div>\n<div><\/div>\n<div>La tolerancia llegar\u00e1 a tal nivel que las personas inteligentes tendr\u00e1n prohibido pensar para no ofender a los imb\u00e9ciles\u201d. Frase de Fi\u00f3dor Dostoyeski.<\/div>\n<div><\/div>\n<div><strong>Oswaldo Villase\u00f1or<\/strong><\/div>\n<div><\/div>\n<div>Como en ning\u00fan caso en lo que va del sexenio, la Fiscal\u00eda General de la Rep\u00fablica ha abierto su investigaci\u00f3n y de manera puntual informa a la sociedad lo encontrado, como lo est\u00e1 haciendo con el caso de la captura de El Mayo Zambada y el asesinato de H\u00e9ctor Melesio Cuen Ojeda.<\/div>\n<div>En mis 35 a\u00f1os de periodista, solo recuerdo pocas aperturas as\u00ed -aunque fue para desinformar-con el caso del asesinato del Cardenal Posadas Ocampo, el asesinato de Colosio y Ruiz Massieu, el caso Acteal y el caso Ayotzinapa.<\/div>\n<div>De este tama\u00f1o puede ser la presi\u00f3n que trae el gobierno federal por el caso de El Mayo y el asesinato de Cuen para que la FGR abra sus investigaciones y tenga una respuesta que dar que supla a las especulaciones generadas por el vac\u00edo de informaci\u00f3n.<\/div>\n<div>Ayer emiti\u00f3 su segundo bolet\u00edn informativo con el contenido de sus nuevas pesquisas o logros. A partir de ah\u00ed, la expresi\u00f3n con la cual titulamos esta columna. \u201cLa FGR le echa m\u00e1s le\u00f1a al fuego\u201d.<\/div>\n<div>Desde la emisi\u00f3n del primer bolet\u00edn, lo adelantamos. La FGR adelanta cu\u00e1l ser\u00e1 el desenlace de esta historia digna para una serie de Netflix.<\/div>\n<div>Dir\u00e1 que a El Mayo Zambada lo secuestr\u00f3 y traicion\u00f3 Joaqu\u00edn Guzm\u00e1n L\u00f3pez y a H\u00e9ctor Melesio Cuen lo mat\u00f3 el narco. Ah\u00ed reducir\u00e1 el esclareciendo del caso.<\/div>\n<div>\u00bfHabr\u00e1 autores intelectuales en la serie que salgan exhibidos? A estas alturas ya no es necesario saber si los hay o no, o si los exhibir\u00e1n. Ya quedaron exhibidos de perdida como c\u00f3mplices.<\/div>\n<div>Y es que la misma FGR ya dibuj\u00f3 que si hay actores secundarios y en cada uno de sus dos boletines los ha exhibido. \u00bfAutores intelectuales o c\u00f3mplices? Sea cual sea la definici\u00f3n que les vayan a dar, ya quedaron raspados y eso es m\u00e1s que suficiente para que se desprendan consecuencias pol\u00edticas y penales.<\/div>\n<div>Veamos y analicemos el segundo bolet\u00edn.<\/div>\n<div>1.-Primer punto que afirma la FGR.<\/div>\n<div>\u201cEn la investigaci\u00f3n del caso \u201cIsmael \u201cN\u201d-Joaqu\u00edn \u201cN\u201d la Fiscal\u00eda General de la Rep\u00fablica (FGR), ha logrado establecer, con toda precisi\u00f3n, la pista de donde sali\u00f3 el avi\u00f3n que fue utilizado para el presunto secuestro de Ismael \u201cN\u201d.<\/div>\n<div>Con esta afirmaci\u00f3n, queda claro que efectivamente los hechos en cuesti\u00f3n sucedieron en Sinaloa. En pocas palabras, radica toda la comisi\u00f3n de los hechos y posibles complicidades de autoridades para dejar pasar y no actuar en consecuencia,\u00a0 a un asunto local y no federal.<\/div>\n<div>Recordemos que en su carta El Mayo Zambada dijo que su jefe de seguridad era un agente activo de la Polic\u00eda Judicial -ahora Ministerial- el cual est\u00e1 bajo la cadena de mando de la Fiscal\u00eda General del Estado.<\/div>\n<div>2.-De entrada ya habr\u00e1 m\u00e1s actores secundarias en la trama. \u00bfLa pista era legal o clandestina? De entrada tiene que haber un propietario y si era clandestina -es lo m\u00e1s seguro- habr\u00e1 muchas autoridades locales y porque no federales tambi\u00e9n, quienes por mucho tiempo se hicieron de la vista gorda para dejar operar esta pista. \u00bfPodr\u00e1n y se valdr\u00e1 alegar desconocimiento de la misma? No ser\u00eda cre\u00edble.<\/div>\n<div>Desde ah\u00ed, la FGR le echa m\u00e1s le\u00f1a al fuego y efectivamente los que se pueden quemar en esta hoguera son autoridades locales. Las federales buscan c\u00f3mo no quemarse ellas.<\/div>\n<div>2.-Segundo punto que afirma la FGR. La propia Fiscal\u00eda localiz\u00f3 el inmueble donde se llevaron a cabo los probables delitos de privaci\u00f3n ilegal de la libertad, homicidios, lesiones y actos vinculados con desaparici\u00f3n forzada, en los cuales est\u00e1 vinculada la agresi\u00f3n que llev\u00f3 a la muerte a H\u00e9ctor \u201cN\u201d. La parte exterior de dicho inmueble ya est\u00e1 protegida por la Agencia de Investigaci\u00f3n Criminal (AIC), de la FGR, mientras se van realizando las diligencias respectivas.<\/div>\n<div>Hasta ah\u00ed el segundo punto.<\/div>\n<div>\u00bfLa FGR habla de homicidios en plural? Se refiere acaso a la muerte de los elementos de seguridad que llevaba El Mayo Zambada con \u00e9l ese d\u00eda y que desde entonces se encuentran en calidad de desaparecidos?<\/div>\n<div>Habla que ah\u00ed se cometieron las agresiones -balazos en las piernas- que llevaron a la muerte a H\u00e9ctor Melesio Cuen desangrado.<\/div>\n<div>\u00bfLe dieron muerte de un rival pol\u00edtico? En pol\u00edtica se usa mucho la expresi\u00f3n \u201chay que dejarlo que se desangre\u201d cuando se toca a un adversario y ya no se le hace caso ni se le rescata pol\u00edticamente desde luego.<\/div>\n<div>En pocas palabras, se le da la raz\u00f3n a El Mayo Zambada de lo descrito en su carta. \u00bfY si se le da raz\u00f3n en esto, entonces tambi\u00e9n es cierto todo lo dem\u00e1s que relata en su carta? Ufff.<\/div>\n<div>Por eso afirmamos que la FGR le echa m\u00e1s le\u00f1a al fuego y son autoridades locales las que podr\u00edan quemarse en el mismo. Todo lo radica en Sinaloa y con actores sinaloenses. Los actores secundarios ya est\u00e1n en el reparto muy anunciados.<\/div>\n<div>\u00bfY de qui\u00e9n es la propiedad de la finca donde sucedieron los hechos? Otro actor de reparto que tarde o temprano saldr\u00e1 a relucir.<\/div>\n<div>3.-Tercer punto que afirma la FGR.<\/div>\n<div>Dice que tambi\u00e9n se identificaron los veh\u00edculos que fueron utilizados para la comisi\u00f3n del posible secuestro.<\/div>\n<div>Por lo que hace a Joaqu\u00edn \u201cN\u201d, ya est\u00e1 preparada la solicitud de orden de aprehensi\u00f3n por secuestro y tambi\u00e9n por la privaci\u00f3n ilegal de la libertad de una persona en territorio nacional para entregarla a las autoridades de otro pa\u00eds, traslad\u00e1ndola fuera de M\u00e9xico con tal prop\u00f3sito (art\u00edculo 123 del C\u00f3digo Penal Federal).<\/div>\n<div>Hasta ah\u00ed.<\/div>\n<div>La FGR con esta afirmaci\u00f3n tambi\u00e9n le da la raz\u00f3n a El Mayo Zambada quien afirma haber sido secuestrado y de ninguna manera se entreg\u00f3 a las autoridades norteamericanas. \u00bfEntonces tambi\u00e9n le da la raz\u00f3n en todo lo que dice en su carta? El Mayo no minti\u00f3. Ufff\u2026 s\u00ed que le hecha m\u00e1s le\u00f1a al fuego y todo lo reduce a un asunto local. Malos presagios.<\/div>\n<div>4.-Cuarto punto que afirma la FGR.<\/div>\n<div>Sobre este mismo caso, la instituci\u00f3n federal ha logrado establecer, con precisi\u00f3n, que la informaci\u00f3n sobre lo ocurrido en una gasolinera en el municipio de Culiac\u00e1n no es aceptable, ni cuenta con los elementos fidedignos de prueba que permitan tomarla en cuenta, en la forma en que fue planteada.<\/div>\n<div>Hasta ah\u00ed lo dicho por la FGR\u2026Ufff y recontra ufff\u2026.<\/div>\n<div>En qu\u00e9 l\u00edo se meti\u00f3 la autoridad local sobre todo la FGE encabezada ese ese momento por Sara Bruna Qui\u00f1\u00f3nez.<\/div>\n<div>Todo apunta al encubrimiento y complicidad. Ese ser\u00eda el menor de los cargos.<\/div>\n<div>\u00bfA qui\u00e9n quiso encubrir Sara Bruna? \u00bfQuien fue el autor intelectual del asesinato de Cuen? \u00bfSe protegi\u00f3 el secuestro de El Mayo por parte de quienes dice lo capturaron y lo entregaron?<\/div>\n<div>Por eso decimos. La FGR le ech\u00f3 m\u00e1s le\u00f1a al fuego.<\/div>\n<div>\u00bfQuienes ser\u00e1n los rostizados en este fuego? \u00bfSe quedar\u00e1 al nivel de la ex fiscal o caer\u00e1n m\u00e1s personajes?<\/div>\n<div>5.-Lo que s\u00ed es cierto, es que debe estar muy fuerte la presi\u00f3n hacia el gobierno federal para que la FGR act\u00fae de la manera como lo viene haciendo. C\u00f3mo dicen en el rancho. Ya se puso al fuego el cochito a cocinar a la vuelta y vuelta.<\/div>\n<div>Se tardar\u00e1 un poquito, pero habr\u00e1 carne para los leones.<\/div>\n<div>\u00bfDe qui\u00e9n ser\u00e1 la carne? La ex fiscal Sara Bruja no tiene defensa. \u00bfHabr\u00e1 m\u00e1s?<\/div>\n<div>Se va a saber. La Fiscal\u00eda General de la Rep\u00fablica dijo en su bolet\u00edn que continuar\u00e1 informando de sus avances que sean legalmente revelables.<\/div>\n<div>Ya veremos dijo el ciego.<\/div>\n<div>Pero de que el gobierno local est\u00e1 en una verdadera crisis, lo est\u00e1.<\/div>\n<div>La visita del presidente a Sinaloa, el pr\u00f3ximo domingo, 15 d\u00edas despu\u00e9s de estar ac\u00e1 y a 15 d\u00edas de la difusi\u00f3n de la carta de El Mayo despierta ahora mucho m\u00e1s inter\u00e9s.<\/div>\n<div>\u00bfA qu\u00e9 viene a Sinaloa el presidente?<\/div>\n<div>Habr\u00e1 que estar pendientes.<\/div>\n<div>PASO A PASITO.-Reapareci\u00f3 el comandante Marcos, el mismo que puso en jaque al gobierno del presidente Carlos Salinas e hizo una definici\u00f3n interesante y chusca del presidente Andr\u00e9s Manuel L\u00f3pez Obrador.<\/div>\n<div>As\u00ed lo defini\u00f3.<\/div>\n<div>Dijo que &#8220;Tiene el autoritarismo de Gustavo Diaz Ordaz&#8217;.<\/div>\n<div>&#8220;El nacionalismo de cart\u00f3n de Luis Echeverr\u00eda&#8221;.<\/div>\n<div>&#8220;La clemagogia corrupta de Jos\u00e9 L\u00f3pez Portillo&#8221;. &#8220;La mediocridad admlnislratlva de Miguel de la Madrid&#8221;.<\/div>\n<div>&#8220;La perversidad de Carlos Salinas&#8221;. &#8220;La vocaci\u00f3n crlmlnal<\/div>\n<div>de Ernesto Zedillo&#8221;.<\/div>\n<div>&#8220;La Ignorancia enciclop\u00e9dlca de VicenteFox&#8221;,<\/div>\n<div>&#8220;El militarismo y la mecha corta de Calder\u00f3n\u201d y la fr\u00edvola superficialidad de Enrique Pe\u00f1a Nieto.<\/div>\n<div>Y dijera Andr\u00e9s Manuel\u2026Ya \u00e9ramos mucho y todav\u00eda pari\u00f3 la abuela.<\/div>\n<div>OTRO PASITO.-En su car\u00e1cter de presidente del Sistema Estatal de Protecci\u00f3n Integral de los Derechos de Ni\u00f1as, Ni\u00f1os y Adolescentes (SIPINNA), el gobernador Rub\u00e9n Rocha Moya encabez\u00f3 la cuarta sesi\u00f3n ordinaria de este organismo, donde la secretaria ejecutiva del mismo, Nuria Alejandra Gonz\u00e1lez Elizalde, rindi\u00f3 su informe anual de labores, y en cuyo marco tambi\u00e9n se hizo la presentaci\u00f3n del Sistema Estatal de Informaci\u00f3n de Ni\u00f1as, Ni\u00f1os y Adolescentes del Estado de Sinaloa, elaborado por el INEGI, siendo Sinaloa el primer estado de la Rep\u00fablica en contar con este instrumento.<\/div>\n<div>Las buenas noticias, tambi\u00e9n son noticias.<\/div>\n<div>PASITO CH\u00c9VERE.-<\/div>\n<div>S\u00edguenos En:<\/div>\n<div>Ovelanalista.com<\/div>\n<div>Twitteer.- @oswaldo villase<\/div>\n<div>Facebook.-OV El Analista<\/div>\n<div>Megacanal canal 151 y 1151 de lunes a viernes de 1:30 a 2 de la tarde y s\u00e1bados de 11 a 12.<\/div>\n<div>CDMX y todo el pa\u00eds.<\/div>\n<div>Indice pol\u00edtico.com.<\/div>\n<div>La Pol\u00edtica OnLine.com<\/div>\n<div>MxPolitico.net NoticiasMx<\/div>\n<div>WhatsApp. 6681640391 m\u00e1ndanos un mensaje y recibe nuestra informaci\u00f3n<\/div>\n","protected":false},"excerpt":{"rendered":"<p>TRANSICI\u00d3N La tolerancia llegar\u00e1 a tal nivel que las personas inteligentes tendr\u00e1n prohibido pensar para no ofender a los imb\u00e9ciles\u201d. Frase de Fi\u00f3dor Dostoyeski. Oswaldo Villase\u00f1or Como en ning\u00fan caso en lo que va del sexenio, la Fiscal\u00eda General de la Rep\u00fablica ha abierto su investigaci\u00f3n y de manera puntual informa a la sociedad lo encontrado, como lo est\u00e1 haciendo con el caso de la captura de El Mayo Zambada y el asesinato de H\u00e9ctor Melesio Cuen Ojeda. En mis 35 a\u00f1os de periodista, solo recuerdo pocas aperturas as\u00ed -aunque fue para desinformar-con el caso del asesinato del Cardenal Posadas [&hellip;]<\/p>\n","protected":false},"author":3,"featured_media":89745,"comment_status":"open","ping_status":"open","sticky":false,"template":"","format":"standard","meta":{"_jetpack_newsletter_access":"","_jetpack_dont_email_post_to_subs":false,"_jetpack_newsletter_tier_id":0,"_jetpack_memberships_contains_paywalled_content":false,"_jetpack_feature_clip_id":0,"_jetpack_memberships_contains_paid_content":false,"footnotes":"","jetpack_publicize_message":"","jetpack_publicize_feature_enabled":true,"jetpack_social_post_already_shared":true,"jetpack_social_options":{"image_generator_settings":{"template":"highway","default_image_id":0,"font":"","enabled":false},"version":2},"jetpack_post_was_ever_published":false},"categories":[91],"tags":[],"class_list":["post-101598","post","type-post","status-publish","format-standard","has-post-thumbnail","hentry","category-transicion","post--single"],"jetpack_publicize_connections":[],"jetpack_featured_media_url":"https:\/\/ovelanalista.com\/wp-content\/uploads\/2024\/02\/WhatsApp-Image-2024-02-06-at-1.55.35-PM.jpeg","jetpack_sharing_enabled":true,"_links":{"self":[{"href":"https:\/\/ovelanalista.com\/index.php?rest_route=\/wp\/v2\/posts\/101598","targetHints":{"allow":["GET"]}}],"collection":[{"href":"https:\/\/ovelanalista.com\/index.php?rest_route=\/wp\/v2\/posts"}],"about":[{"href":"https:\/\/ovelanalista.com\/index.php?rest_route=\/wp\/v2\/types\/post"}],"author":[{"embeddable":true,"href":"https:\/\/ovelanalista.com\/index.php?rest_route=\/wp\/v2\/users\/3"}],"replies":[{"embeddable":true,"href":"https:\/\/ovelanalista.com\/index.php?rest_route=%2Fwp%2Fv2%2Fcomments&post=101598"}],"version-history":[{"count":1,"href":"https:\/\/ovelanalista.com\/index.php?rest_route=\/wp\/v2\/posts\/101598\/revisions"}],"predecessor-version":[{"id":101599,"href":"https:\/\/ovelanalista.com\/index.php?rest_route=\/wp\/v2\/posts\/101598\/revisions\/101599"}],"wp:featuredmedia":[{"embeddable":true,"href":"https:\/\/ovelanalista.com\/index.php?rest_route=\/wp\/v2\/media\/89745"}],"wp:attachment":[{"href":"https:\/\/ovelanalista.com\/index.php?rest_route=%2Fwp%2Fv2%2Fmedia&parent=101598"}],"wp:term":[{"taxonomy":"category","embeddable":true,"href":"https:\/\/ovelanalista.com\/index.php?rest_route=%2Fwp%2Fv2%2Fcategories&post=101598"},{"taxonomy":"post_tag","embeddable":true,"href":"https:\/\/ovelanalista.com\/index.php?rest_route=%2Fwp%2Fv2%2Ftags&post=101598"}],"curies":[{"name":"wp","href":"https:\/\/api.w.org\/{rel}","templated":true}]}}