{"id":101614,"date":"2024-08-22T12:25:35","date_gmt":"2024-08-22T18:25:35","guid":{"rendered":"https:\/\/ovelanalista.com\/?p=101614"},"modified":"2024-08-22T11:25:45","modified_gmt":"2024-08-22T17:25:45","slug":"la-costumbre-del-poder-hizo-balance-la-doctora-sheinbaum-pardo-su-herencia-la-hara-brillar-o-hundirse-iv-v","status":"publish","type":"post","link":"https:\/\/ovelanalista.com\/?p=101614","title":{"rendered":"La Costumbre del Poder: \u00bfHizo balance la doctora Sheinbaum Pardo; su herencia la har\u00e1 brillar o hundirse? IV\/V"},"content":{"rendered":"<p><strong>Ser\u00e1 que la 4T, el humanismo mexicano, la moral del no robar, no mentir y no traicionar, as\u00ed como el fiero combate a la corrupci\u00f3n, construyen la civilizaci\u00f3n del M\u00e9xico nuevo, del proyecto de naci\u00f3n que nunca acabamos de consolidar. No lo creo<\/strong><\/p>\n<p><strong>Gregorio Ortega Molina<\/strong><\/p>\n<p>&nbsp;<\/p>\n<p>Los errores tambi\u00e9n se heredan y repiten con mayores consecuencias. \u00bfFue Espa\u00f1a o es responsable Castilla de la Conquista? \u00bfD\u00f3nde inicia y concluye la corresponsabilidad del catolicismo con el modo de convertir a los pobladores originarios a una deidad ajena? \u00bfLe reclamar\u00edan a El Vaticano que expresara su arrepentimiento por la manera en que evangelizaron a Am\u00e9rica?<\/p>\n<p>Andr\u00e9s Manuel L\u00f3pez Obrador y ahora la doctora Sheinbaum Pardo hacen de la simulaci\u00f3n y la demagogia virtud, ejemplo en materia de llevar de la mano a los gobernados. Son copia fiel de la estrategia usada por los nazis para someter a su voluntad la libertad de los alemanes, primero, y la de los habitantes de las naciones ocupadas despu\u00e9s. Los traidores siempre fueron bienvenidos, aunque a la postre los colaboracionistas terminaron enchapopotados y emplumados o asesinados.<\/p>\n<p>Navegan embozados en un lenguaje que no es el suyo, porque dista mucho de expresar lo que sienten por M\u00e9xico y esperan de sus gobernados. Albert Camus propuso, en la inmediata posguerra y como tarea urgente, reconstruir la mentalidad pol\u00edtica. \u00bfC\u00f3mo conducirnos despu\u00e9s de tantos fracasos acumulados? Imposible persistir en el error.<\/p>\n<p>En\u00a0<strong><em>El pesimismo y el Valor<\/em><\/strong>\u00a0de 1945, Camus puntualiza: \u201c\u2026 Esta coincidencia, en algunos esp\u00edritus, de una filosof\u00eda de la negaci\u00f3n y de una moral positiva figura, de hecho, el gran problema que dolorosamente sacude todo la \u00e9poca. En s\u00edntesis, es un problema de civilizaci\u00f3n y se trata de que sepamos si para nosotros el hombre, sin el auxilio del eterno o del pensamiento racionalista, puede ser capaz de crear sus propios valores. Esta empresa nos supera de manera infinita. Lo digo porque lo creo. Francia y Europa hoy tienen que crear una nueva civilizaci\u00f3n o perecer\u201d.<\/p>\n<p>\u00bfD\u00f3nde estamos en estas naciones que inician al sur del r\u00edo Bravo y se extienden hasta la Ant\u00e1rtida? Las aspiraciones a la rep\u00fablica bolivariana tienen disensos y deserciones, pero es imposible seguir por el sendero de la autosuficiencia y el independentismo. Internet, el tiempo real, la IA, indican el mundo en el que vivimos. Exigen la creatividad necesaria para crear una civilizaci\u00f3n cibern\u00e9tica, y b\u00e9lica. Las guerras internas, la violencia, no desaparecer\u00e1n porque anular\u00edan el flujo econ\u00f3mico.<\/p>\n<p>Pero aqu\u00ed, as\u00ed se puede discernir de su discurso del jueves \u00faltimo, la doctora Sheinbaum Pardo parece partidaria del control absoluto desde el Poder Ejecutivo. Comparto: \u201cEl 2 de junio el pueblo de M\u00e9xico tambi\u00e9n plasm\u00f3 su voluntad para la composici\u00f3n del congreso de la Uni\u00f3n, y es clara la norma electoral en la asignaci\u00f3n de los legisladores de mayor\u00eda y de representaci\u00f3n proporcional. Estoy convencida que las y los titulares del Poder Judicial en materia electoral conocen a profundidad este tema porque as\u00ed han actuado en pasadas elecciones y sabr\u00e1n respetar tambi\u00e9n la Constituci\u00f3n, las leyes y la voluntad del pueblo\u201d.<\/p>\n<p>Ser\u00e1 que la 4T, el humanismo mexicano, la moral del no robar, no mentir y no traicionar, as\u00ed como el fiero combate a la corrupci\u00f3n, construyen la civilizaci\u00f3n del M\u00e9xico nuevo, del proyecto de naci\u00f3n que nunca acabamos de consolidar. No lo creo.<\/p>\n<p><a href=\"http:\/\/www.gregorioortega.blog\/\">www.gregorioortega.blog<\/a><br \/>\n@OrtegaGregorio<\/p>\n","protected":false},"excerpt":{"rendered":"<p>Ser\u00e1 que la 4T, el humanismo mexicano, la moral del no robar, no mentir y no traicionar, as\u00ed como el fiero combate a la corrupci\u00f3n, construyen la civilizaci\u00f3n del M\u00e9xico nuevo, del proyecto de naci\u00f3n que nunca acabamos de consolidar. No lo creo Gregorio Ortega Molina &nbsp; Los errores tambi\u00e9n se heredan y repiten con mayores consecuencias. \u00bfFue Espa\u00f1a o es responsable Castilla de la Conquista? \u00bfD\u00f3nde inicia y concluye la corresponsabilidad del catolicismo con el modo de convertir a los pobladores originarios a una deidad ajena? \u00bfLe reclamar\u00edan a El Vaticano que expresara su arrepentimiento por la manera en [&hellip;]<\/p>\n","protected":false},"author":3,"featured_media":91773,"comment_status":"open","ping_status":"open","sticky":false,"template":"","format":"standard","meta":{"_jetpack_newsletter_access":"","_jetpack_dont_email_post_to_subs":false,"_jetpack_newsletter_tier_id":0,"_jetpack_memberships_contains_paywalled_content":false,"_jetpack_feature_clip_id":0,"_jetpack_memberships_contains_paid_content":false,"footnotes":"","jetpack_publicize_message":"","jetpack_publicize_feature_enabled":true,"jetpack_social_post_already_shared":true,"jetpack_social_options":{"image_generator_settings":{"template":"highway","default_image_id":0,"font":"","enabled":false},"version":2},"jetpack_post_was_ever_published":false},"categories":[79],"tags":[],"class_list":["post-101614","post","type-post","status-publish","format-standard","has-post-thumbnail","hentry","category-columnistas-nacionales","post--single"],"jetpack_publicize_connections":[],"jetpack_featured_media_url":"https:\/\/ovelanalista.com\/wp-content\/uploads\/2024\/03\/Gregorio-Ortega-Molina.jpeg","jetpack_sharing_enabled":true,"_links":{"self":[{"href":"https:\/\/ovelanalista.com\/index.php?rest_route=\/wp\/v2\/posts\/101614","targetHints":{"allow":["GET"]}}],"collection":[{"href":"https:\/\/ovelanalista.com\/index.php?rest_route=\/wp\/v2\/posts"}],"about":[{"href":"https:\/\/ovelanalista.com\/index.php?rest_route=\/wp\/v2\/types\/post"}],"author":[{"embeddable":true,"href":"https:\/\/ovelanalista.com\/index.php?rest_route=\/wp\/v2\/users\/3"}],"replies":[{"embeddable":true,"href":"https:\/\/ovelanalista.com\/index.php?rest_route=%2Fwp%2Fv2%2Fcomments&post=101614"}],"version-history":[{"count":1,"href":"https:\/\/ovelanalista.com\/index.php?rest_route=\/wp\/v2\/posts\/101614\/revisions"}],"predecessor-version":[{"id":101617,"href":"https:\/\/ovelanalista.com\/index.php?rest_route=\/wp\/v2\/posts\/101614\/revisions\/101617"}],"wp:featuredmedia":[{"embeddable":true,"href":"https:\/\/ovelanalista.com\/index.php?rest_route=\/wp\/v2\/media\/91773"}],"wp:attachment":[{"href":"https:\/\/ovelanalista.com\/index.php?rest_route=%2Fwp%2Fv2%2Fmedia&parent=101614"}],"wp:term":[{"taxonomy":"category","embeddable":true,"href":"https:\/\/ovelanalista.com\/index.php?rest_route=%2Fwp%2Fv2%2Fcategories&post=101614"},{"taxonomy":"post_tag","embeddable":true,"href":"https:\/\/ovelanalista.com\/index.php?rest_route=%2Fwp%2Fv2%2Ftags&post=101614"}],"curies":[{"name":"wp","href":"https:\/\/api.w.org\/{rel}","templated":true}]}}