{"id":101616,"date":"2024-08-22T12:45:32","date_gmt":"2024-08-22T18:45:32","guid":{"rendered":"https:\/\/ovelanalista.com\/?p=101616"},"modified":"2024-08-22T11:30:47","modified_gmt":"2024-08-22T17:30:47","slug":"amlo-no-habra-despidos-ni-descuentos-para-empleados-del-poder-judicial-en-paro","status":"publish","type":"post","link":"https:\/\/ovelanalista.com\/?p=101616","title":{"rendered":"AMLO: No habr\u00e1 despidos ni descuentos para empleados del Poder Judicial en paro"},"content":{"rendered":"<p>El presidente Andr\u00e9s Manuel L\u00f3pez Obrador (AMLO) asegur\u00f3 que no se realizar\u00e1n descuentos salariales ni despidos, a pesar de la solicitud de la Secretar\u00eda de Hacienda y Cr\u00e9dito P\u00fablico (SHCP) para que el Consejo de la Judicatura Federal (CJF) deje de pagar los sueldos a aquellos que se encuentran en paro.<\/p>\n<p>L\u00f3pez Obrador subray\u00f3 la importancia de respetar las libertades individuales y el derecho a la manifestaci\u00f3n, pero inst\u00f3 a los trabajadores a que realicen una autocr\u00edtica profunda para evitar ser manipulados por intereses ajenos. \u00abEstoy a favor de los trabajadores de que se manifiesten libremente, nada m\u00e1s que ellos apliquen el m\u00e9todo de la autocr\u00edtica y que no caigan en la autocomplacencia y que no se dejen manipular\u00bb, expres\u00f3.<\/p>\n<p>El presidente fue enf\u00e1tico al se\u00f1alar que no hay ning\u00fan aspecto en la reforma que afecte directamente a los trabajadores del Poder Judicial, sugiriendo que las preocupaciones pueden estar basadas en informaci\u00f3n incorrecta o malinterpretada.<\/p>\n<p>En este sentido, hizo un llamado a la reflexi\u00f3n y al di\u00e1logo: \u00abSi hubiese alguna afectaci\u00f3n a sus intereses, que presenten espec\u00edficamente por qu\u00e9 est\u00e1n en contra, porque lo que se est\u00e1 planteando es elegir a los jueces y adem\u00e1s no se les va a quitar el derecho a los jueces actuales\u00bb, afirm\u00f3.<\/p>\n<p>En relaci\u00f3n con la petici\u00f3n de la SHCP de suspender el pago de salarios y considerar la destituci\u00f3n de los empleados en paro, L\u00f3pez Obrador dej\u00f3 claro que, si es necesario, se corregir\u00e1 el documento enviado por la Secretar\u00eda, enfatizando que los servidores p\u00fablicos deben actuar con responsabilidad. \u00abEste es un pa\u00eds de libertades plenas y no hay represi\u00f3n\u00bb, reiter\u00f3, destacando que la atenci\u00f3n de los aspectos legales relacionados con la protesta corresponde al CJF.<\/p>\n<p>Finalmente, el presidente inst\u00f3 a los manifestantes a reconsiderar su postura y a \u00abentrar en raz\u00f3n\u00bb, reiterando su compromiso con un proceso de reforma que, seg\u00fan \u00e9l, no atenta contra los derechos laborales de los actuales jueces y magistrados, sino que busca una mayor democratizaci\u00f3n y transparencia en la elecci\u00f3n de los mismos.<\/p>\n","protected":false},"excerpt":{"rendered":"<p>El presidente Andr\u00e9s Manuel L\u00f3pez Obrador (AMLO) asegur\u00f3 que no se realizar\u00e1n descuentos salariales ni despidos, a pesar de la solicitud de la Secretar\u00eda de Hacienda y Cr\u00e9dito P\u00fablico (SHCP) para que el Consejo de la Judicatura Federal (CJF) deje de pagar los sueldos a aquellos que se encuentran en paro. L\u00f3pez Obrador subray\u00f3 la importancia de respetar las libertades individuales y el derecho a la manifestaci\u00f3n, pero inst\u00f3 a los trabajadores a que realicen una autocr\u00edtica profunda para evitar ser manipulados por intereses ajenos. \u00abEstoy a favor de los trabajadores de que se manifiesten libremente, nada m\u00e1s que ellos [&hellip;]<\/p>\n","protected":false},"author":3,"featured_media":101556,"comment_status":"open","ping_status":"open","sticky":false,"template":"","format":"standard","meta":{"_jetpack_newsletter_access":"","_jetpack_dont_email_post_to_subs":false,"_jetpack_newsletter_tier_id":0,"_jetpack_memberships_contains_paywalled_content":false,"_jetpack_feature_clip_id":0,"_jetpack_memberships_contains_paid_content":false,"footnotes":"","jetpack_publicize_message":"","jetpack_publicize_feature_enabled":true,"jetpack_social_post_already_shared":true,"jetpack_social_options":{"image_generator_settings":{"template":"highway","default_image_id":0,"font":"","enabled":false},"version":2},"jetpack_post_was_ever_published":false},"categories":[75,72],"tags":[],"class_list":["post-101616","post","type-post","status-publish","format-standard","has-post-thumbnail","hentry","category-nacional","category-portada","post--single"],"jetpack_publicize_connections":[],"jetpack_featured_media_url":"https:\/\/ovelanalista.com\/wp-content\/uploads\/2024\/08\/amlo-lopez-obrador-redes-sociales-campanas.webp","jetpack_sharing_enabled":true,"_links":{"self":[{"href":"https:\/\/ovelanalista.com\/index.php?rest_route=\/wp\/v2\/posts\/101616","targetHints":{"allow":["GET"]}}],"collection":[{"href":"https:\/\/ovelanalista.com\/index.php?rest_route=\/wp\/v2\/posts"}],"about":[{"href":"https:\/\/ovelanalista.com\/index.php?rest_route=\/wp\/v2\/types\/post"}],"author":[{"embeddable":true,"href":"https:\/\/ovelanalista.com\/index.php?rest_route=\/wp\/v2\/users\/3"}],"replies":[{"embeddable":true,"href":"https:\/\/ovelanalista.com\/index.php?rest_route=%2Fwp%2Fv2%2Fcomments&post=101616"}],"version-history":[{"count":1,"href":"https:\/\/ovelanalista.com\/index.php?rest_route=\/wp\/v2\/posts\/101616\/revisions"}],"predecessor-version":[{"id":101619,"href":"https:\/\/ovelanalista.com\/index.php?rest_route=\/wp\/v2\/posts\/101616\/revisions\/101619"}],"wp:featuredmedia":[{"embeddable":true,"href":"https:\/\/ovelanalista.com\/index.php?rest_route=\/wp\/v2\/media\/101556"}],"wp:attachment":[{"href":"https:\/\/ovelanalista.com\/index.php?rest_route=%2Fwp%2Fv2%2Fmedia&parent=101616"}],"wp:term":[{"taxonomy":"category","embeddable":true,"href":"https:\/\/ovelanalista.com\/index.php?rest_route=%2Fwp%2Fv2%2Fcategories&post=101616"},{"taxonomy":"post_tag","embeddable":true,"href":"https:\/\/ovelanalista.com\/index.php?rest_route=%2Fwp%2Fv2%2Ftags&post=101616"}],"curies":[{"name":"wp","href":"https:\/\/api.w.org\/{rel}","templated":true}]}}