{"id":101967,"date":"2024-08-27T17:30:00","date_gmt":"2024-08-27T23:30:00","guid":{"rendered":"https:\/\/ovelanalista.com\/?p=101967"},"modified":"2024-08-27T17:19:41","modified_gmt":"2024-08-27T23:19:41","slug":"sheinbaum-respalda-pausa-de-amlo-con-embajadas-de-ee-uu-y-canada","status":"publish","type":"post","link":"https:\/\/ovelanalista.com\/?p=101967","title":{"rendered":"Sheinbaum respalda \u201cpausa\u201d de AMLO con Embajadas de EE.UU. y Canad\u00e1"},"content":{"rendered":"<p>Claudia Sheinbaum se manifest\u00f3 de acuerdo con que los embajadores de EE.UU. y Canad\u00e1 no tienen por qu\u00e9 pronunciarse sobre asuntos internos del pa\u00eds.<\/p>\n<p><strong>Claudia Sheinbaum<\/strong>\u00a0manifest\u00f3 su\u00a0<strong>respaldo<\/strong>\u00a0al presidente\u00a0<strong>Andr\u00e9s Manuel L\u00f3pez Obrador<\/strong>\u00a0respecto de la \u201c<a href=\"https:\/\/lopezdoriga.com\/nacional\/amlo-declara-pausa-embajadas-eeuu-canada-criticas-reforma-judicial\/\" target=\"_blank\" rel=\"noopener\">pausa<\/a>\u201d con las\u00a0<strong>Embajadas de Estados Unidos<\/strong>\u00a0y\u00a0<strong>Canad\u00e1<\/strong>, por sus posicionamientos contra la\u00a0<strong>reforma al Poder Judicial<\/strong>.<\/p>\n<p>Ante medios de comunicaci\u00f3n la pr\u00f3xima presidenta de M\u00e9xico se\u00f1al\u00f3 que la decisi\u00f3n tomada por el actual primer mandatario es exclusiva de su Gobierno.<\/p>\n<blockquote><p>El presidente tiene sus razones para tomar esta decisi\u00f3n, y (a) nosotros nos corresponder\u00e1 a partir del 1 de octubre, cuando entremos a la Presidencia de la Rep\u00fablica\u201d, expuso.<\/p><\/blockquote>\n<p>No obstante, se manifest\u00f3 de acuerdo con que los embajadores de EE.UU. y Canad\u00e1 no tienen por qu\u00e9 pronunciarse sobre asuntos internos del pa\u00eds.<\/p>\n<blockquote><p>Hay temas que le corresponden a los mexicanos y mexicanas. Y nuestra funci\u00f3n como Poder Ejecutivo, y tambi\u00e9n los legisladores, es defender nuestra soberan\u00eda\u201d, sostuvo.<\/p><\/blockquote>\n<p><strong>Claudia Sheinbaum<\/strong>\u00a0asegur\u00f3 que pese al roce no habr\u00e1 un cambio en la relaci\u00f3n bilateral con ambos pa\u00edses del norte. Descart\u00f3 adem\u00e1s que durante su sexenio vaya a pedir la remoci\u00f3n de Ken Salazar como embajador.<\/p>\n<blockquote><p>Lo he comentado, hay muy buena relaci\u00f3n con Estados Unidos, con Canad\u00e1; son nuestros socios comerciales, hay di\u00e1logo\u201d, subray\u00f3.<\/p><\/blockquote>\n<p>Aprovech\u00f3 tambi\u00e9n para subrayar que la volatilidad del peso mexicano frente al d\u00f3lar obedece a factores internacionales que iniciaron, seg\u00fan dijo, con el anuncio de la inflaci\u00f3n en Estados Unidos.<\/p>\n<blockquote><p>Puede ser un factor que influya, pero no es lo esencial. Es un problema internacional\u201d, afirm\u00f3.<\/p><\/blockquote>\n<p>Con informaci\u00f3n de L\u00f3pez-D\u00f3riga Digital<\/p>\n","protected":false},"excerpt":{"rendered":"<p>Claudia Sheinbaum se manifest\u00f3 de acuerdo con que los embajadores de EE.UU. y Canad\u00e1 no tienen por qu\u00e9 pronunciarse sobre asuntos internos del pa\u00eds. Claudia Sheinbaum\u00a0manifest\u00f3 su\u00a0respaldo\u00a0al presidente\u00a0Andr\u00e9s Manuel L\u00f3pez Obrador\u00a0respecto de la \u201cpausa\u201d con las\u00a0Embajadas de Estados Unidos\u00a0y\u00a0Canad\u00e1, por sus posicionamientos contra la\u00a0reforma al Poder Judicial. Ante medios de comunicaci\u00f3n la pr\u00f3xima presidenta de M\u00e9xico se\u00f1al\u00f3 que la decisi\u00f3n tomada por el actual primer mandatario es exclusiva de su Gobierno. El presidente tiene sus razones para tomar esta decisi\u00f3n, y (a) nosotros nos corresponder\u00e1 a partir del 1 de octubre, cuando entremos a la Presidencia de la Rep\u00fablica\u201d, expuso. [&hellip;]<\/p>\n","protected":false},"author":3,"featured_media":101971,"comment_status":"open","ping_status":"open","sticky":false,"template":"","format":"standard","meta":{"_jetpack_newsletter_access":"","_jetpack_dont_email_post_to_subs":false,"_jetpack_newsletter_tier_id":0,"_jetpack_memberships_contains_paywalled_content":false,"_jetpack_feature_clip_id":0,"_jetpack_memberships_contains_paid_content":false,"footnotes":"","jetpack_publicize_message":"","jetpack_publicize_feature_enabled":true,"jetpack_social_post_already_shared":true,"jetpack_social_options":{"image_generator_settings":{"template":"highway","default_image_id":0,"font":"","enabled":false},"version":2},"jetpack_post_was_ever_published":false},"categories":[75,72],"tags":[],"class_list":["post-101967","post","type-post","status-publish","format-standard","has-post-thumbnail","hentry","category-nacional","category-portada","post--single"],"jetpack_publicize_connections":[],"jetpack_featured_media_url":"https:\/\/ovelanalista.com\/wp-content\/uploads\/2024\/08\/claudia-sheinbaum-4-2.webp","jetpack_sharing_enabled":true,"_links":{"self":[{"href":"https:\/\/ovelanalista.com\/index.php?rest_route=\/wp\/v2\/posts\/101967","targetHints":{"allow":["GET"]}}],"collection":[{"href":"https:\/\/ovelanalista.com\/index.php?rest_route=\/wp\/v2\/posts"}],"about":[{"href":"https:\/\/ovelanalista.com\/index.php?rest_route=\/wp\/v2\/types\/post"}],"author":[{"embeddable":true,"href":"https:\/\/ovelanalista.com\/index.php?rest_route=\/wp\/v2\/users\/3"}],"replies":[{"embeddable":true,"href":"https:\/\/ovelanalista.com\/index.php?rest_route=%2Fwp%2Fv2%2Fcomments&post=101967"}],"version-history":[{"count":1,"href":"https:\/\/ovelanalista.com\/index.php?rest_route=\/wp\/v2\/posts\/101967\/revisions"}],"predecessor-version":[{"id":101972,"href":"https:\/\/ovelanalista.com\/index.php?rest_route=\/wp\/v2\/posts\/101967\/revisions\/101972"}],"wp:featuredmedia":[{"embeddable":true,"href":"https:\/\/ovelanalista.com\/index.php?rest_route=\/wp\/v2\/media\/101971"}],"wp:attachment":[{"href":"https:\/\/ovelanalista.com\/index.php?rest_route=%2Fwp%2Fv2%2Fmedia&parent=101967"}],"wp:term":[{"taxonomy":"category","embeddable":true,"href":"https:\/\/ovelanalista.com\/index.php?rest_route=%2Fwp%2Fv2%2Fcategories&post=101967"},{"taxonomy":"post_tag","embeddable":true,"href":"https:\/\/ovelanalista.com\/index.php?rest_route=%2Fwp%2Fv2%2Ftags&post=101967"}],"curies":[{"name":"wp","href":"https:\/\/api.w.org\/{rel}","templated":true}]}}