{"id":101970,"date":"2024-08-27T17:45:25","date_gmt":"2024-08-27T23:45:25","guid":{"rendered":"https:\/\/ovelanalista.com\/?p=101970"},"modified":"2024-08-27T17:21:10","modified_gmt":"2024-08-27T23:21:10","slug":"ministra-norma-pina-rechaza-eleccion-de-jueces-por-voto-popular-y-pide-asumir-consecuencias-de-la-reforma-al-pj","status":"publish","type":"post","link":"https:\/\/ovelanalista.com\/?p=101970","title":{"rendered":"Ministra Norma Pi\u00f1a rechaza elecci\u00f3n de jueces por voto popular y pide asumir consecuencias de la reforma al PJ"},"content":{"rendered":"<p>La ministra presidenta de la Corte, Norma Pi\u00f1a, dijo que la reforma judicial \u201cno es la soluci\u00f3n\u201d a los problemas de impartici\u00f3n de justicia en M\u00e9xico.<\/p>\n<div class=\"entry-grid__content-area2 entry-main-text\">\n<div class=\"row\">\n<div class=\"col-12 col-lg-8\">\n<div class=\"article-content\">\n<p><strong>Norma Luc\u00eda Pi\u00f1a<\/strong>, ministra presidenta de la\u00a0<strong>Suprema Corte de Justicia de la Naci\u00f3n<\/strong>\u00a0(<a href=\"https:\/\/www.scjn.gob.mx\/\" target=\"_blank\" rel=\"noopener noreferrer\"><strong>SCJN<\/strong><\/a>), se manifest\u00f3 contra la\u00a0<strong>reforma judicial<\/strong>\u00a0que impulsa el presidente<strong>\u00a0Andr\u00e9s Manuel L\u00f3pez Obrador<\/strong>\u00a0en el Congreso, cuya principal premisa es la\u00a0<strong>elecci\u00f3n<\/strong>\u00a0por<strong>\u00a0voto popular<\/strong>\u00a0de jueces, magistrados y ministros.<\/p>\n<p class=\"p1\">En entrevista con\u00a0<b>Joaqu\u00edn L\u00f3pez-D\u00f3riga<\/b>\u00a0para su espacio en\u00a0<a href=\"https:\/\/www.radioformula.com.mx\/\" target=\"_blank\" rel=\"noopener noreferrer\">Radio F\u00f3rmula<\/a>, Pi\u00f1a Hern\u00e1ndez pidi\u00f3 que cada quien asuma las consecuencias cuando esta reforma sea aprobada por el pr\u00f3ximo Congreso.<\/p>\n<p>\u201cConsidero que cada quien tiene que estar actuando en el \u00e1mbito de su responsabilidad y conforme a las competencias a las que cada uno nos corresponde\u201d, dijo.<\/p>\n<\/div>\n<div class=\"ad-container dfp-ad-unit ad-inread ad-main-inread ad-slot\" data-ad-type=\"inread\" data-slot=\"inread\" data-ad-loaded=\"1\" data-ad-setup=\"{&quot;postID&quot;:1646745,&quot;canRefresh&quot;:false,&quot;infinitescroll&quot;:false}\" data-google-query-id=\"CJetl9GnlogDFeOEpgQde1MBGw\">\n<blockquote><p>La mayor\u00eda de los ministros nos hemos pronunciado porque el sistema de elecci\u00f3n (por voto popular) de jueces y magistrados no es lo m\u00e1s adecuado para todo nuestro sistema de impartici\u00f3n de justicia, y no es la soluci\u00f3n para los problemas que se presentan hoy en d\u00eda\u201d, lanz\u00f3.<\/p><\/blockquote>\n<p class=\"p1\"><em>Noticia en desarrollo\u2026<\/em><\/p>\n<p class=\"p1\">Con informaci\u00f3n de L\u00f3pez-D\u00f3riga Digital<\/p>\n<\/div>\n<\/div>\n<\/div>\n<\/div>\n","protected":false},"excerpt":{"rendered":"<p>La ministra presidenta de la Corte, Norma Pi\u00f1a, dijo que la reforma judicial \u201cno es la soluci\u00f3n\u201d a los problemas de impartici\u00f3n de justicia en M\u00e9xico. Norma Luc\u00eda Pi\u00f1a, ministra presidenta de la\u00a0Suprema Corte de Justicia de la Naci\u00f3n\u00a0(SCJN), se manifest\u00f3 contra la\u00a0reforma judicial\u00a0que impulsa el presidente\u00a0Andr\u00e9s Manuel L\u00f3pez Obrador\u00a0en el Congreso, cuya principal premisa es la\u00a0elecci\u00f3n\u00a0por\u00a0voto popular\u00a0de jueces, magistrados y ministros. En entrevista con\u00a0Joaqu\u00edn L\u00f3pez-D\u00f3riga\u00a0para su espacio en\u00a0Radio F\u00f3rmula, Pi\u00f1a Hern\u00e1ndez pidi\u00f3 que cada quien asuma las consecuencias cuando esta reforma sea aprobada por el pr\u00f3ximo Congreso. \u201cConsidero que cada quien tiene que estar actuando en el \u00e1mbito de [&hellip;]<\/p>\n","protected":false},"author":3,"featured_media":101973,"comment_status":"open","ping_status":"open","sticky":false,"template":"","format":"standard","meta":{"_jetpack_newsletter_access":"","_jetpack_dont_email_post_to_subs":false,"_jetpack_newsletter_tier_id":0,"_jetpack_memberships_contains_paywalled_content":false,"_jetpack_feature_clip_id":0,"_jetpack_memberships_contains_paid_content":false,"footnotes":"","jetpack_publicize_message":"","jetpack_publicize_feature_enabled":true,"jetpack_social_post_already_shared":true,"jetpack_social_options":{"image_generator_settings":{"template":"highway","default_image_id":0,"font":"","enabled":false},"version":2},"jetpack_post_was_ever_published":false},"categories":[75,72],"tags":[],"class_list":["post-101970","post","type-post","status-publish","format-standard","has-post-thumbnail","hentry","category-nacional","category-portada","post--single"],"jetpack_publicize_connections":[],"jetpack_featured_media_url":"https:\/\/ovelanalista.com\/wp-content\/uploads\/2024\/08\/norma-lucia-pina-scjn.webp","jetpack_sharing_enabled":true,"_links":{"self":[{"href":"https:\/\/ovelanalista.com\/index.php?rest_route=\/wp\/v2\/posts\/101970","targetHints":{"allow":["GET"]}}],"collection":[{"href":"https:\/\/ovelanalista.com\/index.php?rest_route=\/wp\/v2\/posts"}],"about":[{"href":"https:\/\/ovelanalista.com\/index.php?rest_route=\/wp\/v2\/types\/post"}],"author":[{"embeddable":true,"href":"https:\/\/ovelanalista.com\/index.php?rest_route=\/wp\/v2\/users\/3"}],"replies":[{"embeddable":true,"href":"https:\/\/ovelanalista.com\/index.php?rest_route=%2Fwp%2Fv2%2Fcomments&post=101970"}],"version-history":[{"count":1,"href":"https:\/\/ovelanalista.com\/index.php?rest_route=\/wp\/v2\/posts\/101970\/revisions"}],"predecessor-version":[{"id":101974,"href":"https:\/\/ovelanalista.com\/index.php?rest_route=\/wp\/v2\/posts\/101970\/revisions\/101974"}],"wp:featuredmedia":[{"embeddable":true,"href":"https:\/\/ovelanalista.com\/index.php?rest_route=\/wp\/v2\/media\/101973"}],"wp:attachment":[{"href":"https:\/\/ovelanalista.com\/index.php?rest_route=%2Fwp%2Fv2%2Fmedia&parent=101970"}],"wp:term":[{"taxonomy":"category","embeddable":true,"href":"https:\/\/ovelanalista.com\/index.php?rest_route=%2Fwp%2Fv2%2Fcategories&post=101970"},{"taxonomy":"post_tag","embeddable":true,"href":"https:\/\/ovelanalista.com\/index.php?rest_route=%2Fwp%2Fv2%2Ftags&post=101970"}],"curies":[{"name":"wp","href":"https:\/\/api.w.org\/{rel}","templated":true}]}}