{"id":101975,"date":"2024-08-27T18:00:14","date_gmt":"2024-08-28T00:00:14","guid":{"rendered":"https:\/\/ovelanalista.com\/?p=101975"},"modified":"2024-08-27T17:22:48","modified_gmt":"2024-08-27T23:22:48","slug":"obispos-y-empresarios-urgen-frenar-la-violencia-de-carteles-en-la-frontera-sur","status":"publish","type":"post","link":"https:\/\/ovelanalista.com\/?p=101975","title":{"rendered":"Obispos y empresarios urgen frenar la violencia de c\u00e1rteles en la frontera sur"},"content":{"rendered":"<p>Obispos y p\u00e1rrocos en Tapachula exhortaron al pueblo a unirse para pedir por la paz en Chiapas.<\/p>\n<div class=\"entry-grid__content-area2 entry-main-text\">\n<div class=\"row\">\n<div class=\"col-12 col-lg-8\">\n<div class=\"article-content\">\n<p>La\u00a0<strong>Iglesia cat\u00f3lica<\/strong>\u00a0y\u00a0<strong>empresarios<\/strong>\u00a0urgieron a las autoridades atender el aumento de la\u00a0<strong>violencia<\/strong>\u00a0por los c\u00e1rteles del\u00a0<strong>crimen organizado<\/strong>\u00a0en la\u00a0<strong>frontera sur<\/strong>\u00a0de M\u00e9xico y atender a los cientos de mexicanos desplazados a Guatemala.<\/p>\n<p>Los obispos y p\u00e1rrocos en Tapachula, principal urbe en el l\u00edmite de M\u00e9xico con Guatemala, exhortaron al pueblo a unirse para pedir por la\u00a0<strong>paz<\/strong>\u00a0de los habitantes de\u00a0<strong>Chiapas<\/strong>.<\/p>\n<p>Martin Moreno, p\u00e1rroco de la iglesia de San Agust\u00edn, denunci\u00f3 en una entrevista con EFE que hay \u201csituaciones muy dif\u00edciles\u201d de violencia, y enfrentamientos armados entre los c\u00e1rteles de Sinaloa y el de Jalisco Nueva Generaci\u00f3n, algo \u201cin\u00e9dito\u201d en esta regi\u00f3n de M\u00e9xico.<\/p>\n<p>Tambi\u00e9n expuso que los\u00a0<strong>grupos criminales<\/strong>\u00a0obligan a las personas a estar en\u00a0<strong>retenes<\/strong>\u00a0o\u00a0<strong>filtros<\/strong>\u00a0para evitar que se entrometan integrantes del bando contrario, las colocan en los\u00a0<strong>enfrentamientos<\/strong>\u00a0y, si no acceden, extorsionan a los campesinos para que paguen dinero por sus cosecha.<\/p>\n<p>\u201cHay una tendencia de las autoridades a minimizar o a decir que no existe (el problema), pero cuando un presidente como el de Guatemala (Bernardo Ar\u00e9valo) dice: \u2018tenemos 800 chiapanecos que est\u00e1n buscando refugio y los vamos ayudar\u2019, no se puede decir que no existe\u201d, coment\u00f3 el cura.<\/p>\n<p>La\u00a0<strong>Iglesia cat\u00f3lica<\/strong>\u00a0en\u00a0<strong>Tapachula<\/strong>\u00a0coloc\u00f3 lonas con el s\u00edmbolo de la paz en la parte exterior de los templos para visibilizar el problema de la violencia en Chiapas, que se ha concentrado en la Di\u00f3cesis de la Sierra Madre, donde hay 10 parroquias y 12 sacerdotes.<\/p>\n<p>\u201cEl problema es grave y siguen los enfrentamientos entre estos dos grupos y toman a las personas como carne de ca\u00f1\u00f3n\u201d, apunt\u00f3.<\/p>\n<h3>\u00a0Una respuesta del Gobierno insuficiente<\/h3>\n<p>El presidente\u00a0<strong>Andr\u00e9s Manuel L\u00f3pez Obrador<\/strong>\u00a0ha prometido que atiende los hechos con un despliegue de las\u00a0<strong>Fuerzas Armadas<\/strong>, pero el sacerdote coment\u00f3 que, pese a la presencia militar, no hacen nada y la violencia ha ido escalando.<\/p>\n<p>An\u00edbal Enrique N\u00fa\u00f1ez, empresario de la asociaci\u00f3n Procentro, report\u00f3 que, ante la inseguridad, sus ventas han disminuido hasta un 70 por ciento y la contrataci\u00f3n de empleados ha bajado m\u00e1s del 50 por ciento.<\/p>\n<p>\u201cAcabamos de elegir a autoridades nuevas, van a entrar en octubre a hacer su trabajo, esperamos que estas nuevas autoridades no sean omisas como las que tuvimos en esta pasada Administraci\u00f3n\u201d, dijo en referencia a las elecciones del 2 de junio y al cambio de gobierno.<\/p>\n<p>Por ello, pidi\u00f3 \u201ca las autoridades que est\u00e1n y a las que vienen que tomen cartas en el asunto\u201d.<\/p>\n<p>En eso coincidi\u00f3 Detmar Yuren V\u00e1zquez, un habitante de Tapachula quien teme por la seguridad de los ni\u00f1os que volvieron a la escuela este lunes en medio del repunte de violencia.<\/p>\n<p>\u201cComo ciudadano chiapaneco, solicito a los tres niveles de gobierno que pongan ojos en el estado de Chiapas para que se tenga esa tranquilidad y esa paz, para que los hijos puedan salir y confiemos que van a regresar a nuestras viviendas, eso es lo que pedimos\u201d, expres\u00f3.<\/p>\n<p>Con informaci\u00f3n de EFE<\/p>\n<\/div>\n<\/div>\n<\/div>\n<\/div>\n","protected":false},"excerpt":{"rendered":"<p>Obispos y p\u00e1rrocos en Tapachula exhortaron al pueblo a unirse para pedir por la paz en Chiapas. La\u00a0Iglesia cat\u00f3lica\u00a0y\u00a0empresarios\u00a0urgieron a las autoridades atender el aumento de la\u00a0violencia\u00a0por los c\u00e1rteles del\u00a0crimen organizado\u00a0en la\u00a0frontera sur\u00a0de M\u00e9xico y atender a los cientos de mexicanos desplazados a Guatemala. Los obispos y p\u00e1rrocos en Tapachula, principal urbe en el l\u00edmite de M\u00e9xico con Guatemala, exhortaron al pueblo a unirse para pedir por la\u00a0paz\u00a0de los habitantes de\u00a0Chiapas. Martin Moreno, p\u00e1rroco de la iglesia de San Agust\u00edn, denunci\u00f3 en una entrevista con EFE que hay \u201csituaciones muy dif\u00edciles\u201d de violencia, y enfrentamientos armados entre los c\u00e1rteles de [&hellip;]<\/p>\n","protected":false},"author":3,"featured_media":101977,"comment_status":"open","ping_status":"open","sticky":false,"template":"","format":"standard","meta":{"_jetpack_newsletter_access":"","_jetpack_dont_email_post_to_subs":false,"_jetpack_newsletter_tier_id":0,"_jetpack_memberships_contains_paywalled_content":false,"_jetpack_feature_clip_id":0,"_jetpack_memberships_contains_paid_content":false,"footnotes":"","jetpack_publicize_message":"","jetpack_publicize_feature_enabled":true,"jetpack_social_post_already_shared":true,"jetpack_social_options":{"image_generator_settings":{"template":"highway","default_image_id":0,"font":"","enabled":false},"version":2},"jetpack_post_was_ever_published":false},"categories":[75,72],"tags":[],"class_list":["post-101975","post","type-post","status-publish","format-standard","has-post-thumbnail","hentry","category-nacional","category-portada","post--single"],"jetpack_publicize_connections":[],"jetpack_featured_media_url":"https:\/\/ovelanalista.com\/wp-content\/uploads\/2024\/08\/iglesia-en-chiapas-pide-por-la-paz.webp","jetpack_sharing_enabled":true,"_links":{"self":[{"href":"https:\/\/ovelanalista.com\/index.php?rest_route=\/wp\/v2\/posts\/101975","targetHints":{"allow":["GET"]}}],"collection":[{"href":"https:\/\/ovelanalista.com\/index.php?rest_route=\/wp\/v2\/posts"}],"about":[{"href":"https:\/\/ovelanalista.com\/index.php?rest_route=\/wp\/v2\/types\/post"}],"author":[{"embeddable":true,"href":"https:\/\/ovelanalista.com\/index.php?rest_route=\/wp\/v2\/users\/3"}],"replies":[{"embeddable":true,"href":"https:\/\/ovelanalista.com\/index.php?rest_route=%2Fwp%2Fv2%2Fcomments&post=101975"}],"version-history":[{"count":1,"href":"https:\/\/ovelanalista.com\/index.php?rest_route=\/wp\/v2\/posts\/101975\/revisions"}],"predecessor-version":[{"id":101978,"href":"https:\/\/ovelanalista.com\/index.php?rest_route=\/wp\/v2\/posts\/101975\/revisions\/101978"}],"wp:featuredmedia":[{"embeddable":true,"href":"https:\/\/ovelanalista.com\/index.php?rest_route=\/wp\/v2\/media\/101977"}],"wp:attachment":[{"href":"https:\/\/ovelanalista.com\/index.php?rest_route=%2Fwp%2Fv2%2Fmedia&parent=101975"}],"wp:term":[{"taxonomy":"category","embeddable":true,"href":"https:\/\/ovelanalista.com\/index.php?rest_route=%2Fwp%2Fv2%2Fcategories&post=101975"},{"taxonomy":"post_tag","embeddable":true,"href":"https:\/\/ovelanalista.com\/index.php?rest_route=%2Fwp%2Fv2%2Ftags&post=101975"}],"curies":[{"name":"wp","href":"https:\/\/api.w.org\/{rel}","templated":true}]}}