{"id":101980,"date":"2024-08-27T18:30:49","date_gmt":"2024-08-28T00:30:49","guid":{"rendered":"https:\/\/ovelanalista.com\/?p=101980"},"modified":"2024-08-27T17:26:13","modified_gmt":"2024-08-27T23:26:13","slug":"trabajamos-con-respeto-a-la-soberania-de-mexico-responde-el-embajador-salazar-a-amlo","status":"publish","type":"post","link":"https:\/\/ovelanalista.com\/?p=101980","title":{"rendered":"\u201cTrabajamos con respeto a la soberan\u00eda de M\u00e9xico\u201d, responde el embajador Salazar a AMLO"},"content":{"rendered":"<p>El embajador Ken Salazar respondi\u00f3 a las cr\u00edticas de AMLO por el posicionamiento de EE.UU. contra la reforma judicial de M\u00e9xico.<\/p>\n<p>El embajador de Estados Unidos en M\u00e9xico,\u00a0<strong>Ken Salazar<\/strong>, respondi\u00f3 a los se\u00f1alamientos del presidente\u00a0<strong>Andr\u00e9s Manuel L\u00f3pez Obrador<\/strong>\u00a0por su pronunciamiento contra la\u00a0<strong>reforma al Poder Judicial<\/strong>.<\/p>\n<p>L\u00f3pez Obrador sentenci\u00f3 que no corresponde a EE.UU. ni a Canad\u00e1 pronunciarse sobre un asunto que solo compete a los mexicanos, por lo que declar\u00f3 \u201c<a href=\"https:\/\/lopezdoriga.com\/nacional\/amlo-declara-pausa-embajadas-eeuu-canada-criticas-reforma-judicial\/\" target=\"_blank\" rel=\"noopener\">una pausa<\/a>\u201d con las embajadas de ambos pa\u00edses.<\/p>\n<blockquote><p>Tienen que aprender a respetar la soberan\u00eda de M\u00e9xico, no es cualquier cosa, porque nosotros no vamos a darles consejos all\u00e1, ni a decirles que est\u00e1 bien y que est\u00e1 mal. Queremos que sean respetuosos que haya una relaci\u00f3n rec\u00edproca en cuanto al respeto a las soberan\u00edas\u201d, indic\u00f3.<\/p><\/blockquote>\n<blockquote class=\"twitter-tweet\" data-width=\"550\" data-dnt=\"true\">\n<p lang=\"es\" dir=\"ltr\">\u201cSiempre trabajamos con el m\u00e1ximo respeto a la soberan\u00eda de M\u00e9xico, tal y como lo expresamos en la nota diplom\u00e1tica que enviamos el pasado 23 de agosto\u201d; la respuesta del embajador Ken Salazar. <a href=\"https:\/\/t.co\/X7SwmFYWyv\">pic.twitter.com\/X7SwmFYWyv<\/a><\/p>\n<p>&mdash; Joaqu\u00edn L\u00f3pez-D\u00f3riga (@lopezdoriga) <a href=\"https:\/\/twitter.com\/lopezdoriga\/status\/1828501911374295141?ref_src=twsrc%5Etfw\">August 27, 2024<\/a><\/p><\/blockquote>\n<p><script async src=\"https:\/\/platform.twitter.com\/widgets.js\" charset=\"utf-8\"><\/script><\/p>\n<p>Mediante\u00a0<a href=\"https:\/\/x.com\/USAmbMex\/status\/1828498736743600194\" target=\"_blank\" rel=\"noopener noreferrer\">redes sociales<\/a>,\u00a0<strong>Ken Salazar<\/strong>\u00a0afirm\u00f3 que la Embajada de EE.UU. trabaja con el m\u00e1ximo respeto a la soberan\u00eda de M\u00e9xico.<\/p>\n<p>Y record\u00f3 la respuesta de Estados Unidos a la\u00a0<strong>nota diplom\u00e1tica<\/strong>\u00a0enviada en d\u00edas pasados:<\/p>\n<blockquote><p>Estados Unidos sigue apoyando el compromiso de M\u00e9xico de fortalecer el estado de Derecho a trav\u00e9s de la reforma judicial, con el objetivo de crear un poder judicial que goce de independencia, autonom\u00eda y legitimidad.\u201d<\/p><\/blockquote>\n<p>Expuso que es del inter\u00e9s del pa\u00eds identificar los acontecimientos que limitar\u00edan innecesariamente su capacidad para alcanzar la\u00a0<strong>integraci\u00f3n econ\u00f3mica<\/strong>\u00a0de\u00a0<strong>Am\u00e9rica del Norte<\/strong>.<\/p>\n<blockquote><p>Estados Unidos apoya el concepto de reforma judicial en M\u00e9xico, pero nos preocupa mucho que la elecci\u00f3n popular de jueces no aborde la corrupci\u00f3n judicial ni fortalezca el Poder Judicial del Gobierno de M\u00e9xico\u201d, enfatiz\u00f3.<\/p><\/blockquote>\n<p>Con informaci\u00f3n de L\u00f3pez-D\u00f3riga Digital<\/p>\n<p>&nbsp;<\/p>\n","protected":false},"excerpt":{"rendered":"<p>El embajador Ken Salazar respondi\u00f3 a las cr\u00edticas de AMLO por el posicionamiento de EE.UU. contra la reforma judicial de M\u00e9xico. El embajador de Estados Unidos en M\u00e9xico,\u00a0Ken Salazar, respondi\u00f3 a los se\u00f1alamientos del presidente\u00a0Andr\u00e9s Manuel L\u00f3pez Obrador\u00a0por su pronunciamiento contra la\u00a0reforma al Poder Judicial. L\u00f3pez Obrador sentenci\u00f3 que no corresponde a EE.UU. ni a Canad\u00e1 pronunciarse sobre un asunto que solo compete a los mexicanos, por lo que declar\u00f3 \u201cuna pausa\u201d con las embajadas de ambos pa\u00edses. Tienen que aprender a respetar la soberan\u00eda de M\u00e9xico, no es cualquier cosa, porque nosotros no vamos a darles consejos all\u00e1, ni [&hellip;]<\/p>\n","protected":false},"author":3,"featured_media":101982,"comment_status":"open","ping_status":"open","sticky":false,"template":"","format":"standard","meta":{"_jetpack_newsletter_access":"","_jetpack_dont_email_post_to_subs":false,"_jetpack_newsletter_tier_id":0,"_jetpack_memberships_contains_paywalled_content":false,"_jetpack_feature_clip_id":0,"_jetpack_memberships_contains_paid_content":false,"footnotes":"","jetpack_publicize_message":"","jetpack_publicize_feature_enabled":true,"jetpack_social_post_already_shared":true,"jetpack_social_options":{"image_generator_settings":{"template":"highway","default_image_id":0,"font":"","enabled":false},"version":2},"jetpack_post_was_ever_published":false},"categories":[75,72],"tags":[],"class_list":["post-101980","post","type-post","status-publish","format-standard","has-post-thumbnail","hentry","category-nacional","category-portada","post--single"],"jetpack_publicize_connections":[],"jetpack_featured_media_url":"https:\/\/ovelanalista.com\/wp-content\/uploads\/2024\/08\/ken-salazar-1-scaled-1-1.webp","jetpack_sharing_enabled":true,"_links":{"self":[{"href":"https:\/\/ovelanalista.com\/index.php?rest_route=\/wp\/v2\/posts\/101980","targetHints":{"allow":["GET"]}}],"collection":[{"href":"https:\/\/ovelanalista.com\/index.php?rest_route=\/wp\/v2\/posts"}],"about":[{"href":"https:\/\/ovelanalista.com\/index.php?rest_route=\/wp\/v2\/types\/post"}],"author":[{"embeddable":true,"href":"https:\/\/ovelanalista.com\/index.php?rest_route=\/wp\/v2\/users\/3"}],"replies":[{"embeddable":true,"href":"https:\/\/ovelanalista.com\/index.php?rest_route=%2Fwp%2Fv2%2Fcomments&post=101980"}],"version-history":[{"count":1,"href":"https:\/\/ovelanalista.com\/index.php?rest_route=\/wp\/v2\/posts\/101980\/revisions"}],"predecessor-version":[{"id":101984,"href":"https:\/\/ovelanalista.com\/index.php?rest_route=\/wp\/v2\/posts\/101980\/revisions\/101984"}],"wp:featuredmedia":[{"embeddable":true,"href":"https:\/\/ovelanalista.com\/index.php?rest_route=\/wp\/v2\/media\/101982"}],"wp:attachment":[{"href":"https:\/\/ovelanalista.com\/index.php?rest_route=%2Fwp%2Fv2%2Fmedia&parent=101980"}],"wp:term":[{"taxonomy":"category","embeddable":true,"href":"https:\/\/ovelanalista.com\/index.php?rest_route=%2Fwp%2Fv2%2Fcategories&post=101980"},{"taxonomy":"post_tag","embeddable":true,"href":"https:\/\/ovelanalista.com\/index.php?rest_route=%2Fwp%2Fv2%2Ftags&post=101980"}],"curies":[{"name":"wp","href":"https:\/\/api.w.org\/{rel}","templated":true}]}}