{"id":101983,"date":"2024-08-27T18:45:50","date_gmt":"2024-08-28T00:45:50","guid":{"rendered":"https:\/\/ovelanalista.com\/?p=101983"},"modified":"2024-08-27T17:28:06","modified_gmt":"2024-08-27T23:28:06","slug":"ministra-pina-admite-a-tramite-impugnacion-del-pan-contra-sobrerrepresentacion-de-morena","status":"publish","type":"post","link":"https:\/\/ovelanalista.com\/?p=101983","title":{"rendered":"Ministra Pi\u00f1a admite a tr\u00e1mite impugnaci\u00f3n del PAN contra sobrerrepresentaci\u00f3n de Morena"},"content":{"rendered":"<p>Se admiti\u00f3 a tr\u00e1mite la impugnaci\u00f3n del PAN contra la sobrerrepresentaci\u00f3n de Morena en la C\u00e1mara de Diputados.<\/p>\n<p>La\u00a0<strong>ministra Norma Pi\u00f1a<\/strong>, presidenta de la Suprema Corte de Justicia de la Naci\u00f3n (SCJN),\u00a0<strong>admiti\u00f3 a tr\u00e1mite<\/strong>\u00a0la\u00a0<strong>impugnaci\u00f3n<\/strong>\u00a0del\u00a0<strong>PAN<\/strong>\u00a0contra la\u00a0<strong>sobrerrepresentaci\u00f3n<\/strong>\u00a0de\u00a0<strong>Morena<\/strong>\u00a0en la\u00a0<strong>C\u00e1mara de Diputados<\/strong>, report\u00f3\u00a0<em>El Universal<\/em>.<\/p>\n<p>La ministra Lenia Batres advirti\u00f3 que al tomar cartas en el asunto la SCJN exceder\u00eda sus facultades y pondr\u00eda en riesgo la estabilidad constitucional del pa\u00eds.<\/p>\n<p>Record\u00f3 que la Constituci\u00f3n no faculta a la Suprema Corte en materia electoral.<\/p>\n<blockquote class=\"twitter-tweet\" data-width=\"550\" data-dnt=\"true\">\n<p lang=\"es\" dir=\"ltr\">Con relaci\u00f3n a la denuncia de contradicci\u00f3n de criterios en materia electoral admitida este fin de semana por la Ministra Norma Pi\u00f1a Hern\u00e1ndez, presidenta de la SCJN, respecto de la asignaci\u00f3n de curules en el Congreso de la Uni\u00f3n, me permito advertir: <a href=\"https:\/\/t.co\/dZoRm9wUgk\">pic.twitter.com\/dZoRm9wUgk<\/a><\/p>\n<p>&mdash; Lenia Batres (@LeniaBatres) <a href=\"https:\/\/twitter.com\/LeniaBatres\/status\/1828317762227253263?ref_src=twsrc%5Etfw\">August 27, 2024<\/a><\/p><\/blockquote>\n<p><script async src=\"https:\/\/platform.twitter.com\/widgets.js\" charset=\"utf-8\"><\/script><\/p>\n<p>En opini\u00f3n de Batres Guadarrama, no se debi\u00f3 admitir la denuncia de contradicci\u00f3n de criterios sino pronunciarse por el respeto de la facultad del Tribunal Electoral del Poder Judicial de la Federaci\u00f3n para calificar la elecci\u00f3n sin presi\u00f3n alguna.<\/p>\n<blockquote><p>Una contradicci\u00f3n entre criterios de este Alto Tribunal y el Tribunal Electoral solo puede presentarse cuando los criterios contendientes interpreten en sentido divergente un mismo precepto constitucional\u201d, refiri\u00f3.<\/p><\/blockquote>\n<p>Expuso que la impugnaci\u00f3n del PAN aborda un criterio emitido por la SCJN respecto del art\u00edculo 116 constitucional y otro resuelto por el TEPJF sobre el art\u00edculo 54.<\/p>\n<p>Llam\u00f3 as\u00ed a la prudencia y a la actuaci\u00f3n responsable de la SCJN.<\/p>\n<blockquote class=\"twitter-tweet\" data-width=\"550\" data-dnt=\"true\">\n<p lang=\"es\" dir=\"ltr\">Tesis de Jurisprudencia para entender el problema de la sobrerrepresentaci\u00f3n. <\/p>\n<p>V\u00eda @JAVyV0 <a href=\"https:\/\/t.co\/dqCpHqfpoF\">pic.twitter.com\/dqCpHqfpoF<\/a><\/p>\n<p>&mdash; Joaqu\u00edn L\u00f3pez-D\u00f3riga (@lopezdoriga) <a href=\"https:\/\/twitter.com\/lopezdoriga\/status\/1811182767566118972?ref_src=twsrc%5Etfw\">July 10, 2024<\/a><\/p><\/blockquote>\n<p><script async src=\"https:\/\/platform.twitter.com\/widgets.js\" charset=\"utf-8\"><\/script><\/p>\n<p>El Partido Acci\u00f3n Nacional (<strong>PAN<\/strong>)\u00a0<strong>impugn\u00f3<\/strong>\u00a0<a href=\"https:\/\/lopezdoriga.com\/nacional\/pan-impugnara-sobrerrepresentacion-morena-congreso\/\" target=\"_blank\" rel=\"noopener\">el domingo<\/a>, ante el Tribunal Electoral del Poder Judicial de la Federaci\u00f3n (<strong>TEPJF<\/strong>), la supuesta\u00a0<strong>sobrerrepresentaci\u00f3n<\/strong>\u00a0de Morena y aliados en la pr\u00f3xima legislatura del\u00a0<strong>Congreso<\/strong>.<\/p>\n<p><a href=\"https:\/\/www.pan.org.mx\/prensa\/sobrerrepresentacion-de-morena-en-la-camara-de-diputados-es-ilegitima-marko-cortes\" target=\"_blank\" rel=\"noopener noreferrer\">Marko Cort\u00e9s<\/a>, dirigente nacional del partido opositor, dio a conocer el hecho luego de que el Instituto Nacional Electoral (INE)\u00a0<a href=\"https:\/\/lopezdoriga.com\/nacional\/ine-aprueba-reparticion-de-plurinominales-morena-pt-pvem-tendra-mayoria-calificada-en-san-lazaro\/\" target=\"_blank\" rel=\"noopener\">confirm\u00f3 al oficialismo<\/a>\u00a0que obtuvo 71 por ciento de los esca\u00f1os en ambas c\u00e1maras del Congreso.<\/p>\n<p>Con esta determinaci\u00f3n,\u00a0<strong>Morena<\/strong>\u00a0y sus aliados, los Partidos del Trabajo (<strong>PT<\/strong>) y Verde Ecologista de M\u00e9xico (<strong>PVEM<\/strong>) contar\u00e1n con\u00a0<strong>364 esca\u00f1os<\/strong>\u00a0en la\u00a0<strong>C\u00e1mara de Diputados<\/strong>\u00a0y 83 en el Senado.<\/p>\n<p>A partir de septiembre pr\u00f3ximo, la mayor\u00eda oficialista podr\u00e1\u00a0<strong>reformar la Constituci\u00f3n sin consenso de la oposici\u00f3n<\/strong>\u00a0en la C\u00e1mara baja, mientras que se queda a dos votos de alcanzar las dos terceras partes requeridas por ley para repetir lo mismo en el Senado.<\/p>\n<p>\u201cLa sobrerrepresentaci\u00f3n de un partido o coalici\u00f3n crea una mayor\u00eda ficticia y no solo altera el balance pol\u00edtico, sino que tambi\u00e9n vulnera la confianza de la ciudadan\u00eda en la ley y las instituciones\u201d, expres\u00f3 Cort\u00e9s.<\/p>\n<p>Con informaci\u00f3n de El Universal y EFE<\/p>\n","protected":false},"excerpt":{"rendered":"<p>Se admiti\u00f3 a tr\u00e1mite la impugnaci\u00f3n del PAN contra la sobrerrepresentaci\u00f3n de Morena en la C\u00e1mara de Diputados. La\u00a0ministra Norma Pi\u00f1a, presidenta de la Suprema Corte de Justicia de la Naci\u00f3n (SCJN),\u00a0admiti\u00f3 a tr\u00e1mite\u00a0la\u00a0impugnaci\u00f3n\u00a0del\u00a0PAN\u00a0contra la\u00a0sobrerrepresentaci\u00f3n\u00a0de\u00a0Morena\u00a0en la\u00a0C\u00e1mara de Diputados, report\u00f3\u00a0El Universal. La ministra Lenia Batres advirti\u00f3 que al tomar cartas en el asunto la SCJN exceder\u00eda sus facultades y pondr\u00eda en riesgo la estabilidad constitucional del pa\u00eds. Record\u00f3 que la Constituci\u00f3n no faculta a la Suprema Corte en materia electoral. Con relaci\u00f3n a la denuncia de contradicci\u00f3n de criterios en materia electoral admitida este fin de semana por la Ministra Norma [&hellip;]<\/p>\n","protected":false},"author":3,"featured_media":101985,"comment_status":"open","ping_status":"open","sticky":false,"template":"","format":"standard","meta":{"_jetpack_newsletter_access":"","_jetpack_dont_email_post_to_subs":false,"_jetpack_newsletter_tier_id":0,"_jetpack_memberships_contains_paywalled_content":false,"_jetpack_feature_clip_id":0,"_jetpack_memberships_contains_paid_content":false,"footnotes":"","jetpack_publicize_message":"","jetpack_publicize_feature_enabled":true,"jetpack_social_post_already_shared":true,"jetpack_social_options":{"image_generator_settings":{"template":"highway","default_image_id":0,"font":"","enabled":false},"version":2},"jetpack_post_was_ever_published":false},"categories":[75,72],"tags":[],"class_list":["post-101983","post","type-post","status-publish","format-standard","has-post-thumbnail","hentry","category-nacional","category-portada","post--single"],"jetpack_publicize_connections":[],"jetpack_featured_media_url":"https:\/\/ovelanalista.com\/wp-content\/uploads\/2024\/08\/advierte-ministra-norma-pina-retos-al-poder-judicial-por-recorte-presupuestal.webp","jetpack_sharing_enabled":true,"_links":{"self":[{"href":"https:\/\/ovelanalista.com\/index.php?rest_route=\/wp\/v2\/posts\/101983","targetHints":{"allow":["GET"]}}],"collection":[{"href":"https:\/\/ovelanalista.com\/index.php?rest_route=\/wp\/v2\/posts"}],"about":[{"href":"https:\/\/ovelanalista.com\/index.php?rest_route=\/wp\/v2\/types\/post"}],"author":[{"embeddable":true,"href":"https:\/\/ovelanalista.com\/index.php?rest_route=\/wp\/v2\/users\/3"}],"replies":[{"embeddable":true,"href":"https:\/\/ovelanalista.com\/index.php?rest_route=%2Fwp%2Fv2%2Fcomments&post=101983"}],"version-history":[{"count":1,"href":"https:\/\/ovelanalista.com\/index.php?rest_route=\/wp\/v2\/posts\/101983\/revisions"}],"predecessor-version":[{"id":101987,"href":"https:\/\/ovelanalista.com\/index.php?rest_route=\/wp\/v2\/posts\/101983\/revisions\/101987"}],"wp:featuredmedia":[{"embeddable":true,"href":"https:\/\/ovelanalista.com\/index.php?rest_route=\/wp\/v2\/media\/101985"}],"wp:attachment":[{"href":"https:\/\/ovelanalista.com\/index.php?rest_route=%2Fwp%2Fv2%2Fmedia&parent=101983"}],"wp:term":[{"taxonomy":"category","embeddable":true,"href":"https:\/\/ovelanalista.com\/index.php?rest_route=%2Fwp%2Fv2%2Fcategories&post=101983"},{"taxonomy":"post_tag","embeddable":true,"href":"https:\/\/ovelanalista.com\/index.php?rest_route=%2Fwp%2Fv2%2Ftags&post=101983"}],"curies":[{"name":"wp","href":"https:\/\/api.w.org\/{rel}","templated":true}]}}