{"id":101989,"date":"2024-08-27T19:15:53","date_gmt":"2024-08-28T01:15:53","guid":{"rendered":"https:\/\/ovelanalista.com\/?p=101989"},"modified":"2024-08-27T17:34:06","modified_gmt":"2024-08-27T23:34:06","slug":"trabajadores-de-la-corte-se-manifiestan-frente-a-ministros-contra-la-reforma-al-poder-judicial","status":"publish","type":"post","link":"https:\/\/ovelanalista.com\/?p=101989","title":{"rendered":"Trabajadores de la Corte se manifiestan, frente a ministros, contra la reforma al Poder Judicial"},"content":{"rendered":"<p>Empleados de la Suprema Corte realizaron hoy una manifestaci\u00f3n para apoyar el paro de trabajadores contra la reforma judicial de la 4T.<\/p>\n<p>Trabajadores de la<strong>\u00a0Suprema Corte de Justicia de la Naci\u00f3n<\/strong>\u00a0(<strong>SCJN<\/strong>) llevaron a cabo hoy una\u00a0<strong>manifestaci\u00f3n<\/strong>, frente a los ministros, en\u00a0<strong>contra<\/strong>\u00a0de la\u00a0<strong>reforma<\/strong>\u00a0al\u00a0<strong>Poder Judicial<\/strong>\u00a0que impulsa el presidente<strong>\u00a0Andr\u00e9s Manuel L\u00f3pez Obrador<\/strong>\u00a0en el Congreso.<\/p>\n<p>Adem\u00e1s, colocaron c\u00e1rteles en las oficinas privadas de las ministras Y<strong>asmin Esquivel<\/strong>\u00a0y<strong>\u00a0Lenia Batres<\/strong>, con la consigna: \u201cjuraron servir al pueblo, no al Ejecutivo\u201d.<\/p>\n<p class=\"post--content--img \"><img loading=\"lazy\" decoding=\"async\" class=\"alignnone size-large wp-image-1646725 img-responsive perfmatters-lazy entered pmloaded\" title=\"\" src=\"https:\/\/i0.wp.com\/lopezdoriga.com\/wp-content\/uploads\/2024\/08\/lenia-batres-protesta-scjn-poder-judicial-trabajadores.jpeg?resize=798%2C1024&amp;ssl=1\" sizes=\"auto, (max-width: 798px) 100vw, 798px\" srcset=\"https:\/\/i0.wp.com\/lopezdoriga.com\/wp-content\/uploads\/2024\/08\/lenia-batres-protesta-scjn-poder-judicial-trabajadores.jpeg?resize=798%2C1024&amp;ssl=1 798w, https:\/\/i0.wp.com\/lopezdoriga.com\/wp-content\/uploads\/2024\/08\/lenia-batres-protesta-scjn-poder-judicial-trabajadores.jpeg?resize=234%2C300&amp;ssl=1 234w, https:\/\/i0.wp.com\/lopezdoriga.com\/wp-content\/uploads\/2024\/08\/lenia-batres-protesta-scjn-poder-judicial-trabajadores.jpeg?resize=768%2C986&amp;ssl=1 768w, https:\/\/i0.wp.com\/lopezdoriga.com\/wp-content\/uploads\/2024\/08\/lenia-batres-protesta-scjn-poder-judicial-trabajadores.jpeg?w=997&amp;ssl=1 997w\" alt=\"Trabajadores de la Corte se manifiestan, frente a ministros, contra la reforma al Poder Judicial - lenia-batres-protesta-scjn-poder-judicial-trabajadores-798x1024\" width=\"798\" height=\"1024\" data-recalc-dims=\"1\" data-src=\"https:\/\/i0.wp.com\/lopezdoriga.com\/wp-content\/uploads\/2024\/08\/lenia-batres-protesta-scjn-poder-judicial-trabajadores.jpeg?resize=798%2C1024&amp;ssl=1\" data-srcset=\"https:\/\/i0.wp.com\/lopezdoriga.com\/wp-content\/uploads\/2024\/08\/lenia-batres-protesta-scjn-poder-judicial-trabajadores.jpeg?resize=798%2C1024&amp;ssl=1 798w, https:\/\/i0.wp.com\/lopezdoriga.com\/wp-content\/uploads\/2024\/08\/lenia-batres-protesta-scjn-poder-judicial-trabajadores.jpeg?resize=234%2C300&amp;ssl=1 234w, https:\/\/i0.wp.com\/lopezdoriga.com\/wp-content\/uploads\/2024\/08\/lenia-batres-protesta-scjn-poder-judicial-trabajadores.jpeg?resize=768%2C986&amp;ssl=1 768w, https:\/\/i0.wp.com\/lopezdoriga.com\/wp-content\/uploads\/2024\/08\/lenia-batres-protesta-scjn-poder-judicial-trabajadores.jpeg?w=997&amp;ssl=1 997w\" data-sizes=\"(max-width: 798px) 100vw, 798px\" data-ll-status=\"loaded\" \/><\/p>\n<div id=\"ros-inread-8e88qv\" class=\"ad-container dfp-ad-unit ad-inread ad-main-inread ad-slot\" data-ad-type=\"inread\" data-slot=\"inread\" data-ad-loaded=\"1\" data-ad-setup=\"{&quot;postID&quot;:1646718,&quot;canRefresh&quot;:false,&quot;infinitescroll&quot;:false}\" data-google-query-id=\"COG31rKqlogDFVanywEdvK051A\">\n<div id=\"google_ads_iframe_\/76814929\/ld\/inread_0__container__\"><iframe id=\"google_ads_iframe_\/76814929\/ld\/inread_0\" tabindex=\"0\" title=\"3rd party ad content\" name=\"google_ads_iframe_\/76814929\/ld\/inread_0\" width=\"1\" height=\"1\" frameborder=\"0\" marginwidth=\"0\" marginheight=\"0\" scrolling=\"no\" aria-label=\"Advertisement\" data-load-complete=\"true\" data-google-container-id=\"7\" data-mce-fragment=\"1\"><\/iframe><\/div>\n<\/div>\n<p>Tambi\u00e9n realizaron c\u00e1rteles con la consigna \u201cSCJN rechaza la reforma al Poder Judicial\u201d, \u201cel control morenista de la ley no existe\u201d, \u201ctenemos tres poderes, el Judicial es el que nos protege\u201d, \u201cTodos somos PJF\u201d, \u201cel juez imparcial es de carrera judicial.<\/p>\n<p>Algunos reclamaron el actuar de los ministros ante el paro que llevan a cabo los trabajadores del Poder Judicial desde la semana pasada: \u201cSCJN pasar\u00e1 a la historia por no defendernos y no unirse al paro del Poder Judicial\u201d.\u201d<\/p>\n<figure id=\"attachment_1646727\" class=\"wp-caption alignnone\" aria-labelledby=\"figcaption_attachment_1646727\"><img loading=\"lazy\" decoding=\"async\" class=\"size-large wp-image-1646727 img-responsive perfmatters-lazy entered pmloaded\" title=\"\" src=\"https:\/\/i0.wp.com\/lopezdoriga.com\/wp-content\/uploads\/2024\/08\/trabajadores-scjn-poder-judicial-protesta-ministros-2.jpg?resize=1024%2C683&amp;ssl=1\" sizes=\"auto, (max-width: 1024px) 100vw, 1024px\" srcset=\"https:\/\/i0.wp.com\/lopezdoriga.com\/wp-content\/uploads\/2024\/08\/trabajadores-scjn-poder-judicial-protesta-ministros-2.jpg?resize=1024%2C683&amp;ssl=1 1024w, https:\/\/i0.wp.com\/lopezdoriga.com\/wp-content\/uploads\/2024\/08\/trabajadores-scjn-poder-judicial-protesta-ministros-2.jpg?resize=300%2C200&amp;ssl=1 300w, https:\/\/i0.wp.com\/lopezdoriga.com\/wp-content\/uploads\/2024\/08\/trabajadores-scjn-poder-judicial-protesta-ministros-2.jpg?resize=768%2C512&amp;ssl=1 768w, https:\/\/i0.wp.com\/lopezdoriga.com\/wp-content\/uploads\/2024\/08\/trabajadores-scjn-poder-judicial-protesta-ministros-2.jpg?resize=1536%2C1024&amp;ssl=1 1536w, https:\/\/i0.wp.com\/lopezdoriga.com\/wp-content\/uploads\/2024\/08\/trabajadores-scjn-poder-judicial-protesta-ministros-2.jpg?w=1920&amp;ssl=1 1920w\" alt=\"Trabajadores de la Corte se manifiestan, frente a ministros, contra la reforma al Poder Judicial - trabajadores-scjn-poder-judicial-protesta-ministros-2-1024x683\" width=\"1024\" height=\"683\" data-recalc-dims=\"1\" data-src=\"https:\/\/i0.wp.com\/lopezdoriga.com\/wp-content\/uploads\/2024\/08\/trabajadores-scjn-poder-judicial-protesta-ministros-2.jpg?resize=1024%2C683&amp;ssl=1\" data-srcset=\"https:\/\/i0.wp.com\/lopezdoriga.com\/wp-content\/uploads\/2024\/08\/trabajadores-scjn-poder-judicial-protesta-ministros-2.jpg?resize=1024%2C683&amp;ssl=1 1024w, https:\/\/i0.wp.com\/lopezdoriga.com\/wp-content\/uploads\/2024\/08\/trabajadores-scjn-poder-judicial-protesta-ministros-2.jpg?resize=300%2C200&amp;ssl=1 300w, https:\/\/i0.wp.com\/lopezdoriga.com\/wp-content\/uploads\/2024\/08\/trabajadores-scjn-poder-judicial-protesta-ministros-2.jpg?resize=768%2C512&amp;ssl=1 768w, https:\/\/i0.wp.com\/lopezdoriga.com\/wp-content\/uploads\/2024\/08\/trabajadores-scjn-poder-judicial-protesta-ministros-2.jpg?resize=1536%2C1024&amp;ssl=1 1536w, https:\/\/i0.wp.com\/lopezdoriga.com\/wp-content\/uploads\/2024\/08\/trabajadores-scjn-poder-judicial-protesta-ministros-2.jpg?w=1920&amp;ssl=1 1920w\" data-sizes=\"(max-width: 1024px) 100vw, 1024px\" data-ll-status=\"loaded\" \/><figcaption id=\"figcaption_attachment_1646727\" class=\"wp-caption-text\">Foto de Especial<\/figcaption><\/figure>\n<p>Los trabajadores esperaron a que pasaran los ministros por los pasillos para, en silencio, mostrarles su inconformidad ante la reforma judicial.<\/p>\n<p>Quienes dedicaron una palabras a los manifestantes fueron los ministros<strong>\u00a0Javier Laynez y Juan Luis Gonz\u00e1lez Alc\u00e1ntara<\/strong>.<\/p>\n<blockquote class=\"twitter-tweet\" data-width=\"550\" data-dnt=\"true\">\n<p lang=\"es\" dir=\"ltr\">As\u00ed la respetuosa manifestaci\u00f3n de empleados dentro de la <a href=\"https:\/\/twitter.com\/SCJN?ref_src=twsrc%5Etfw\">@SCJN<\/a> ! In\u00e9dita demostraci\u00f3n que amerit\u00f3 la solidaridad de los<br \/>Ministros Javier Laynez y Juan Luis Gonz\u00e1lez Alc\u00e1ntara en su camino hacia el pleno! Sin duda, ellos son lo mejor d esta Corte que se apaga con el golpe de AMLO <a href=\"https:\/\/t.co\/0Wwj3O3Pmf\">pic.twitter.com\/0Wwj3O3Pmf<\/a><\/p>\n<p>&mdash; Enrique Rodr\u00edguez (@jenroma27) <a href=\"https:\/\/twitter.com\/jenroma27\/status\/1828489074833006930?ref_src=twsrc%5Etfw\">August 27, 2024<\/a><\/p><\/blockquote>\n<p><script async src=\"https:\/\/platform.twitter.com\/widgets.js\" charset=\"utf-8\"><\/script><\/p>\n<p>\u201cLos dos estamos con ustedes, nos solidarizamos\u201d, apunt\u00f3 Gonz\u00e1lez Alc\u00e1ntara Carranc\u00e1.<\/p>\n<p>La ministra\u00a0<strong>Loretta Ortiz<\/strong>\u00a0apenas y volte\u00f3 a ver a los manifestantes, dirigi\u00e9ndoles un \u201cbuenos d\u00edas\u201d.<\/p>\n<p>Al final de la protesta, quienes laboran en la SCJN entonaron el Himno Nacional Mexicano en presencia de un l\u00e1baro patrio.<\/p>\n<p>https:\/\/x.com\/ErnestoGuerra_\/status\/1828493658125160784<\/p>\n<article id=\"post-1646718\" class=\"post article-layout container-fluid post-1646718 type-post status-publish format-standard has-post-thumbnail hentry category-mexico category-nacional tag-amlo tag-paro-judicial tag-poder-judicial tag-reforma-judicial tag-scjn tag-suprema-corte-de-justicia-de-la-nacion\" data-postid=\"1646718\" data-slug=\"\/nacional\/trabajadores-corte-manifiestan-frente-a-ministros-reforma-poder-judicial\/\" data-post-id=\"1646718\" data-meta=\"{&quot;id&quot;:&quot;1646718&quot;,&quot;infinitescroll_off&quot;:&quot;false&quot;,&quot;exclude_adunits&quot;:[],&quot;hide_adx&quot;:&quot;false&quot;,&quot;hide_ads&quot;:&quot;false&quot;,&quot;canal&quot;:[&quot;M\\u00e9xico&quot;,&quot;Nacional&quot;],&quot;tags&quot;:[&quot;amlo&quot;,&quot;paro-judicial&quot;,&quot;poder-judicial&quot;,&quot;reforma-judicial&quot;,&quot;scjn&quot;,&quot;suprema-corte-de-justicia-de-la-nacion&quot;],&quot;seo&quot;:&quot;Trabajadores de la Corte se manifiestan, frente a ministros, contra la reforma al Poder Judicial&quot;}\" data-is-tracking=\"true\" data-scroll-index=\"0\">\n<div class=\"row\">\n<div class=\"entry-content entry-grid mx-auto col-12 col-lg-12 col-xl-10\">\n<div class=\"entry-grid__content-area2 entry-main-text\">\n<div class=\"row\">\n<div class=\"col-12 col-lg-8\">\n<div class=\"article-content\">\n<p>La\u00a0<strong>reforma al Poder Judicial<\/strong>\u00a0del presidente\u00a0<strong>L\u00f3pez Obrador<\/strong>, que propone la elecci\u00f3n de jueces por voto popular,\u00a0<a href=\"https:\/\/lopezdoriga.com\/nacional\/comision-de-la-camara-de-diputados-aprueba-reforma-judicial-en-lo-general-y-lo-particular\/\" target=\"_blank\" rel=\"noopener\">dio el primer paso el lunes<\/a>\u00a0tras aprobarse en lo\u00a0<strong>general y lo particular<\/strong>\u00a0en la\u00a0<strong>Comisi\u00f3n de Puntos Constitucionales de la C\u00e1mara de Diputados<\/strong>.<\/p>\n<p>La iniciativa se aprob\u00f3 en lo general con\u00a022 votos a favor del gobernante\u00a0<strong>Movimiento Regeneraci\u00f3n Nacional<\/strong>\u00a0(<strong>Morena<\/strong>) y sus aliados, los Partidos del Trabajo (<strong>PT<\/strong>) y Verde Ecologista (<strong>PVEM<\/strong>), y 17 en contra de la oposici\u00f3n; en lo particular se aprob\u00f3 con 22 votos a favor y 18 en contra.<\/p>\n<p>La\u00a0<strong>pol\u00e9mica reforma<\/strong>\u00a0perfila comicios judiciales y una nueva integraci\u00f3n de la\u00a0<strong>Suprema Corte de Justicia de la Naci\u00f3n<\/strong>\u00a0(<strong>SCJN<\/strong>).<\/p>\n<p>Con informaci\u00f3n de L\u00f3pez-D\u00f3riga Digital<\/p>\n<\/div>\n<\/div>\n<\/div>\n<\/div>\n<\/div>\n<\/div>\n<\/article>\n<article id=\"post-1646769\" class=\"post article-layout container-fluid post-1646769 type-post status-publish format-standard has-post-thumbnail hentry category-cultura category-entretenimiento tag-fil tag-poemario-lobrego tag-poeta tag-premio-de-literaturas-indigenas-de-america-2024 tag-ruperta-bautista-vazquez\" data-postid=\"1646769\" data-slug=\"\/entretenimiento\/la-poeta-mexicana-tzotzil-ruperta-bautista-gana-el-premio-de-literatura-indigena-de-la-fil\/\" data-post-id=\"1646769\" data-meta=\"{&quot;id&quot;:&quot;1646769&quot;,&quot;infinitescroll_off&quot;:&quot;false&quot;,&quot;exclude_adunits&quot;:[],&quot;hide_adx&quot;:&quot;false&quot;,&quot;hide_ads&quot;:&quot;false&quot;,&quot;canal&quot;:[&quot;Cultura&quot;,&quot;Entretenimiento&quot;],&quot;tags&quot;:[&quot;fil&quot;,&quot;poemario-lobrego&quot;,&quot;poeta&quot;,&quot;premio-de-literaturas-indigenas-de-america-2024&quot;,&quot;ruperta-bautista-vazquez&quot;],&quot;seo&quot;:&quot;La poeta mexicana tzotzil Ruperta Bautista gana el Premio de Literatura Ind\\u00edgena de la FIL&quot;}\" data-scroll-index=\"1\" data-is-visible=\"true\" data-is-tracking=\"true\">\n<div class=\"row\">\n<div class=\"entry-content entry-grid mx-auto col-12 col-lg-12 col-xl-10\">\n<div class=\"entry-grid__content-area entry-main-text\"><\/div>\n<\/div>\n<\/div>\n<\/article>\n","protected":false},"excerpt":{"rendered":"<p>Empleados de la Suprema Corte realizaron hoy una manifestaci\u00f3n para apoyar el paro de trabajadores contra la reforma judicial de la 4T. Trabajadores de la\u00a0Suprema Corte de Justicia de la Naci\u00f3n\u00a0(SCJN) llevaron a cabo hoy una\u00a0manifestaci\u00f3n, frente a los ministros, en\u00a0contra\u00a0de la\u00a0reforma\u00a0al\u00a0Poder Judicial\u00a0que impulsa el presidente\u00a0Andr\u00e9s Manuel L\u00f3pez Obrador\u00a0en el Congreso. Adem\u00e1s, colocaron c\u00e1rteles en las oficinas privadas de las ministras Yasmin Esquivel\u00a0y\u00a0Lenia Batres, con la consigna: \u201cjuraron servir al pueblo, no al Ejecutivo\u201d. Tambi\u00e9n realizaron c\u00e1rteles con la consigna \u201cSCJN rechaza la reforma al Poder Judicial\u201d, \u201cel control morenista de la ley no existe\u201d, \u201ctenemos tres poderes, el Judicial [&hellip;]<\/p>\n","protected":false},"author":3,"featured_media":101991,"comment_status":"open","ping_status":"open","sticky":false,"template":"","format":"standard","meta":{"_jetpack_newsletter_access":"","_jetpack_dont_email_post_to_subs":false,"_jetpack_newsletter_tier_id":0,"_jetpack_memberships_contains_paywalled_content":false,"_jetpack_feature_clip_id":0,"_jetpack_memberships_contains_paid_content":false,"footnotes":"","jetpack_publicize_message":"","jetpack_publicize_feature_enabled":true,"jetpack_social_post_already_shared":true,"jetpack_social_options":{"image_generator_settings":{"template":"highway","default_image_id":0,"font":"","enabled":false},"version":2},"jetpack_post_was_ever_published":false},"categories":[75,72],"tags":[],"class_list":["post-101989","post","type-post","status-publish","format-standard","has-post-thumbnail","hentry","category-nacional","category-portada","post--single"],"jetpack_publicize_connections":[],"jetpack_featured_media_url":"https:\/\/ovelanalista.com\/wp-content\/uploads\/2024\/08\/trabajadores-scjn-poder-judicial-protesta-ministros.webp","jetpack_sharing_enabled":true,"_links":{"self":[{"href":"https:\/\/ovelanalista.com\/index.php?rest_route=\/wp\/v2\/posts\/101989","targetHints":{"allow":["GET"]}}],"collection":[{"href":"https:\/\/ovelanalista.com\/index.php?rest_route=\/wp\/v2\/posts"}],"about":[{"href":"https:\/\/ovelanalista.com\/index.php?rest_route=\/wp\/v2\/types\/post"}],"author":[{"embeddable":true,"href":"https:\/\/ovelanalista.com\/index.php?rest_route=\/wp\/v2\/users\/3"}],"replies":[{"embeddable":true,"href":"https:\/\/ovelanalista.com\/index.php?rest_route=%2Fwp%2Fv2%2Fcomments&post=101989"}],"version-history":[{"count":1,"href":"https:\/\/ovelanalista.com\/index.php?rest_route=\/wp\/v2\/posts\/101989\/revisions"}],"predecessor-version":[{"id":101993,"href":"https:\/\/ovelanalista.com\/index.php?rest_route=\/wp\/v2\/posts\/101989\/revisions\/101993"}],"wp:featuredmedia":[{"embeddable":true,"href":"https:\/\/ovelanalista.com\/index.php?rest_route=\/wp\/v2\/media\/101991"}],"wp:attachment":[{"href":"https:\/\/ovelanalista.com\/index.php?rest_route=%2Fwp%2Fv2%2Fmedia&parent=101989"}],"wp:term":[{"taxonomy":"category","embeddable":true,"href":"https:\/\/ovelanalista.com\/index.php?rest_route=%2Fwp%2Fv2%2Fcategories&post=101989"},{"taxonomy":"post_tag","embeddable":true,"href":"https:\/\/ovelanalista.com\/index.php?rest_route=%2Fwp%2Fv2%2Ftags&post=101989"}],"curies":[{"name":"wp","href":"https:\/\/api.w.org\/{rel}","templated":true}]}}