{"id":101992,"date":"2024-08-27T19:30:45","date_gmt":"2024-08-28T01:30:45","guid":{"rendered":"https:\/\/ovelanalista.com\/?p=101992"},"modified":"2024-08-27T17:35:55","modified_gmt":"2024-08-27T23:35:55","slug":"asociacion-internacional-de-jueces-rechaza-la-reforma-al-poder-judicial-de-amlo","status":"publish","type":"post","link":"https:\/\/ovelanalista.com\/?p=101992","title":{"rendered":"Asociaci\u00f3n Internacional de Jueces rechaza la reforma al Poder Judicial de AMLO"},"content":{"rendered":"<p>La Asociaci\u00f3n Internacional de Jueces (AIJ), con sede en Roma, se manifest\u00f3 en contra de la reforma al Poder Judicial de L\u00f3pez Obrador.<\/p>\n<p>La\u00a0<strong>Asociaci\u00f3n Internacional de Jueces<\/strong>\u00a0(AIJ), con sede en\u00a0<strong>Roma, Italia,\u00a0<\/strong>se pronunci\u00f3\u00a0<strong>en contra<\/strong>\u00a0de la\u00a0<strong>reforma judicial<\/strong>\u00a0que impulsa el presidente<strong><a href=\"https:\/\/twitter.com\/lopezobrador_\" target=\"_blank\" rel=\"noopener noreferrer\">\u00a0Andr\u00e9s Manuel<\/a>\u00a0L\u00f3pez Obrador<\/strong>, cuya principal iniciativa es que los juzgadores sean elegidos a trav\u00e9s del voto popular a partir del 2025.<\/p>\n<p>Dicho organismo dej\u00f3 en claro que la reforma judicial va en contra de los principios los cuales apuntan que los \u201c<strong>jueces<\/strong>\u00a0deben ser nombrados sobre la base del m\u00e9rito y criterios objetivos que respeten sus competencias profesionales\u201d.<\/p>\n<p>Apunt\u00f3 que la reforma judicial, aprobada en comisiones de la C\u00e1mara de Diputados, \u201cinterfiere potencialmente con el principio de seguridad en el cargo, en donde el mandato de un juez solo puede terminar como resultado de un proceso disciplinario o en el procedimiento en el que el juez ser\u00eda declarado no apto para ocupar su puesto\u201d.<\/p>\n<div id=\"ros-inread-ci3vmz\" class=\"ad-container dfp-ad-unit ad-inread ad-main-inread ad-slot\" data-ad-type=\"inread\" data-slot=\"inread\" data-ad-loaded=\"1\" data-ad-setup=\"{&quot;postID&quot;:1646711,&quot;canRefresh&quot;:false,&quot;infinitescroll&quot;:false}\" data-google-query-id=\"CKWz7e6qlogDFYWEpgQdLZYqHw\"><\/div>\n<div data-ad-type=\"inread\" data-slot=\"inread\" data-ad-loaded=\"1\" data-ad-setup=\"{&quot;postID&quot;:1646711,&quot;canRefresh&quot;:false,&quot;infinitescroll&quot;:false}\" data-google-query-id=\"CKWz7e6qlogDFYWEpgQdLZYqHw\">\n<p>La AIJ enfatiz\u00f3 que la \u201creforma judicial debe ser coherente con principios bien establecidos y universalmente aceptados de independencia de la justicia para preservar el derecho de los ciudadanos a acceder a tribunales independientes y a disfrutar de libertades que s\u00f3lo pueden ser protegidas por jueces independientes libres de presiones y temores externos\u201d.<\/p>\n<p>La Asociaci\u00f3n Internacional de Jueces solicit\u00f3 al mandatario mexicano que reconsidere la reforma que propuso \u201ca la luz de las ideas y principios expuestos anteriormente\u201d.<\/p>\n<p>\u201cY a la comunidad internacional a unirse a la AIJ en sus esfuerzos para proteger la independencia de los jueces\u201d, destac\u00f3.<\/p>\n<p>La\u00a0<strong>reforma al Poder Judicial<\/strong>\u00a0del presidente\u00a0<strong>L\u00f3pez Obrador<\/strong>, que propone la elecci\u00f3n de jueces por voto popular,\u00a0<a href=\"https:\/\/lopezdoriga.com\/nacional\/comision-de-la-camara-de-diputados-aprueba-reforma-judicial-en-lo-general-y-lo-particular\/\" target=\"_blank\" rel=\"noopener\">dio el primer paso el lunes<\/a>\u00a0tras aprobarse en lo\u00a0<strong>general y lo particular<\/strong>\u00a0en la\u00a0<strong>Comisi\u00f3n de Puntos Constitucionales de la C\u00e1mara de Diputados<\/strong>.<\/p>\n<p>La iniciativa se aprob\u00f3 en lo general con\u00a022 votos a favor del gobernante\u00a0<strong>Movimiento Regeneraci\u00f3n Nacional<\/strong>\u00a0(<strong>Morena<\/strong>) y sus aliados, los Partidos del Trabajo (<strong>PT<\/strong>) y Verde Ecologista (<strong>PVEM<\/strong>), y 17 en contra de la oposici\u00f3n; en lo particular se aprob\u00f3 con 22 votos a favor y 18 en contra.<\/p>\n<p>La\u00a0<strong>pol\u00e9mica reforma<\/strong>\u00a0perfila comicios judiciales y una nueva integraci\u00f3n de la\u00a0<strong>Suprema Corte de Justicia de la Naci\u00f3n<\/strong>\u00a0(<strong>SCJN<\/strong>).<\/p>\n<p>Con informaci\u00f3n de L\u00f3pez-D\u00f3riga Digital<\/p>\n<\/div>\n","protected":false},"excerpt":{"rendered":"<p>La Asociaci\u00f3n Internacional de Jueces (AIJ), con sede en Roma, se manifest\u00f3 en contra de la reforma al Poder Judicial de L\u00f3pez Obrador. La\u00a0Asociaci\u00f3n Internacional de Jueces\u00a0(AIJ), con sede en\u00a0Roma, Italia,\u00a0se pronunci\u00f3\u00a0en contra\u00a0de la\u00a0reforma judicial\u00a0que impulsa el presidente\u00a0Andr\u00e9s Manuel\u00a0L\u00f3pez Obrador, cuya principal iniciativa es que los juzgadores sean elegidos a trav\u00e9s del voto popular a partir del 2025. Dicho organismo dej\u00f3 en claro que la reforma judicial va en contra de los principios los cuales apuntan que los \u201cjueces\u00a0deben ser nombrados sobre la base del m\u00e9rito y criterios objetivos que respeten sus competencias profesionales\u201d. Apunt\u00f3 que la reforma judicial, aprobada [&hellip;]<\/p>\n","protected":false},"author":3,"featured_media":101994,"comment_status":"open","ping_status":"open","sticky":false,"template":"","format":"standard","meta":{"_jetpack_newsletter_access":"","_jetpack_dont_email_post_to_subs":false,"_jetpack_newsletter_tier_id":0,"_jetpack_memberships_contains_paywalled_content":false,"_jetpack_feature_clip_id":0,"_jetpack_memberships_contains_paid_content":false,"footnotes":"","jetpack_publicize_message":"","jetpack_publicize_feature_enabled":true,"jetpack_social_post_already_shared":true,"jetpack_social_options":{"image_generator_settings":{"template":"highway","default_image_id":0,"font":"","enabled":false},"version":2},"jetpack_post_was_ever_published":false},"categories":[75,72],"tags":[],"class_list":["post-101992","post","type-post","status-publish","format-standard","has-post-thumbnail","hentry","category-nacional","category-portada","post--single"],"jetpack_publicize_connections":[],"jetpack_featured_media_url":"https:\/\/ovelanalista.com\/wp-content\/uploads\/2024\/08\/reforma-judicial-poder-judicial-jueces-magistrados-ministros-juez.webp","jetpack_sharing_enabled":true,"_links":{"self":[{"href":"https:\/\/ovelanalista.com\/index.php?rest_route=\/wp\/v2\/posts\/101992","targetHints":{"allow":["GET"]}}],"collection":[{"href":"https:\/\/ovelanalista.com\/index.php?rest_route=\/wp\/v2\/posts"}],"about":[{"href":"https:\/\/ovelanalista.com\/index.php?rest_route=\/wp\/v2\/types\/post"}],"author":[{"embeddable":true,"href":"https:\/\/ovelanalista.com\/index.php?rest_route=\/wp\/v2\/users\/3"}],"replies":[{"embeddable":true,"href":"https:\/\/ovelanalista.com\/index.php?rest_route=%2Fwp%2Fv2%2Fcomments&post=101992"}],"version-history":[{"count":1,"href":"https:\/\/ovelanalista.com\/index.php?rest_route=\/wp\/v2\/posts\/101992\/revisions"}],"predecessor-version":[{"id":101996,"href":"https:\/\/ovelanalista.com\/index.php?rest_route=\/wp\/v2\/posts\/101992\/revisions\/101996"}],"wp:featuredmedia":[{"embeddable":true,"href":"https:\/\/ovelanalista.com\/index.php?rest_route=\/wp\/v2\/media\/101994"}],"wp:attachment":[{"href":"https:\/\/ovelanalista.com\/index.php?rest_route=%2Fwp%2Fv2%2Fmedia&parent=101992"}],"wp:term":[{"taxonomy":"category","embeddable":true,"href":"https:\/\/ovelanalista.com\/index.php?rest_route=%2Fwp%2Fv2%2Fcategories&post=101992"},{"taxonomy":"post_tag","embeddable":true,"href":"https:\/\/ovelanalista.com\/index.php?rest_route=%2Fwp%2Fv2%2Ftags&post=101992"}],"curies":[{"name":"wp","href":"https:\/\/api.w.org\/{rel}","templated":true}]}}