{"id":101995,"date":"2024-08-27T19:45:33","date_gmt":"2024-08-28T01:45:33","guid":{"rendered":"https:\/\/ovelanalista.com\/?p=101995"},"modified":"2024-08-27T17:38:02","modified_gmt":"2024-08-27T23:38:02","slug":"juez-cita-de-urgencia-a-becarios-mexicanos-de-nacho-cano-ante-su-inminente-salida-de-espana","status":"publish","type":"post","link":"https:\/\/ovelanalista.com\/?p=101995","title":{"rendered":"Juez cita de urgencia a becarios mexicanos de Nacho Cano, ante su inminente salida de Espa\u00f1a"},"content":{"rendered":"<p>El juez cit\u00f3 de urgencia a los 17 becarios mexicanos contratados para el musical \u2018Malinche\u2019, del productor Nacho Cano.<\/p>\n<p>Los\u00a0<strong>17\u00a0<a href=\"https:\/\/lopezdoriga.com\/lopez-doriga-tv\/somos-becarios-afortunadisimos-alumnos-mexicanos-respaldan-a-nacho-cano\/\" target=\"_blank\" rel=\"noopener\">becarios<\/a>\u00a0mexicanos<\/strong>\u00a0supuestamente contratados de forma irregular para el espect\u00e1culo\u00a0<em><strong><a href=\"https:\/\/malinchethemusical.com\/\" target=\"_blank\" rel=\"noopener noreferrer\">Malinche<\/a>,<\/strong><\/em>\u00a0del productor musical espa\u00f1ol Nacho Cano, fueron\u00a0<strong>citados de urgencia<\/strong>\u00a0este 29 de agosto por un juzgado de Madrid para declarar como testigos\/perjudicados antes de regresar el 1 de septiembre a su pa\u00eds.<\/p>\n<p>Fuentes jur\u00eddicas espa\u00f1olas confirman a EFE la citaci\u00f3n, adelantada por Vozpopuli, que acord\u00f3 el juez que investiga la causa abierta al exmiembro de la banda Mecano por presuntos delitos contra los derechos de los trabajadores y de favorecer la inmigraci\u00f3n ilegal.<\/p>\n<p>Ante la inminente salida de Espa\u00f1a de los becarios mexicanos, el juez les cit\u00f3 el pr\u00f3ximo jueves porque prefiere tomarles declaraci\u00f3n presencialmente para que as\u00ed conste como prueba preconstituida, a\u00f1adieron las fuentes, es decir, que sea ya v\u00e1lida ante un hipot\u00e9tico juicio oral. Con ello, evita tener que citarles a futuro para una videoconferencia, que era la intenci\u00f3n de su representante legal.<\/p>\n<p>Nacho Cano y tres personas m\u00e1s est\u00e1n siendo investigados a resultas de la\u00a0<strong>denuncia<\/strong>\u00a0presentada por\u00a0<strong>Lesly Guadalupe O.F.<\/strong>, una bailarina de M\u00e9xico seleccionada en ese pa\u00eds, junto con otros participantes en un casting, para formar parte de la compa\u00f1\u00eda\u00a0<em>La Malinche<\/em>.<\/p>\n<p>Seg\u00fan el auto, los investigados, \u201cde manera intencional\u201d, habr\u00edan facilitado la entrada de extranjeros no comunitarios sin un contrato laboral sino como turistas, lo que les permite estar en territorio espa\u00f1ol 90 d\u00edas, \u201cpasando a la situaci\u00f3n de irregular\u201d de permanecer m\u00e1s tiempo.<\/p>\n<p>De hecho, relata, la investigada que proporcionaba a \u201clos migrantes\u201d informaci\u00f3n relativa al viaje a trav\u00e9s de un grupo de WhatsApp les indic\u00f3 que deb\u00edan entrar en Espa\u00f1a \u201csin portar ning\u00fan tipo de informaci\u00f3n corporativa de la compa\u00f1\u00eda Malinche ni ninguna otra que hiciera presuponer que su intenci\u00f3n era la de quedarse en Espa\u00f1a\u201d.<\/p>\n<p>Los seleccionados para el musical llegaron a Espa\u00f1a entre el 2 y 10 de diciembre de 2023 y no es hasta el 27 de enero de este a\u00f1o cuando, \u201cpor parte de los investigados, se solicita la Estancia por Estudios a todos los elegidos, supuestamente, por parte de los mismos, habi\u00e9ndose determinado que son los denunciados quienes gestionan este tr\u00e1mite\u201d.<\/p>\n<p>De la investigaci\u00f3n se desprende, por tanto, que \u201clos investigados, a trav\u00e9s de la compa\u00f1\u00eda Malinche The Musical Spain S.L, se estar\u00edan lucrando de la actividad laboral de sus seleccionados, quienes tras un breve periodo de aprendizaje de canciones y coreograf\u00edas, pasar\u00edan a trabajar en el musical\u201d en el recinto ferial de Ifema en Madrid y a percibir una cantidad econ\u00f3mica por ello \u201cpor debajo de convenio\u201d.<\/p>\n<div id=\"ros-inread-multiple-hcan9x\" class=\"ad-container dfp-ad-unit ad-inread ad-slot\" data-ad-type=\"inreadbox\" data-slot=\"inread-multiple\" data-ad-loaded=\"1\" data-ad-setup=\"{&quot;postID&quot;:1646695,&quot;canRefresh&quot;:false,&quot;infinitescroll&quot;:false}\" data-google-query-id=\"CPn3la6rlogDFYiFpgQd4aktgw\">\n<p>Esa escasa remuneraci\u00f3n, habr\u00eda llevado, prosigue el auto, a que los afectados tuvieran que recurrir a familiares y ahorros para \u201clograr subsistir cada mes\u201d.<\/p>\n<p>Nacho Cano fue detenido el pasado 9 de junio por estos hechos y trasladado a dependencias policiales, donde prest\u00f3 declaraci\u00f3n.<\/p>\n<p>Con informaci\u00f3n de EFE<\/p>\n<p>&nbsp;<\/p>\n<\/div>\n<div data-ad-type=\"inreadbox\" data-slot=\"inread-multiple\" data-ad-loaded=\"1\" data-ad-setup=\"{&quot;postID&quot;:1646695,&quot;canRefresh&quot;:false,&quot;infinitescroll&quot;:false}\" data-google-query-id=\"CPn3la6rlogDFYiFpgQd4aktgw\"><\/div>\n","protected":false},"excerpt":{"rendered":"<p>El juez cit\u00f3 de urgencia a los 17 becarios mexicanos contratados para el musical \u2018Malinche\u2019, del productor Nacho Cano. Los\u00a017\u00a0becarios\u00a0mexicanos\u00a0supuestamente contratados de forma irregular para el espect\u00e1culo\u00a0Malinche,\u00a0del productor musical espa\u00f1ol Nacho Cano, fueron\u00a0citados de urgencia\u00a0este 29 de agosto por un juzgado de Madrid para declarar como testigos\/perjudicados antes de regresar el 1 de septiembre a su pa\u00eds. Fuentes jur\u00eddicas espa\u00f1olas confirman a EFE la citaci\u00f3n, adelantada por Vozpopuli, que acord\u00f3 el juez que investiga la causa abierta al exmiembro de la banda Mecano por presuntos delitos contra los derechos de los trabajadores y de favorecer la inmigraci\u00f3n ilegal. Ante la [&hellip;]<\/p>\n","protected":false},"author":3,"featured_media":101997,"comment_status":"open","ping_status":"open","sticky":false,"template":"","format":"standard","meta":{"_jetpack_newsletter_access":"","_jetpack_dont_email_post_to_subs":false,"_jetpack_newsletter_tier_id":0,"_jetpack_memberships_contains_paywalled_content":false,"_jetpack_feature_clip_id":0,"_jetpack_memberships_contains_paid_content":false,"footnotes":"","jetpack_publicize_message":"","jetpack_publicize_feature_enabled":true,"jetpack_social_post_already_shared":true,"jetpack_social_options":{"image_generator_settings":{"template":"highway","default_image_id":0,"font":"","enabled":false},"version":2},"jetpack_post_was_ever_published":false},"categories":[89,72],"tags":[],"class_list":["post-101995","post","type-post","status-publish","format-standard","has-post-thumbnail","hentry","category-internacional","category-portada","post--single"],"jetpack_publicize_connections":[],"jetpack_featured_media_url":"https:\/\/ovelanalista.com\/wp-content\/uploads\/2024\/08\/becarios-nacho-cano-malinche.webp","jetpack_sharing_enabled":true,"_links":{"self":[{"href":"https:\/\/ovelanalista.com\/index.php?rest_route=\/wp\/v2\/posts\/101995","targetHints":{"allow":["GET"]}}],"collection":[{"href":"https:\/\/ovelanalista.com\/index.php?rest_route=\/wp\/v2\/posts"}],"about":[{"href":"https:\/\/ovelanalista.com\/index.php?rest_route=\/wp\/v2\/types\/post"}],"author":[{"embeddable":true,"href":"https:\/\/ovelanalista.com\/index.php?rest_route=\/wp\/v2\/users\/3"}],"replies":[{"embeddable":true,"href":"https:\/\/ovelanalista.com\/index.php?rest_route=%2Fwp%2Fv2%2Fcomments&post=101995"}],"version-history":[{"count":1,"href":"https:\/\/ovelanalista.com\/index.php?rest_route=\/wp\/v2\/posts\/101995\/revisions"}],"predecessor-version":[{"id":101999,"href":"https:\/\/ovelanalista.com\/index.php?rest_route=\/wp\/v2\/posts\/101995\/revisions\/101999"}],"wp:featuredmedia":[{"embeddable":true,"href":"https:\/\/ovelanalista.com\/index.php?rest_route=\/wp\/v2\/media\/101997"}],"wp:attachment":[{"href":"https:\/\/ovelanalista.com\/index.php?rest_route=%2Fwp%2Fv2%2Fmedia&parent=101995"}],"wp:term":[{"taxonomy":"category","embeddable":true,"href":"https:\/\/ovelanalista.com\/index.php?rest_route=%2Fwp%2Fv2%2Fcategories&post=101995"},{"taxonomy":"post_tag","embeddable":true,"href":"https:\/\/ovelanalista.com\/index.php?rest_route=%2Fwp%2Fv2%2Ftags&post=101995"}],"curies":[{"name":"wp","href":"https:\/\/api.w.org\/{rel}","templated":true}]}}