{"id":101998,"date":"2024-08-27T20:00:09","date_gmt":"2024-08-28T02:00:09","guid":{"rendered":"https:\/\/ovelanalista.com\/?p=101998"},"modified":"2024-08-27T17:39:42","modified_gmt":"2024-08-27T23:39:42","slug":"mexico-registro-un-deficit-comercial-de-72-mdd-en-julio","status":"publish","type":"post","link":"https:\/\/ovelanalista.com\/?p=101998","title":{"rendered":"M\u00e9xico registr\u00f3 un d\u00e9ficit comercial de 72 mdd en julio"},"content":{"rendered":"<p>M\u00e9xico acumul\u00f3 un d\u00e9ficit comercial de 5 mil 569.5 mdd en los primeros siete meses de 2024, una reducci\u00f3n interanual de 22.1 por ciento.<\/p>\n<p><strong>M\u00e9xico<\/strong>\u00a0tuvo en julio pasado un\u00a0<strong>d\u00e9ficit comercial<\/strong>\u00a0de 72 millones de d\u00f3lares, acompa\u00f1ado de una subida de casi 15 por ciento de las exportaciones, inform\u00f3 el Instituto Nacional de Estad\u00edstica y Geograf\u00eda (Inegi).<\/p>\n<p>El Inegi record\u00f3 en\u00a0<a href=\"https:\/\/www.inegi.org.mx\/contenidos\/saladeprensa\/boletines\/2024\/balcom_o\/balcom_o2024_08.pdf\" target=\"_blank\" rel=\"noopener noreferrer\">su reporte<\/a>\u00a0que el super\u00e1vit de julio es menor al d\u00e9ficit de 645 millones de d\u00f3lares del mismo mes de 2023 y el dato tambi\u00e9n negativo de mil 36.9 millones de d\u00f3lares de junio pasado.<\/p>\n<p>De esta manera, M\u00e9xico acumul\u00f3 un\u00a0<strong>d\u00e9ficit comercial<\/strong>\u00a0de 5 mil 569.5 millones de d\u00f3lares en los primeros siete meses de 2024, una reducci\u00f3n interanual de 22.1 por ciento.<\/p>\n<p>Tan solo en julio, las\u00a0<strong>exportaciones<\/strong>\u00a0totales se elevaron 14.7 por ciento interanual hasta 54 mil 788.6 millones de d\u00f3lares, seg\u00fan precis\u00f3 el organismo con base en cifras originales.<\/p>\n<p>Las\u00a0<strong>ventas petroleras<\/strong>\u00a0se contrajeron 10.2 por ciento interanual al situarse en 2 mil 499.5 millones de d\u00f3lares.<\/p>\n<p>Mientras que las\u00a0<strong>no petroleras<\/strong>\u00a0crecieron 16.2 por ciento hasta 52 mil 289 millones de d\u00f3lares.<\/p>\n<p>\u201cAl interior de las exportaciones no petroleras, las dirigidas a Estados Unidos avanzaron 18 por ciento a tasa anual y las canalizadas al resto del mundo, 7.1 por ciento\u201d, ahond\u00f3 el Inegi.<\/p>\n<p>Asimismo, las\u00a0<strong>importaciones<\/strong>\u00a0subieron 13.3 por ciento para quedar en 54 mil 860.5 millones de d\u00f3lares.<\/p>\n<p>Las\u00a0<strong>compras petroleras<\/strong>\u00a0se contrajeron 15.6 por ciento a\u00f1o contra a\u00f1o hasta 3 mil 398.5 millones de d\u00f3lares.<\/p>\n<p>Mientras que las\u00a0<strong>no petroleras<\/strong>\u00a0aumentaron 15.9 por ciento al sumar 51 mil 462.1 millones de d\u00f3lares.<\/p>\n<p>En los primeros siete meses de 2024, las exportaciones de M\u00e9xico subieron 4.3 por ciento interanual a 354 mil 175.7 millones de d\u00f3lares.<\/p>\n<p>Mientras las\u00a0<strong>importaciones<\/strong>\u00a0avanzaron 3.8 por ciento interanual para totalizar 359 mil 745.2 millones de d\u00f3lares.<\/p>\n<p>M\u00e9xico redujo en casi 80 por ciento su\u00a0<strong>d\u00e9ficit comercial<\/strong>\u00a0en 2023 hasta los 5 mil 463 millones de d\u00f3lares, por debajo del dato tambi\u00e9n negativo de 26 mil 241.1 millones de d\u00f3lares de 2022.<\/p>\n<p>El pa\u00eds se ha afianzado al Tratado entre M\u00e9xico, Estados Unidos y Canad\u00e1 (<strong>T-MEC<\/strong>) para impulsar su crecimiento econ\u00f3mico, que fue de 3.2 por ciento en 2023.<\/p>\n<p>Con informaci\u00f3n de EFE<\/p>\n","protected":false},"excerpt":{"rendered":"<p>M\u00e9xico acumul\u00f3 un d\u00e9ficit comercial de 5 mil 569.5 mdd en los primeros siete meses de 2024, una reducci\u00f3n interanual de 22.1 por ciento. M\u00e9xico\u00a0tuvo en julio pasado un\u00a0d\u00e9ficit comercial\u00a0de 72 millones de d\u00f3lares, acompa\u00f1ado de una subida de casi 15 por ciento de las exportaciones, inform\u00f3 el Instituto Nacional de Estad\u00edstica y Geograf\u00eda (Inegi). El Inegi record\u00f3 en\u00a0su reporte\u00a0que el super\u00e1vit de julio es menor al d\u00e9ficit de 645 millones de d\u00f3lares del mismo mes de 2023 y el dato tambi\u00e9n negativo de mil 36.9 millones de d\u00f3lares de junio pasado. De esta manera, M\u00e9xico acumul\u00f3 un\u00a0d\u00e9ficit comercial\u00a0de 5 [&hellip;]<\/p>\n","protected":false},"author":3,"featured_media":102000,"comment_status":"open","ping_status":"open","sticky":false,"template":"","format":"standard","meta":{"_jetpack_newsletter_access":"","_jetpack_dont_email_post_to_subs":false,"_jetpack_newsletter_tier_id":0,"_jetpack_memberships_contains_paywalled_content":false,"_jetpack_feature_clip_id":0,"_jetpack_memberships_contains_paid_content":false,"footnotes":"","jetpack_publicize_message":"","jetpack_publicize_feature_enabled":true,"jetpack_social_post_already_shared":true,"jetpack_social_options":{"image_generator_settings":{"template":"highway","default_image_id":0,"font":"","enabled":false},"version":2},"jetpack_post_was_ever_published":false},"categories":[75,72],"tags":[],"class_list":["post-101998","post","type-post","status-publish","format-standard","has-post-thumbnail","hentry","category-nacional","category-portada","post--single"],"jetpack_publicize_connections":[],"jetpack_featured_media_url":"https:\/\/ovelanalista.com\/wp-content\/uploads\/2024\/08\/la-economia-popular-boliviana-resiste-intento-de-golpe-entre-sobreprecios-y-especulacion-2.webp","jetpack_sharing_enabled":true,"_links":{"self":[{"href":"https:\/\/ovelanalista.com\/index.php?rest_route=\/wp\/v2\/posts\/101998","targetHints":{"allow":["GET"]}}],"collection":[{"href":"https:\/\/ovelanalista.com\/index.php?rest_route=\/wp\/v2\/posts"}],"about":[{"href":"https:\/\/ovelanalista.com\/index.php?rest_route=\/wp\/v2\/types\/post"}],"author":[{"embeddable":true,"href":"https:\/\/ovelanalista.com\/index.php?rest_route=\/wp\/v2\/users\/3"}],"replies":[{"embeddable":true,"href":"https:\/\/ovelanalista.com\/index.php?rest_route=%2Fwp%2Fv2%2Fcomments&post=101998"}],"version-history":[{"count":1,"href":"https:\/\/ovelanalista.com\/index.php?rest_route=\/wp\/v2\/posts\/101998\/revisions"}],"predecessor-version":[{"id":102001,"href":"https:\/\/ovelanalista.com\/index.php?rest_route=\/wp\/v2\/posts\/101998\/revisions\/102001"}],"wp:featuredmedia":[{"embeddable":true,"href":"https:\/\/ovelanalista.com\/index.php?rest_route=\/wp\/v2\/media\/102000"}],"wp:attachment":[{"href":"https:\/\/ovelanalista.com\/index.php?rest_route=%2Fwp%2Fv2%2Fmedia&parent=101998"}],"wp:term":[{"taxonomy":"category","embeddable":true,"href":"https:\/\/ovelanalista.com\/index.php?rest_route=%2Fwp%2Fv2%2Fcategories&post=101998"},{"taxonomy":"post_tag","embeddable":true,"href":"https:\/\/ovelanalista.com\/index.php?rest_route=%2Fwp%2Fv2%2Ftags&post=101998"}],"curies":[{"name":"wp","href":"https:\/\/api.w.org\/{rel}","templated":true}]}}