{"id":102014,"date":"2024-08-19T15:32:16","date_gmt":"2024-08-19T21:32:16","guid":{"rendered":"https:\/\/ovelanalista.com\/?p=102014"},"modified":"2024-08-27T19:43:13","modified_gmt":"2024-08-28T01:43:13","slug":"cambios-en-el-gabinete-estatal-son-para-beneficio-de-los-sinaloenses-gerardo-vargas","status":"publish","type":"post","link":"https:\/\/ovelanalista.com\/?p=102014","title":{"rendered":"\u201cCambios en el Gabinete Estatal son para beneficio de los sinaloenses\u201d: Gerardo Vargas."},"content":{"rendered":"<p><strong><em>El Alcalde de Ahome destac\u00f3 el apoyo que el Gobernador de Sinaloa, doctor Rub\u00e9n Rocha Moya, ha tra\u00eddo al municipio, por lo que estos ajustes vendr\u00e1n a ayudar a que sigan la sinergia entre los dos \u00f3rdenes de Gobierno\u2026<\/em><\/strong><\/p>\n<p><strong>Los Mochis, Ahome, Sinaloa, a 19 de Agosto del 2024.-\u00a0 \u201c<\/strong>Todos los cambios son para mejorar\u201d, expres\u00f3 el Presidente Municipal de Ahome, C. Gerardo Octavio Vargas Landeros, tras el anuncio de los movimientos en el Gabinete del Gobernador de Sinaloa, doctor Rub\u00e9n Rocha Moya.<\/p>\n<p>\u201cDentro de las Secretar\u00edas el cargo m\u00e1s alto es la de Agricultura, se va a una persona muy conocedora, un t\u00e9cnico, investigador en agricultura de mucho prestigio, nuestro amigo Jaime Montes, que bueno que su talento y expertiz se aprovechar\u00e1 en el COBAES\u201d.<\/p>\n<p>Mencion\u00f3 que quien llega a dicha Secretar\u00eda, Ismael Bello, es un joven talentoso, con experiencia en el tema de las finanzas p\u00fablicas y auditor\u00eda.<\/p>\n<p>\u201cEs algo que le ayudar\u00e1 mucho a la Secretar\u00eda de Agricultura y por supuesto al se\u00f1or Gobernador, a los productores, porque al final \u00e9l, de una manera u otra, ya llevaba o iniciaba el tr\u00e1mite de todos los pagos, de toda la comercializaci\u00f3n de los granos, tanto de ma\u00edz, trigos, etc.\u201d.<\/p>\n<p>El Alcalde de Ahome destac\u00f3 que sin duda estos cambios le servir\u00e1n al mandatario estatal, pero tambi\u00e9n a la ciudadan\u00eda en sus respectivas \u00e1reas, y reconoci\u00f3 que la relaci\u00f3n con el Gobernador Rocha Moya es permanente y directa.<\/p>\n<p>\u201cLa ciudadan\u00eda lo ha visto, lo ha sentido con el tema de los servicios p\u00fablicos, c\u00f3mo nos ha ayudado en materia financiera, y en lo particular con estos j\u00f3venes que estoy comentando, somos amigos de hace mucho tiempo\u201d, agreg\u00f3 el Presidente Gerardo Vargas.<\/p>\n<p>Cabe mencionar que adem\u00e1s de la llegada de Ismael Bello Esquivel a la Secretar\u00eda de Agricultura y Ganader\u00eda, se dio a conocer que Jos\u00e9 Carlos C\u00e1rdenas Mellado es el nuevo Director General del Servicio de Administraci\u00f3n Tributaria del Estado de Sinaloa (SATES), mientras que Paulina Pe\u00f1a Pay\u00e1n fue designada como Subsecretaria de Planeaci\u00f3n en la Secretar\u00eda de Educaci\u00f3n P\u00fablica y Cultura; Jes\u00fas Askanio Salom\u00f3n Saiz, Subsecretario de Bienestar; Mar\u00eda Mercedes Ibarra Medina, Directora General del Sistema DIF Estatal; y Rub\u00e9n \u00c1lvarez L\u00f3pez, Subsecretario de Programaci\u00f3n y Contratos en la Secretar\u00eda de Obras P\u00fablicas.<\/p>\n","protected":false},"excerpt":{"rendered":"<p>El Alcalde de Ahome destac\u00f3 el apoyo que el Gobernador de Sinaloa, doctor Rub\u00e9n Rocha Moya, ha tra\u00eddo al municipio, por lo que estos ajustes vendr\u00e1n a ayudar a que sigan la sinergia entre los dos \u00f3rdenes de Gobierno\u2026 Los Mochis, Ahome, Sinaloa, a 19 de Agosto del 2024.-\u00a0 \u201cTodos los cambios son para mejorar\u201d, expres\u00f3 el Presidente Municipal de Ahome, C. Gerardo Octavio Vargas Landeros, tras el anuncio de los movimientos en el Gabinete del Gobernador de Sinaloa, doctor Rub\u00e9n Rocha Moya. \u201cDentro de las Secretar\u00edas el cargo m\u00e1s alto es la de Agricultura, se va a una persona [&hellip;]<\/p>\n","protected":false},"author":3,"featured_media":102015,"comment_status":"open","ping_status":"open","sticky":false,"template":"","format":"standard","meta":{"_jetpack_newsletter_access":"","_jetpack_dont_email_post_to_subs":false,"_jetpack_newsletter_tier_id":0,"_jetpack_memberships_contains_paywalled_content":false,"_jetpack_feature_clip_id":0,"_jetpack_memberships_contains_paid_content":false,"footnotes":"","jetpack_publicize_message":"\u201cCambios en el Gabinete Estatal son para beneficio de los sinaloenses\u201d: Gerardo Vargas.","jetpack_publicize_feature_enabled":true,"jetpack_social_post_already_shared":true,"jetpack_social_options":{"image_generator_settings":{"template":"highway","default_image_id":0,"font":"","enabled":false},"version":2},"jetpack_post_was_ever_published":false},"categories":[72,85],"tags":[],"class_list":["post-102014","post","type-post","status-publish","format-standard","has-post-thumbnail","hentry","category-portada","category-sinaloa-norte","post--single"],"jetpack_publicize_connections":[],"jetpack_featured_media_url":"https:\/\/ovelanalista.com\/wp-content\/uploads\/2024\/08\/Captura-de-Pantalla-2024-08-27-a-las-18.42.10.png","jetpack_sharing_enabled":true,"_links":{"self":[{"href":"https:\/\/ovelanalista.com\/index.php?rest_route=\/wp\/v2\/posts\/102014","targetHints":{"allow":["GET"]}}],"collection":[{"href":"https:\/\/ovelanalista.com\/index.php?rest_route=\/wp\/v2\/posts"}],"about":[{"href":"https:\/\/ovelanalista.com\/index.php?rest_route=\/wp\/v2\/types\/post"}],"author":[{"embeddable":true,"href":"https:\/\/ovelanalista.com\/index.php?rest_route=\/wp\/v2\/users\/3"}],"replies":[{"embeddable":true,"href":"https:\/\/ovelanalista.com\/index.php?rest_route=%2Fwp%2Fv2%2Fcomments&post=102014"}],"version-history":[{"count":1,"href":"https:\/\/ovelanalista.com\/index.php?rest_route=\/wp\/v2\/posts\/102014\/revisions"}],"predecessor-version":[{"id":102016,"href":"https:\/\/ovelanalista.com\/index.php?rest_route=\/wp\/v2\/posts\/102014\/revisions\/102016"}],"wp:featuredmedia":[{"embeddable":true,"href":"https:\/\/ovelanalista.com\/index.php?rest_route=\/wp\/v2\/media\/102015"}],"wp:attachment":[{"href":"https:\/\/ovelanalista.com\/index.php?rest_route=%2Fwp%2Fv2%2Fmedia&parent=102014"}],"wp:term":[{"taxonomy":"category","embeddable":true,"href":"https:\/\/ovelanalista.com\/index.php?rest_route=%2Fwp%2Fv2%2Fcategories&post=102014"},{"taxonomy":"post_tag","embeddable":true,"href":"https:\/\/ovelanalista.com\/index.php?rest_route=%2Fwp%2Fv2%2Ftags&post=102014"}],"curies":[{"name":"wp","href":"https:\/\/api.w.org\/{rel}","templated":true}]}}