{"id":102023,"date":"2024-08-08T15:52:42","date_gmt":"2024-08-08T21:52:42","guid":{"rendered":"https:\/\/ovelanalista.com\/?p=102023"},"modified":"2024-08-27T19:56:41","modified_gmt":"2024-08-28T01:56:41","slug":"estamos-contentos-y-agradecidos-por-la-visita-del-presidente-amlo-y-la-dra-claudia-gvl","status":"publish","type":"post","link":"https:\/\/ovelanalista.com\/?p=102023","title":{"rendered":"\u201cEstamos contentos y agradecidos por la visita del Presidente AMLO y la Dra. Claudia\u201d: GVL"},"content":{"rendered":"<p><em><strong>El Alcalde de Ahome Gerardo Vargas Landeros, confirm\u00f3 que asistir\u00e1 a la capital del estado a presenciar los eventos del mandatario Andr\u00e9s Manuel L\u00f3pez Obrador y de la Presidenta electa \u2026<\/strong><\/em><\/p>\n<p><strong>Los Mochis, Ahome, Sinaloa. 08 de Agosto del 2024.-<\/strong>\u00a0Con la premisa de la inauguraci\u00f3n del Hospital General de Culiac\u00e1n, el Presidente de la Rep\u00fablica estar\u00e1 de visita para dicho evento, en compa\u00f1\u00eda de la Presidenta electa, doctora Claudia Sheinbaum Pardo, este s\u00e1bado 10 de agosto.<\/p>\n<p>Al respecto el Alcalde de Ahome de Ahome, Gerardo Vargas Landeros, dio a conocer que asistir\u00e1 a la gira, en forma de agradecimientoo por todo lo que ha hecho AMLO por Ahome.<\/p>\n<p>\u201cRecibiremos en Sinaloa a nuestro Presidente que tiene todo el agradecimiento por lo que ha hecho por Ahome, por la cantidad de recursos que nos brind\u00f3\u201d<\/p>\n<p>\u201cY por supuesto le daremos la bienvenida a la doctora Claudia Sheinbaum, quien va a continuar con el segundo piso de la cuarta transformaci\u00f3n\u201d, indic\u00f3.<\/p>\n<p>Relativo al recibimiento que se tiene preparado, el Alcalde precis\u00f3 que los Sinaloenses har\u00e1n todo lo posible para que las visitas se sientan acogidas, as\u00ed como qued\u00f3 demostrado el pasado 2 de junio con los resultados de los comicios, por parte de los Sinaloenses y los Ahomenses particularmente.<\/p>\n","protected":false},"excerpt":{"rendered":"<p>El Alcalde de Ahome Gerardo Vargas Landeros, confirm\u00f3 que asistir\u00e1 a la capital del estado a presenciar los eventos del mandatario Andr\u00e9s Manuel L\u00f3pez Obrador y de la Presidenta electa \u2026 Los Mochis, Ahome, Sinaloa. 08 de Agosto del 2024.-\u00a0Con la premisa de la inauguraci\u00f3n del Hospital General de Culiac\u00e1n, el Presidente de la Rep\u00fablica estar\u00e1 de visita para dicho evento, en compa\u00f1\u00eda de la Presidenta electa, doctora Claudia Sheinbaum Pardo, este s\u00e1bado 10 de agosto. Al respecto el Alcalde de Ahome de Ahome, Gerardo Vargas Landeros, dio a conocer que asistir\u00e1 a la gira, en forma de agradecimientoo por [&hellip;]<\/p>\n","protected":false},"author":3,"featured_media":102024,"comment_status":"open","ping_status":"open","sticky":false,"template":"","format":"standard","meta":{"_jetpack_newsletter_access":"","_jetpack_dont_email_post_to_subs":false,"_jetpack_newsletter_tier_id":0,"_jetpack_memberships_contains_paywalled_content":false,"_jetpack_feature_clip_id":0,"_jetpack_memberships_contains_paid_content":false,"footnotes":"","jetpack_publicize_message":"\u201cEstamos contentos y agradecidos por la visita del Presidente AMLO y la Dra. Claudia\u201d: GVL","jetpack_publicize_feature_enabled":true,"jetpack_social_post_already_shared":true,"jetpack_social_options":{"image_generator_settings":{"template":"highway","default_image_id":0,"font":"","enabled":false},"version":2},"jetpack_post_was_ever_published":false},"categories":[72,85],"tags":[],"class_list":["post-102023","post","type-post","status-publish","format-standard","has-post-thumbnail","hentry","category-portada","category-sinaloa-norte","post--single"],"jetpack_publicize_connections":[],"jetpack_featured_media_url":"https:\/\/ovelanalista.com\/wp-content\/uploads\/2024\/08\/Captura-de-Pantalla-2024-08-27-a-las-18.53.35.png","jetpack_sharing_enabled":true,"_links":{"self":[{"href":"https:\/\/ovelanalista.com\/index.php?rest_route=\/wp\/v2\/posts\/102023","targetHints":{"allow":["GET"]}}],"collection":[{"href":"https:\/\/ovelanalista.com\/index.php?rest_route=\/wp\/v2\/posts"}],"about":[{"href":"https:\/\/ovelanalista.com\/index.php?rest_route=\/wp\/v2\/types\/post"}],"author":[{"embeddable":true,"href":"https:\/\/ovelanalista.com\/index.php?rest_route=\/wp\/v2\/users\/3"}],"replies":[{"embeddable":true,"href":"https:\/\/ovelanalista.com\/index.php?rest_route=%2Fwp%2Fv2%2Fcomments&post=102023"}],"version-history":[{"count":1,"href":"https:\/\/ovelanalista.com\/index.php?rest_route=\/wp\/v2\/posts\/102023\/revisions"}],"predecessor-version":[{"id":102025,"href":"https:\/\/ovelanalista.com\/index.php?rest_route=\/wp\/v2\/posts\/102023\/revisions\/102025"}],"wp:featuredmedia":[{"embeddable":true,"href":"https:\/\/ovelanalista.com\/index.php?rest_route=\/wp\/v2\/media\/102024"}],"wp:attachment":[{"href":"https:\/\/ovelanalista.com\/index.php?rest_route=%2Fwp%2Fv2%2Fmedia&parent=102023"}],"wp:term":[{"taxonomy":"category","embeddable":true,"href":"https:\/\/ovelanalista.com\/index.php?rest_route=%2Fwp%2Fv2%2Fcategories&post=102023"},{"taxonomy":"post_tag","embeddable":true,"href":"https:\/\/ovelanalista.com\/index.php?rest_route=%2Fwp%2Fv2%2Ftags&post=102023"}],"curies":[{"name":"wp","href":"https:\/\/api.w.org\/{rel}","templated":true}]}}