{"id":102033,"date":"2024-08-21T20:20:32","date_gmt":"2024-08-22T02:20:32","guid":{"rendered":"https:\/\/ovelanalista.com\/?p=102033"},"modified":"2024-08-27T20:33:28","modified_gmt":"2024-08-28T02:33:28","slug":"gerardo-vargas-siempre-nos-ha-abierto-las-puertas-para-trabajar-en-conectividad-lider-comercial-de-volaris-mexico","status":"publish","type":"post","link":"https:\/\/ovelanalista.com\/?p=102033","title":{"rendered":"\u201dGerardo Vargas siempre nos ha abierto las puertas para trabajar en conectividad\u201d; L\u00edder comercial de Volaris M\u00e9xico"},"content":{"rendered":"<p><em><strong>En el marco del IBTM Americas 2024, en CDMX, Ahome presenta los principales atractivos tur\u00edsticos con los que se cuenta, ademas de posicionar a Los Mochis como una de los m\u00e1s importantes destinos del estado de Sinaloa y nacionales \u2026<\/strong><\/em><\/p>\n<p><strong>Ciudad de M\u00e9xico, 21 de agosto de 2034.-<\/strong>\u00a0Por segundo a\u00f1o consecutivo el Municipio de Ahome a trav\u00e9s de la Direcci\u00f3n de Turismo, participan en IBTM Am\u00e9ricas 2024, evento l\u00edder en organizaci\u00f3n de congresos, convenciones y viajes de incentivos de Am\u00e9rica Latina, que re\u00fane a los proveedores y compradores de la industria de nuestro pa\u00eds.<\/p>\n<p>En dicho evento Ver\u00f3nica Medel Arce, Directora de Turismo del Municipio de Ahome, expuso ante 200 agentes de viajes, el programa \u201cSaboreando Sinaloa\u201d donde se exhibi\u00f3 a Los Mochis y Ahome como potencial destino a visitar.<\/p>\n<p>\u201cHoy los aplausos se los llev\u00f3 Ahome, y es que M\u00e9xico est\u00e1 presente con sabor a Los Mochis, iniciando con el \u2018Saboreando Sinaloa\u2019 que en coordinaci\u00f3n de la Secretar\u00eda de Turismo del estado de Sinaloa y la Asociaci\u00f3n de hoteles de y moteles del norte del estado, la aerol\u00ednea Volaris y el invaluable apoyo en nuestro Presidente Gerardo Vargas, expusimos el destino ante m\u00e1s de 200 agentes de viajes y proveedores\u201d<\/p>\n<p>La funcionaria precis\u00f3 que la din\u00e1mica es que mientras los asistentes degustan los platillos t\u00edpicos de nuestro estado, se presentan los diversos destinos de Sinaloa, que en este caso fueron Ahome, Culiac\u00e1n y Mazatl\u00e1n, respectivamente.<\/p>\n<p>\u201cEstamos presentando el destino ante 200 agentes de viajes y meeting planners, que se dan cita para saborear los platillos m\u00e1s representativos de nuestra regi\u00f3n, con el toque particular de la cocina de Los Mochis y este evento nos conecta con las personas id\u00f3neas para seguir en el mapa tur\u00edstico como una opci\u00f3n ideal para vivir uno de los m\u00e1s imponentes viajes en el mundo, una gran aventura que es Los Mochis, la ruta del Chepe donde nuestro tesoro mejor guardado que es el mar de Cort\u00e9s, es Topolobampo y sus experiencias\u201d<\/p>\n<p>Ver\u00f3nica Medel subray\u00f3 la importancia de la conectividad a\u00e9rea que est\u00e1 en ascenso para nuestra ciudad de Los Mochis.<\/p>\n<p>\u201cEn esta ocasi\u00f3n exponemos la importancia de la conectividad de Los Mochis, su infraestructura y su capacidad de recepci\u00f3n, de viajes de placer, negocios, congresos, convenciones e incentivos\u201d, \u201cNuestro alcalde lo ha dejado muy claro, debemos aprovechar estos espacios para detonar la actividad tur\u00edstica del municipio, mostrar sus bellezas y seguir incentivando la actividad econ\u00f3mica de los Ahomenses\u201d, coment\u00f3.<\/p>\n<p>Por su parte la L\u00edder Comercial de Volaris M\u00e9xico, Nancy Galaviz, destac\u00f3 la buena relaci\u00f3n con Turismo y el Alcalde Gerardo Vargas , que sin duda han sido clave para el impulso y apertura de nuevos vuelos de la compa\u00f1\u00eda a la que representa.<\/p>\n<p>\u201cEstamos muy contentos de trabajar en alianza con Ahome Siempre hemos trabajado en la mano para la conectividad, ya tuvimos recientemente eventos en Tijuana, en CDMX, y pronto vamos a estar en Los Mochis para darles una buena noticia y seguir viendo de qu\u00e9 manera podemos llegar a conectar a los ciudadanos con otras regiones y ciudades para que vayan a visitar a la familia o cierran alg\u00fan negocio o simplemente se vayan de vacaciones\u201d, coment\u00f3 la L\u00edder comercial de Volaris M\u00e9xico.<\/p>\n<p>\u201cAgradecer al licenciado Gerardo Vargas, porque siempre nos ha abierto la puerta y ha estado dispuesto siempre a escucharnos y a negociar para hacer alianzas y muy contentos de trabajar a trav\u00e9s de \u00e9l\u201d, finaliz\u00f3.<\/p>\n","protected":false},"excerpt":{"rendered":"<p>En el marco del IBTM Americas 2024, en CDMX, Ahome presenta los principales atractivos tur\u00edsticos con los que se cuenta, ademas de posicionar a Los Mochis como una de los m\u00e1s importantes destinos del estado de Sinaloa y nacionales \u2026 Ciudad de M\u00e9xico, 21 de agosto de 2034.-\u00a0Por segundo a\u00f1o consecutivo el Municipio de Ahome a trav\u00e9s de la Direcci\u00f3n de Turismo, participan en IBTM Am\u00e9ricas 2024, evento l\u00edder en organizaci\u00f3n de congresos, convenciones y viajes de incentivos de Am\u00e9rica Latina, que re\u00fane a los proveedores y compradores de la industria de nuestro pa\u00eds. En dicho evento Ver\u00f3nica Medel Arce, [&hellip;]<\/p>\n","protected":false},"author":3,"featured_media":102034,"comment_status":"open","ping_status":"open","sticky":false,"template":"","format":"standard","meta":{"_jetpack_newsletter_access":"","_jetpack_dont_email_post_to_subs":false,"_jetpack_newsletter_tier_id":0,"_jetpack_memberships_contains_paywalled_content":false,"_jetpack_feature_clip_id":0,"_jetpack_memberships_contains_paid_content":false,"footnotes":"","jetpack_publicize_message":"\u201dGerardo Vargas siempre nos ha abierto las puertas para trabajar en conectividad\u201d; L\u00edder comercial de Volaris M\u00e9xico","jetpack_publicize_feature_enabled":true,"jetpack_social_post_already_shared":true,"jetpack_social_options":{"image_generator_settings":{"template":"highway","default_image_id":0,"font":"","enabled":false},"version":2},"jetpack_post_was_ever_published":false},"categories":[72,85],"tags":[],"class_list":["post-102033","post","type-post","status-publish","format-standard","has-post-thumbnail","hentry","category-portada","category-sinaloa-norte","post--single"],"jetpack_publicize_connections":[],"jetpack_featured_media_url":"https:\/\/ovelanalista.com\/wp-content\/uploads\/2024\/08\/Captura-de-Pantalla-2024-08-27-a-las-19.32.16.png","jetpack_sharing_enabled":true,"_links":{"self":[{"href":"https:\/\/ovelanalista.com\/index.php?rest_route=\/wp\/v2\/posts\/102033","targetHints":{"allow":["GET"]}}],"collection":[{"href":"https:\/\/ovelanalista.com\/index.php?rest_route=\/wp\/v2\/posts"}],"about":[{"href":"https:\/\/ovelanalista.com\/index.php?rest_route=\/wp\/v2\/types\/post"}],"author":[{"embeddable":true,"href":"https:\/\/ovelanalista.com\/index.php?rest_route=\/wp\/v2\/users\/3"}],"replies":[{"embeddable":true,"href":"https:\/\/ovelanalista.com\/index.php?rest_route=%2Fwp%2Fv2%2Fcomments&post=102033"}],"version-history":[{"count":1,"href":"https:\/\/ovelanalista.com\/index.php?rest_route=\/wp\/v2\/posts\/102033\/revisions"}],"predecessor-version":[{"id":102035,"href":"https:\/\/ovelanalista.com\/index.php?rest_route=\/wp\/v2\/posts\/102033\/revisions\/102035"}],"wp:featuredmedia":[{"embeddable":true,"href":"https:\/\/ovelanalista.com\/index.php?rest_route=\/wp\/v2\/media\/102034"}],"wp:attachment":[{"href":"https:\/\/ovelanalista.com\/index.php?rest_route=%2Fwp%2Fv2%2Fmedia&parent=102033"}],"wp:term":[{"taxonomy":"category","embeddable":true,"href":"https:\/\/ovelanalista.com\/index.php?rest_route=%2Fwp%2Fv2%2Fcategories&post=102033"},{"taxonomy":"post_tag","embeddable":true,"href":"https:\/\/ovelanalista.com\/index.php?rest_route=%2Fwp%2Fv2%2Ftags&post=102033"}],"curies":[{"name":"wp","href":"https:\/\/api.w.org\/{rel}","templated":true}]}}