{"id":102042,"date":"2024-08-27T22:24:30","date_gmt":"2024-08-28T04:24:30","guid":{"rendered":"https:\/\/ovelanalista.com\/?p=102042"},"modified":"2024-08-27T22:24:30","modified_gmt":"2024-08-28T04:24:30","slug":"viceconsul-agradece-a-gerardo-vargas-por-el-apoyo-a-guatemalteca-accidentada","status":"publish","type":"post","link":"https:\/\/ovelanalista.com\/?p=102042","title":{"rendered":"Vicec\u00f3nsul agradece a Gerardo Vargas por el apoyo a guatemalteca accidentada."},"content":{"rendered":"<p><strong><em>La funcionaria Edna Judith Vel\u00e1zquez L\u00f3pez se reuni\u00f3 con el Presidente Municipal de Ahome, con el fin de dar acompa\u00f1amiento a su compatriota\u2026<\/em><\/strong><\/p>\n<p><strong>Los Mochis, Ahome, Sinaloa, a 27 de Agosto del 2024.-\u00a0<\/strong>Por la atenci\u00f3n que se le brind\u00f3 a Cristi Fabiola, una mujer guatemalteca que sufri\u00f3 un accidente en semanas pasadas, la Vicec\u00f3nsul Edna Judith Vel\u00e1zquez L\u00f3pez se reuni\u00f3n con el Presidente Gerardo Octavio Vargas Landeros, a quien agradeci\u00f3 el apoyo que recibi\u00f3 su compatriota.<\/p>\n<p>\u201cElla vino a recoger a una se\u00f1ora, Cristi Fabiola, de origen guatemalteco, tuvo un accidente hace unas semanas en la carretera, ven\u00eda de Hermosillo, nos pidieron el auxilio, el apoyo al municipio de Ahome para darle toda la atenci\u00f3n m\u00e9dica y sufragar los gastos inherentes a ese accidente\u201d.<\/p>\n<p>El Alcalde destac\u00f3 que tras la petici\u00f3n, se le brind\u00f3 toda la atenci\u00f3n a la guatemalteca, quien tras el accidente fue trasladada al Hospital General.<\/p>\n<p>\u201cYa est\u00e1 en condiciones de poder transportarse v\u00eda a\u00e9rea a su pa\u00eds, a Guatemala, la Vicec\u00f3nsul Judith Vel\u00e1squez viene a darle el acompa\u00f1amiento, junto con el Instituto Nacional de Migraci\u00f3n, de aqu\u00ed del norte del Estado. As\u00ed que estamos cumpliendo en un sentido humano, d\u00e1ndole el valor a nuestras hermanas y hermanos migrantes\u201d.<\/p>\n<p>Mencion\u00f3 que la instrucci\u00f3n del Gobernador de Sinaloa, doctor Rub\u00e9n Rocha Moya es ser solidarios, y brindar el trato humano que se merecen.<\/p>\n<p>\u201cElla va pr\u00e1cticamente sana, recuperada, y a terminar su reposo en su pa\u00eds, en su casa, con sus hijas, es una se\u00f1ora muy joven, de 36 a\u00f1os\u201d, agreg\u00f3 Vargas Landeros.<\/p>\n","protected":false},"excerpt":{"rendered":"<p>La funcionaria Edna Judith Vel\u00e1zquez L\u00f3pez se reuni\u00f3 con el Presidente Municipal de Ahome, con el fin de dar acompa\u00f1amiento a su compatriota\u2026 Los Mochis, Ahome, Sinaloa, a 27 de Agosto del 2024.-\u00a0Por la atenci\u00f3n que se le brind\u00f3 a Cristi Fabiola, una mujer guatemalteca que sufri\u00f3 un accidente en semanas pasadas, la Vicec\u00f3nsul Edna Judith Vel\u00e1zquez L\u00f3pez se reuni\u00f3n con el Presidente Gerardo Octavio Vargas Landeros, a quien agradeci\u00f3 el apoyo que recibi\u00f3 su compatriota. \u201cElla vino a recoger a una se\u00f1ora, Cristi Fabiola, de origen guatemalteco, tuvo un accidente hace unas semanas en la carretera, ven\u00eda de Hermosillo, [&hellip;]<\/p>\n","protected":false},"author":3,"featured_media":102043,"comment_status":"open","ping_status":"open","sticky":false,"template":"","format":"standard","meta":{"_jetpack_newsletter_access":"","_jetpack_dont_email_post_to_subs":false,"_jetpack_newsletter_tier_id":0,"_jetpack_memberships_contains_paywalled_content":false,"_jetpack_feature_clip_id":0,"_jetpack_memberships_contains_paid_content":false,"footnotes":"","jetpack_publicize_message":"","jetpack_publicize_feature_enabled":true,"jetpack_social_post_already_shared":true,"jetpack_social_options":{"image_generator_settings":{"template":"highway","default_image_id":0,"font":"","enabled":false},"version":2},"jetpack_post_was_ever_published":false},"categories":[72,85],"tags":[],"class_list":["post-102042","post","type-post","status-publish","format-standard","has-post-thumbnail","hentry","category-portada","category-sinaloa-norte","post--single"],"jetpack_publicize_connections":[],"jetpack_featured_media_url":"https:\/\/ovelanalista.com\/wp-content\/uploads\/2024\/08\/Captura-de-Pantalla-2024-08-27-a-las-21.23.15.png","jetpack_sharing_enabled":true,"_links":{"self":[{"href":"https:\/\/ovelanalista.com\/index.php?rest_route=\/wp\/v2\/posts\/102042","targetHints":{"allow":["GET"]}}],"collection":[{"href":"https:\/\/ovelanalista.com\/index.php?rest_route=\/wp\/v2\/posts"}],"about":[{"href":"https:\/\/ovelanalista.com\/index.php?rest_route=\/wp\/v2\/types\/post"}],"author":[{"embeddable":true,"href":"https:\/\/ovelanalista.com\/index.php?rest_route=\/wp\/v2\/users\/3"}],"replies":[{"embeddable":true,"href":"https:\/\/ovelanalista.com\/index.php?rest_route=%2Fwp%2Fv2%2Fcomments&post=102042"}],"version-history":[{"count":1,"href":"https:\/\/ovelanalista.com\/index.php?rest_route=\/wp\/v2\/posts\/102042\/revisions"}],"predecessor-version":[{"id":102044,"href":"https:\/\/ovelanalista.com\/index.php?rest_route=\/wp\/v2\/posts\/102042\/revisions\/102044"}],"wp:featuredmedia":[{"embeddable":true,"href":"https:\/\/ovelanalista.com\/index.php?rest_route=\/wp\/v2\/media\/102043"}],"wp:attachment":[{"href":"https:\/\/ovelanalista.com\/index.php?rest_route=%2Fwp%2Fv2%2Fmedia&parent=102042"}],"wp:term":[{"taxonomy":"category","embeddable":true,"href":"https:\/\/ovelanalista.com\/index.php?rest_route=%2Fwp%2Fv2%2Fcategories&post=102042"},{"taxonomy":"post_tag","embeddable":true,"href":"https:\/\/ovelanalista.com\/index.php?rest_route=%2Fwp%2Fv2%2Ftags&post=102042"}],"curies":[{"name":"wp","href":"https:\/\/api.w.org\/{rel}","templated":true}]}}