{"id":102049,"date":"2024-08-28T09:47:02","date_gmt":"2024-08-28T15:47:02","guid":{"rendered":"https:\/\/ovelanalista.com\/?p=102049"},"modified":"2024-08-28T09:47:02","modified_gmt":"2024-08-28T15:47:02","slug":"el-turno-de-claudia-quien-manda-aqui","status":"publish","type":"post","link":"https:\/\/ovelanalista.com\/?p=102049","title":{"rendered":"El turno de Claudia \u00bfQui\u00e9n manda aqu\u00ed?"},"content":{"rendered":"<p>EN LA GRILLA<\/p>\n<p><strong>FRANCISCO CHIQUETE<\/strong><br \/>\nTodav\u00eda no es nada, pero la petici\u00f3n de Claudia Sheinbaum abri\u00f3 una rendija: pidi\u00f3 no dar fast track a la Reforma Judicial, cuya aprobaci\u00f3n estaba cantada para el mism\u00edsimo primero de septiembre. \u00bfQu\u00e9 pas\u00f3?: el desplome del peso y de la bolsa de valores parecen haber convencido a Andr\u00e9s Manuel L\u00f3pez Obrador y a Claudia para irse con m\u00e1s tiento.<br \/>\nLa l\u00ednea marcada por L\u00f3pez Obrador y respaldada invariablemente por la presidenta electa, era sacar la reforma a rajatabla. A AMLO no le import\u00f3 llevar al limite las tensiones con nuestros principales socios comerciales -Estados Unidos y Canad\u00e1- ni mucho menos le preocuparon el paro de los trabajadores del Poder Judicial o las advertencias de los expertos, mucho menos las opiniones de los partidos opositores.<br \/>\nSe lleg\u00f3 al extremo de convocar a los partidos aliados -o sat\u00e9lites- para que aprobaran el proyecto \u201ccomo un regalo para el presidente\u201d, y a nadie en Morena, el Verde y el PT le dio verg\u00fcenza asumirse como parte del obsequio, a\u00fan a sabiendas de que con ello ponen en riesgo a la Rep\u00fablica.<br \/>\nYa despu\u00e9s de la elecci\u00f3n, Claudia dijo que no hab\u00eda prisa para aprobar la reforma, que se pod\u00eda seguir dialogando para informar y convencer a la sociedad, pero el Se\u00f1or Presidente dijo desde su p\u00falpito que no, que se deb\u00eda hacer la aprobaci\u00f3n de inmediato, y de ah\u00ed surgi\u00f3 el cronograma que establec\u00eda el primero de septiembre, primero de actividades de la nueva legislatura, como fecha para dar vida a la malhadada reforma.<br \/>\nNormalmente el primero de septiembre hay una sesi\u00f3n conjunta de las dos c\u00e1maras, para dar curso al informe del presidente en turno y s\u00f3lo hasta los d\u00edas posteriores se empieza a desahogar la agenda legislativa. Esta vez se iba a convocar a una segunda sesi\u00f3n para hacer la rforma.<br \/>\nAyer sin embargo, hubo un encuentro entre el presidente saliente y la entrante, junto con el actual secretario de Hacienda, que va a repetir. Oficialmente era para analizar el presupuesto del a\u00f1o pr\u00f3ximo. Poco despu\u00e9s del encuentro, Ricardo Monreal, futuro coordinador de los diputados morenistas, dio a conocer la petici\u00f3n de Claudia: no aprobar la iniciativa el d\u00eda primero, sino respetar los tiempos del procedimiento, ampliar el espacio del di\u00e1logo e informar a la sociedad \u201clo que estamos aprobando\u201d.<br \/>\nPor grave que sea la situaci\u00f3n L\u00f3pez Obrador no va a cejar en su empe\u00f1o de destruir a la Corte, ni Claudia va a cambiar sus apoyos irrestrictos al proyecto de la Cuarta Transformaci\u00f3n y su segundo piso, pero por muy poderosa que sea Morena, con la realidad econ\u00f3mica no se puede.<br \/>\nEl presidente dijo por la ma\u00f1ana que el deslizamiento del peso no ten\u00eda qu\u00e9 ver con la reforma sino con la din\u00e1mica econ\u00f3mica del mundo. Lo mismo dijo la se\u00f1ora Sheinbaum, s\u00f3lo para hacer cuatro horas despu\u00e9s. la petici\u00f3n de ir con tiento ante los vendavales. Por lo visto, las discrepancias con Estados Unidos y Canad\u00e1 a causa de la inminente reforma, s\u00ed son consideradas como parte de nuestro problema econ\u00f3mico.<br \/>\nEsta es una gran oportunidad para Claudia, la misma que vio L\u00f3pez Obrador en el proyectado Aeropuerto de la Ciudad de M\u00e9xico: \u00e9l nunci\u00f3 su cancelaci\u00f3n poniendo detr\u00e1s suyo un libro cuyo lomo preguntaba \u201c\u00bfQui\u00e9n manda aqu\u00ed?\u201d<br \/>\nEste puede ser el momento equivalente para Claudia Sheinbaum. Desde que pas\u00f3 la elecci\u00f3n, no ha hecho otra cosa que atender las indicaciones del presidente, quien se dio el lujo de fijarle agenda, decidir los viajes conjuntos, prolongarlos incluso despu\u00e9s de anunciado su fin y por supuesto, recomendar p\u00fablicamente a futuros funcionarios y mantener las indicaciones de la agenda legislativa que present\u00f3 el cinco de febrero.<br \/>\nClaudia no necesita poner un libro como escenograf\u00eda, le basta con abrirse al di\u00e1logo sobre temas tan trascendentes como la reforma judicial, la desaparici\u00f3n de los organismos aut\u00f3nomos, y por supuesto, la condici\u00f3n de la econom\u00eda.<br \/>\nLa presidenta no puede seguir asumiendo criterios tan rupestres como la autarqu\u00eda de un de un pa\u00eds lleno de compromisos internacionales y convenios que tienen tanta validez como nuestras propias leyes. El mundo no es como lo imagina L\u00f3pez Obrador ni el pa\u00eds puede ponerse en riesgo por los temperamentos de un se\u00f1or que a la menor provocaci\u00f3n genera conflictos diplom\u00e1ticos.<br \/>\nAMLO reacciona ante las presiones internacionales como lo hizo el ala izquierda del gabinete de otro L\u00f3pez, Jos\u00e9 L\u00f3pez Portillo, quienes ante la ca\u00edda del precio internacional del petr\u00f3leo decidieron \u00a1subir el precio! Por supuesto nadie nos quiso comprar y se precipit\u00f3 una de nuestras m\u00e1s espantosas crisis econ\u00f3mica, que dur\u00f3 nueve a\u00f1os y se reedit\u00f3 a la llegada de Ernesto Zedillo.<br \/>\nDespu\u00e9s de todo lo que ha hecho L\u00f3pez Obrador, todos estamos preparados para cantar el r\u00e9quiem por la Suprema Corte. Recen quienes lo hagan de coraz\u00f3n, para que el de la se\u00f1or&lt; Sheinbaum se conmueva ante los riesgos que est\u00e1 viviendo el pa\u00eds.<\/p>\n","protected":false},"excerpt":{"rendered":"<p>EN LA GRILLA FRANCISCO CHIQUETE Todav\u00eda no es nada, pero la petici\u00f3n de Claudia Sheinbaum abri\u00f3 una rendija: pidi\u00f3 no dar fast track a la Reforma Judicial, cuya aprobaci\u00f3n estaba cantada para el mism\u00edsimo primero de septiembre. \u00bfQu\u00e9 pas\u00f3?: el desplome del peso y de la bolsa de valores parecen haber convencido a Andr\u00e9s Manuel L\u00f3pez Obrador y a Claudia para irse con m\u00e1s tiento. La l\u00ednea marcada por L\u00f3pez Obrador y respaldada invariablemente por la presidenta electa, era sacar la reforma a rajatabla. A AMLO no le import\u00f3 llevar al limite las tensiones con nuestros principales socios comerciales -Estados [&hellip;]<\/p>\n","protected":false},"author":3,"featured_media":35222,"comment_status":"open","ping_status":"open","sticky":false,"template":"","format":"standard","meta":{"_jetpack_newsletter_access":"","_jetpack_dont_email_post_to_subs":false,"_jetpack_newsletter_tier_id":0,"_jetpack_memberships_contains_paywalled_content":false,"_jetpack_feature_clip_id":0,"_jetpack_memberships_contains_paid_content":false,"footnotes":"","jetpack_publicize_message":"","jetpack_publicize_feature_enabled":true,"jetpack_social_post_already_shared":true,"jetpack_social_options":{"image_generator_settings":{"template":"highway","default_image_id":0,"font":"","enabled":false},"version":2},"jetpack_post_was_ever_published":false},"categories":[79],"tags":[],"class_list":["post-102049","post","type-post","status-publish","format-standard","has-post-thumbnail","hentry","category-columnistas-nacionales","post--single"],"jetpack_publicize_connections":[],"jetpack_featured_media_url":"https:\/\/ovelanalista.com\/wp-content\/uploads\/2022\/05\/chiquete.png","jetpack_sharing_enabled":true,"_links":{"self":[{"href":"https:\/\/ovelanalista.com\/index.php?rest_route=\/wp\/v2\/posts\/102049","targetHints":{"allow":["GET"]}}],"collection":[{"href":"https:\/\/ovelanalista.com\/index.php?rest_route=\/wp\/v2\/posts"}],"about":[{"href":"https:\/\/ovelanalista.com\/index.php?rest_route=\/wp\/v2\/types\/post"}],"author":[{"embeddable":true,"href":"https:\/\/ovelanalista.com\/index.php?rest_route=\/wp\/v2\/users\/3"}],"replies":[{"embeddable":true,"href":"https:\/\/ovelanalista.com\/index.php?rest_route=%2Fwp%2Fv2%2Fcomments&post=102049"}],"version-history":[{"count":1,"href":"https:\/\/ovelanalista.com\/index.php?rest_route=\/wp\/v2\/posts\/102049\/revisions"}],"predecessor-version":[{"id":102050,"href":"https:\/\/ovelanalista.com\/index.php?rest_route=\/wp\/v2\/posts\/102049\/revisions\/102050"}],"wp:featuredmedia":[{"embeddable":true,"href":"https:\/\/ovelanalista.com\/index.php?rest_route=\/wp\/v2\/media\/35222"}],"wp:attachment":[{"href":"https:\/\/ovelanalista.com\/index.php?rest_route=%2Fwp%2Fv2%2Fmedia&parent=102049"}],"wp:term":[{"taxonomy":"category","embeddable":true,"href":"https:\/\/ovelanalista.com\/index.php?rest_route=%2Fwp%2Fv2%2Fcategories&post=102049"},{"taxonomy":"post_tag","embeddable":true,"href":"https:\/\/ovelanalista.com\/index.php?rest_route=%2Fwp%2Fv2%2Ftags&post=102049"}],"curies":[{"name":"wp","href":"https:\/\/api.w.org\/{rel}","templated":true}]}}