{"id":102054,"date":"2024-08-28T10:00:20","date_gmt":"2024-08-28T16:00:20","guid":{"rendered":"https:\/\/ovelanalista.com\/?p=102054"},"modified":"2024-08-28T09:55:57","modified_gmt":"2024-08-28T15:55:57","slug":"a-fuerzas-ni-los-zapatos-2","status":"publish","type":"post","link":"https:\/\/ovelanalista.com\/?p=102054","title":{"rendered":"A fuerzas, ni los zapatos"},"content":{"rendered":"<p style=\"font-weight: 100;\">Entre Veredas<\/p>\n<p style=\"font-weight: 100;\"><strong>Marco Antonio Liz\u00e1rraga<\/strong><\/p>\n<p style=\"font-weight: 100;\">\u201cNo vayas contra lo que es justo para conseguir el elogio de los dem\u00e1s\u201d. Lao-ts\u00e9<\/p>\n<p style=\"font-weight: 100;\">EN PIE DE GUERRA<\/p>\n<p style=\"font-weight: 100;\">La Universidad Aut\u00f3noma de Sinaloa (UAS) ha marcado un claro posicionamiento en defensa de su autonom\u00eda frente a la LXIV Legislatura del Congreso del Estado de Sinaloa.<\/p>\n<p style=\"font-weight: 100;\">En un reciente pronunciamiento, el Encargado del Despacho de Rector\u00eda, doctor Robespierre Liz\u00e1rraga Otero, critic\u00f3 la gesti\u00f3n legislativa respecto a la Ley Estatal de Educaci\u00f3n Superior, subrayando la falta de respuesta a las solicitudes de modificaci\u00f3n de la UAS y acusando a los diputados de centrarse en ataques pol\u00edticos en lugar de colaborar constructivamente con la instituci\u00f3n.<\/p>\n<p style=\"font-weight: 100;\">Liz\u00e1rraga Otero enfatiz\u00f3 que los legisladores no lograron construir acuerdos ni abordar adecuadamente las reformas necesarias durante su mandato, lo que, seg\u00fan \u00e9l, ha dejado a la universidad en una posici\u00f3n vulnerable.<\/p>\n<p style=\"font-weight: 100;\">La UAS, sin embargo, ha mantenido su compromiso con la calidad educativa y la defensa de su autonom\u00eda, prepar\u00e1ndose para recibir a m\u00e1s de 170,000 estudiantes en todo el estado y reafirmando su papel como la principal instituci\u00f3n educativa en Sinaloa.<\/p>\n<p style=\"font-weight: 100;\">En un evento que marc\u00f3 el inicio del Ciclo Escolar 2024-2025, la UAS volvi\u00f3 a reafirmar su resistencia a cualquier intromisi\u00f3n que pueda vulnerar su autonom\u00eda.<\/p>\n<p style=\"font-weight: 100;\">Durante la inauguraci\u00f3n, Liz\u00e1rraga Otero destac\u00f3 que la universidad no permitir\u00e1 ninguna interferencia pol\u00edtica y que continuar\u00e1 defendiendo su independencia.<\/p>\n<p style=\"font-weight: 100;\">Este mensaje se alinea con la postura firme de la UAS frente a los recientes desaf\u00edos legislativos, que incluyeron ataques medi\u00e1ticos y la intervenci\u00f3n ilegal de la Auditor\u00eda Superior del Estado.<\/p>\n<p style=\"font-weight: 100;\">El evento de inauguraci\u00f3n, que cont\u00f3 con la presencia de destacados invitados como el medallista ol\u00edmpico Marco Alonso Verde \u00c1lvarez, as\u00ed como funcionarios universitarios y representantes del sector empresarial, celebr\u00f3 el recibimiento de aproximadamente 130,000 estudiantes de reingreso y 50,000 de nuevo ingreso.<\/p>\n<p style=\"font-weight: 100;\">Liz\u00e1rraga Otero resalt\u00f3 el compromiso de la universidad con la formaci\u00f3n de nuevos profesionales y la importancia de defender su autonom\u00eda para asegurar una educaci\u00f3n de calidad.<\/p>\n<p style=\"font-weight: 100;\">Liz\u00e1rraga Otero tambi\u00e9n hizo hincapi\u00e9 en la trayectoria hist\u00f3rica y los valores de la UAS, mencionando que la instituci\u00f3n sigue siendo un referente de excelencia acad\u00e9mica y compromiso social, a pesar de los desaf\u00edos enfrentados.<\/p>\n<p style=\"font-weight: 100;\">Destac\u00f3 que la universidad continuar\u00e1 avanzando con unidad y determinaci\u00f3n, a pesar de las turbulencias y los ataques a su autonom\u00eda.<\/p>\n<p style=\"font-weight: 100;\">En resumen, la UAS ha utilizado la inauguraci\u00f3n del ciclo escolar para reiterar su firme postura en defensa de su autonom\u00eda y para celebrar el inicio de un nuevo a\u00f1o acad\u00e9mico con un enfoque en la excelencia educativa.<\/p>\n<p style=\"font-weight: 100;\">La universidad se mantiene firme en su misi\u00f3n de ofrecer una educaci\u00f3n de alta calidad, enfrentando los desaf\u00edos pol\u00edticos con determinaci\u00f3n y un compromiso inquebrantable con sus principios fundamentales.<\/p>\n<p style=\"font-weight: 100;\">EN VEREMOS<\/p>\n<p style=\"font-weight: 100;\">El Consejo Municipal Electoral de Navolato llev\u00f3 a cabo el recuento de votos para la elecci\u00f3n de presidente municipal, en cumplimiento de una demanda presentada por el partido Morena.<\/p>\n<p style=\"font-weight: 100;\">Sin embargo, el secretario general de Morena, Manuel de Jes\u00fas Verdugo Guerrero, aclar\u00f3 que este procedimiento no define el resultado final de la elecci\u00f3n, ya que la resoluci\u00f3n definitiva depender\u00e1 de la Sala Superior de Guadalajara.<\/p>\n<p style=\"font-weight: 100;\">Verdugo Guerrero explic\u00f3 que el recuento realizado en Navolato, aunque importante para aclarar discrepancias en las casillas, solo representa una parte del proceso de impugnaci\u00f3n.<\/p>\n<p style=\"font-weight: 100;\">Seg\u00fan el dirigente de Morena, este ejercicio no determina a\u00fan qui\u00e9n ha ganado la elecci\u00f3n, sino que es solo una etapa dentro de un proceso m\u00e1s amplio.<\/p>\n<p style=\"font-weight: 100;\">La decisi\u00f3n final sobre el resultado electoral ser\u00e1 tomada por el Tribunal Electoral del Estado de Sinaloa (Teesin), que est\u00e1 revisando el expediente relacionado con la impugnaci\u00f3n y otros agravios.<\/p>\n<p style=\"font-weight: 100;\">El dirigente de Morena subray\u00f3 que el Teesin est\u00e1 actualmente estudiando el caso bajo la supervisi\u00f3n del magistrado Luis Alfredo Santana Barraza.<\/p>\n<p style=\"font-weight: 100;\">La impugnaci\u00f3n podr\u00eda llevar a la anulaci\u00f3n de algunas casillas y el recuento podr\u00eda incluir el c\u00f3mputo de un paquete de 29 votos que fue depositado err\u00f3neamente con el material electoral federal en la Ciudad de Guam\u00fachil y recuperado d\u00edas despu\u00e9s.<\/p>\n<p style=\"font-weight: 100;\">Verdugo Guerrero asegur\u00f3 que, aunque el recuento realizado en Navolato ha reducido la diferencia entre los candidatos, no resuelve la cuesti\u00f3n de qui\u00e9n ha ganado la elecci\u00f3n.<\/p>\n<p style=\"font-weight: 100;\">Morena se mantiene tranquilo y espera que las instancias electorales resuelvan el proceso de manera definitiva.<\/p>\n<p style=\"font-weight: 100;\">CASI HUMO BLANCO<\/p>\n<p style=\"font-weight: 100;\">Los tres aspirantes a la titularidad de la Fiscal\u00eda General del Estado de Sinaloa comparecieron ante la Comisi\u00f3n de Puntos Constitucionales y Gobernaci\u00f3n del Congreso del Estado. Este proceso forma parte de la selecci\u00f3n del nuevo fiscal general, tras la renuncia de Sara Bruna Qui\u00f1\u00f3nez Estrada. Durante las comparecencias, cada aspirante present\u00f3 su programa de trabajo y sus credenciales ante la Comisi\u00f3n.<\/p>\n<p style=\"font-weight: 100;\">La terna de aspirantes se present\u00f3 en el siguiente orden: Claudia Zulema S\u00e1nchez Kondo, D\u00e1maso Castro Zaavedra y M\u00f3nica Cecilia Luna Barrientos. Cada uno tuvo hasta 20 minutos para exponer su proyecto y justificar su idoneidad para el cargo. Posteriormente, respondieron a tres preguntas preelaboradas, seleccionadas al azar, con un l\u00edmite de 10 minutos para cada respuesta<\/p>\n<p style=\"font-weight: 100;\">Los miembros de la Comisi\u00f3n de Puntos Constitucionales y Gobernaci\u00f3n, que incluyen a Gloria Himelda F\u00e9lix Niebla (presidenta), Ricardo Madrid P\u00e9rez (secretario), Luz Mar\u00eda Torres Noriega, C\u00e9sar Ismael Guerrero Alarc\u00f3n y Ver\u00f3nica Guadalupe B\u00e1tiz Acosta (vocales), evaluar\u00e1n a los candidatos en base a criterios como el dominio del tema, la claridad y estructura de sus argumentos, la capacidad de s\u00edntesis y la congruencia con los principios constitucionales en materia de seguridad p\u00fablica y procuraci\u00f3n de justicia.<\/p>\n<p style=\"font-weight: 100;\">Las comparecencias fueron p\u00fablicas y transmitidas en vivo a trav\u00e9s de las plataformas digitales del Congreso.<\/p>\n<p style=\"font-weight: 100;\">Una vez concluida esta etapa, la Comisi\u00f3n reanudar\u00e1 su sesi\u00f3n para emitir un dictamen sobre el proceso de selecci\u00f3n del nuevo fiscal general.<\/p>\n<p style=\"font-weight: 100;\">Pero, de una vez le adelantamos que en la FGE ser\u00e1 D\u00e1maso Castro\u2026<\/p>\n<p style=\"font-weight: 100;\"><a href=\"mailto:mlizarraga1@entreveredas.com.mx\">mlizarraga1@entreveredas.com.mx<\/a><\/p>\n<p style=\"font-weight: 100;\">Facebook, Instagram y X: PeriodistaMarco<\/p>\n","protected":false},"excerpt":{"rendered":"<p>Entre Veredas Marco Antonio Liz\u00e1rraga \u201cNo vayas contra lo que es justo para conseguir el elogio de los dem\u00e1s\u201d. Lao-ts\u00e9 EN PIE DE GUERRA La Universidad Aut\u00f3noma de Sinaloa (UAS) ha marcado un claro posicionamiento en defensa de su autonom\u00eda frente a la LXIV Legislatura del Congreso del Estado de Sinaloa. En un reciente pronunciamiento, el Encargado del Despacho de Rector\u00eda, doctor Robespierre Liz\u00e1rraga Otero, critic\u00f3 la gesti\u00f3n legislativa respecto a la Ley Estatal de Educaci\u00f3n Superior, subrayando la falta de respuesta a las solicitudes de modificaci\u00f3n de la UAS y acusando a los diputados de centrarse en ataques pol\u00edticos [&hellip;]<\/p>\n","protected":false},"author":3,"featured_media":3079,"comment_status":"open","ping_status":"open","sticky":false,"template":"","format":"standard","meta":{"_jetpack_newsletter_access":"","_jetpack_dont_email_post_to_subs":false,"_jetpack_newsletter_tier_id":0,"_jetpack_memberships_contains_paywalled_content":false,"_jetpack_feature_clip_id":0,"_jetpack_memberships_contains_paid_content":false,"footnotes":"","jetpack_publicize_message":"","jetpack_publicize_feature_enabled":true,"jetpack_social_post_already_shared":true,"jetpack_social_options":{"image_generator_settings":{"template":"highway","default_image_id":0,"font":"","enabled":false},"version":2},"jetpack_post_was_ever_published":false},"categories":[79],"tags":[],"class_list":["post-102054","post","type-post","status-publish","format-standard","has-post-thumbnail","hentry","category-columnistas-nacionales","post--single"],"jetpack_publicize_connections":[],"jetpack_featured_media_url":"https:\/\/ovelanalista.com\/wp-content\/uploads\/2021\/09\/MARCO-ANTONIO-LIZARRAGA.png","jetpack_sharing_enabled":true,"_links":{"self":[{"href":"https:\/\/ovelanalista.com\/index.php?rest_route=\/wp\/v2\/posts\/102054","targetHints":{"allow":["GET"]}}],"collection":[{"href":"https:\/\/ovelanalista.com\/index.php?rest_route=\/wp\/v2\/posts"}],"about":[{"href":"https:\/\/ovelanalista.com\/index.php?rest_route=\/wp\/v2\/types\/post"}],"author":[{"embeddable":true,"href":"https:\/\/ovelanalista.com\/index.php?rest_route=\/wp\/v2\/users\/3"}],"replies":[{"embeddable":true,"href":"https:\/\/ovelanalista.com\/index.php?rest_route=%2Fwp%2Fv2%2Fcomments&post=102054"}],"version-history":[{"count":1,"href":"https:\/\/ovelanalista.com\/index.php?rest_route=\/wp\/v2\/posts\/102054\/revisions"}],"predecessor-version":[{"id":102055,"href":"https:\/\/ovelanalista.com\/index.php?rest_route=\/wp\/v2\/posts\/102054\/revisions\/102055"}],"wp:featuredmedia":[{"embeddable":true,"href":"https:\/\/ovelanalista.com\/index.php?rest_route=\/wp\/v2\/media\/3079"}],"wp:attachment":[{"href":"https:\/\/ovelanalista.com\/index.php?rest_route=%2Fwp%2Fv2%2Fmedia&parent=102054"}],"wp:term":[{"taxonomy":"category","embeddable":true,"href":"https:\/\/ovelanalista.com\/index.php?rest_route=%2Fwp%2Fv2%2Fcategories&post=102054"},{"taxonomy":"post_tag","embeddable":true,"href":"https:\/\/ovelanalista.com\/index.php?rest_route=%2Fwp%2Fv2%2Ftags&post=102054"}],"curies":[{"name":"wp","href":"https:\/\/api.w.org\/{rel}","templated":true}]}}