{"id":102069,"date":"2024-08-28T10:10:40","date_gmt":"2024-08-28T16:10:40","guid":{"rendered":"https:\/\/ovelanalista.com\/?p=102069"},"modified":"2024-08-28T10:07:22","modified_gmt":"2024-08-28T16:07:22","slug":"la-costumbre-del-poder-rio-sonora-letrina-de-german-larrea-la-republica-es-el-inodoro-de-amlo","status":"publish","type":"post","link":"https:\/\/ovelanalista.com\/?p=102069","title":{"rendered":"La Costumbre del Poder: R\u00edo Sonora, letrina de Germ\u00e1n Larrea; la Rep\u00fablica es el inodoro de AMLO"},"content":{"rendered":"<p><strong>* Conoc\u00ed a Jorge Larrea durante la gira pol\u00edtica de Luis Echeverr\u00eda \u00c1lvarez. Era un hombre discreto, educado, deseoso de mostrar que sab\u00eda del cuidado de las formas. Germ\u00e1n muestran lo que es con su f\u00edsico, su actitud, su desprecio a los que ni siquiera sue\u00f1an en vivir como \u00e9l. Ahora me doy cuenta, es cierto: Dios los hace y ellos se juntan. Germ\u00e1n Larrea y Andr\u00e9s Manuel L\u00f3pez Obrador son id\u00e9nticos, tienen las mismas intenciones: usar a M\u00e9xico de letrina personal<\/strong><\/p>\n<p><strong>Gregorio Ortega Molina<\/strong><\/p>\n<p>&nbsp;<\/p>\n<p>El cristianismo determin\u00f3 el comportamiento moral, \u00e9tico y afectivo de Occidente durante 20 siglos, pero hay anuncios claros de que esto empez\u00f3 a modificarse hace decenios, como se muestra en las manifestaciones culturales, pol\u00edticas y sociales.<\/p>\n<p>No s\u00e9 de nadie que hoy est\u00e9 dispuesto a despojarse de su abrigo para darlo al indigente, o de su \u00faltimo bocado para compartir con el hambriento. El modelo de desarrollo y la exigencia de conocimientos modifican comportamientos y conductas. La publicidad, la imagen, el tiempo real, la IA, abrieron las puertas a la concupiscencia y la codicia. Nada de abrazar al enemigo y ni siquiera voltear a ver la mujer del pr\u00f3jimo. Es el mundo de todos contra todos en los \u00e1mbitos econ\u00f3mico y social.<\/p>\n<p>Imposible explicarse la conducta de Germ\u00e1n Larrea -y otros plut\u00f3cratas- en su trato con los mexicanos, incluidos los gobernantes, ya no digamos sus empleados, por ello nada podemos esperar de la manera en que pueda considerar el cuidado, la preservaci\u00f3n del medio ambiente, porque es un depredador al que la naturaleza dej\u00f3 de importarle, para \u00e9l lo \u00fanico de valor es su dinero, lo que puede obtener de las minas, extraer de la tierra.<\/p>\n<p>La contaminaci\u00f3n que produce, las enfermedades y contagios propiciados porque se sirve de las aguas del r\u00edo Sonora, a nadie le importan, confi\u00f3 su coraz\u00f3n -pero no su dinero- a la 4T, pues lo que cuenta son las complicidades, y por ello mismo permiti\u00f3 que lo segregaran cuando dese\u00f3 quedarse con la operaci\u00f3n de Banamex en M\u00e9xico. Unas por otras, reza el dicho, aunque en este caso no fue ni para Dios ni para el Diablo, pues Andr\u00e9s Manuel L\u00f3pez Obrador -disfrazando su codicia- intent\u00f3 conservarla para esta naci\u00f3n, cuando con lo que deseaba dormir el presidente del M\u00e9xico bueno y sabio, era con el sentimiento de ser propietario del fondo cultural de esa instituci\u00f3n bancaria.<\/p>\n<p>Conoc\u00ed a Jorge Larrea durante la gira pol\u00edtica de Luis Echeverr\u00eda \u00c1lvarez. Custodiado en todo momento por Antonio Llanes,\u00a0<strong><em>El Junior<\/em><\/strong>, quien no permit\u00eda que ni el aire lo despeinara. Era un hombre discreto, educado, deseoso de mostrar que sab\u00eda del cuidado de las formas. Germ\u00e1n muestra lo que es con su f\u00edsico, su actitud, su desprecio a los que ni siquiera sue\u00f1an en vivir como \u00e9l.<\/p>\n<p>Ahora me doy cuenta, es cierto: Dios los hace y ellos se juntan. Germ\u00e1n Larrea y Andr\u00e9s Manuel L\u00f3pez Obrador son id\u00e9nticos, tienen las mismas intenciones: usar a M\u00e9xico de letrina personal.<\/p>\n<p><a href=\"http:\/\/www.gregorioortega.blog\/\">www.gregorioortega.blog<\/a><br \/>\n@OrtegaGregorio<\/p>\n","protected":false},"excerpt":{"rendered":"<p>* Conoc\u00ed a Jorge Larrea durante la gira pol\u00edtica de Luis Echeverr\u00eda \u00c1lvarez. Era un hombre discreto, educado, deseoso de mostrar que sab\u00eda del cuidado de las formas. Germ\u00e1n muestran lo que es con su f\u00edsico, su actitud, su desprecio a los que ni siquiera sue\u00f1an en vivir como \u00e9l. Ahora me doy cuenta, es cierto: Dios los hace y ellos se juntan. Germ\u00e1n Larrea y Andr\u00e9s Manuel L\u00f3pez Obrador son id\u00e9nticos, tienen las mismas intenciones: usar a M\u00e9xico de letrina personal Gregorio Ortega Molina &nbsp; El cristianismo determin\u00f3 el comportamiento moral, \u00e9tico y afectivo de Occidente durante 20 siglos, [&hellip;]<\/p>\n","protected":false},"author":3,"featured_media":91773,"comment_status":"open","ping_status":"open","sticky":false,"template":"","format":"standard","meta":{"_jetpack_newsletter_access":"","_jetpack_dont_email_post_to_subs":false,"_jetpack_newsletter_tier_id":0,"_jetpack_memberships_contains_paywalled_content":false,"_jetpack_feature_clip_id":0,"_jetpack_memberships_contains_paid_content":false,"footnotes":"","jetpack_publicize_message":"","jetpack_publicize_feature_enabled":true,"jetpack_social_post_already_shared":true,"jetpack_social_options":{"image_generator_settings":{"template":"highway","default_image_id":0,"font":"","enabled":false},"version":2},"jetpack_post_was_ever_published":false},"categories":[79],"tags":[],"class_list":["post-102069","post","type-post","status-publish","format-standard","has-post-thumbnail","hentry","category-columnistas-nacionales","post--single"],"jetpack_publicize_connections":[],"jetpack_featured_media_url":"https:\/\/ovelanalista.com\/wp-content\/uploads\/2024\/03\/Gregorio-Ortega-Molina.jpeg","jetpack_sharing_enabled":true,"_links":{"self":[{"href":"https:\/\/ovelanalista.com\/index.php?rest_route=\/wp\/v2\/posts\/102069","targetHints":{"allow":["GET"]}}],"collection":[{"href":"https:\/\/ovelanalista.com\/index.php?rest_route=\/wp\/v2\/posts"}],"about":[{"href":"https:\/\/ovelanalista.com\/index.php?rest_route=\/wp\/v2\/types\/post"}],"author":[{"embeddable":true,"href":"https:\/\/ovelanalista.com\/index.php?rest_route=\/wp\/v2\/users\/3"}],"replies":[{"embeddable":true,"href":"https:\/\/ovelanalista.com\/index.php?rest_route=%2Fwp%2Fv2%2Fcomments&post=102069"}],"version-history":[{"count":1,"href":"https:\/\/ovelanalista.com\/index.php?rest_route=\/wp\/v2\/posts\/102069\/revisions"}],"predecessor-version":[{"id":102070,"href":"https:\/\/ovelanalista.com\/index.php?rest_route=\/wp\/v2\/posts\/102069\/revisions\/102070"}],"wp:featuredmedia":[{"embeddable":true,"href":"https:\/\/ovelanalista.com\/index.php?rest_route=\/wp\/v2\/media\/91773"}],"wp:attachment":[{"href":"https:\/\/ovelanalista.com\/index.php?rest_route=%2Fwp%2Fv2%2Fmedia&parent=102069"}],"wp:term":[{"taxonomy":"category","embeddable":true,"href":"https:\/\/ovelanalista.com\/index.php?rest_route=%2Fwp%2Fv2%2Fcategories&post=102069"},{"taxonomy":"post_tag","embeddable":true,"href":"https:\/\/ovelanalista.com\/index.php?rest_route=%2Fwp%2Fv2%2Ftags&post=102069"}],"curies":[{"name":"wp","href":"https:\/\/api.w.org\/{rel}","templated":true}]}}