{"id":102312,"date":"2024-08-29T16:45:37","date_gmt":"2024-08-29T22:45:37","guid":{"rendered":"https:\/\/ovelanalista.com\/?p=102312"},"modified":"2024-08-29T14:43:22","modified_gmt":"2024-08-29T20:43:22","slug":"barra-mexicana-de-abogados-expresa-preocupacion-por-desaparicion-del-inai-2","status":"publish","type":"post","link":"https:\/\/ovelanalista.com\/?p=102312","title":{"rendered":"Barra Mexicana de Abogados expresa preocupaci\u00f3n por desaparici\u00f3n del Inai"},"content":{"rendered":"<p>La Barra Mexicana de Abogados asegur\u00f3 que el Inai cumple funciones esenciales para la vida democr\u00e1tica del pa\u00eds.<\/p>\n<p>La\u00a0<strong>Barra Mexicana, Colegio de Abogados, A.C.<\/strong>\u00a0(BMA) extern\u00f3\u00a0<strong>preocupaci\u00f3n<\/strong>\u00a0por la reforma que plantea la\u00a0<strong>desaparici\u00f3n<\/strong>\u00a0del\u00a0<strong>Instituto Nacional de Transparencia<\/strong>, Acceso a la Informaci\u00f3n y Protecci\u00f3n de Datos Personales (Inai).<\/p>\n<p>En un comunicado, asegur\u00f3 que el Inai cumple funciones esenciales para la vida democr\u00e1tica del pa\u00eds.<\/p>\n<p>https:\/\/x.com\/BMA_Abogados\/status\/1829114572839465454?ref_src=twsrc%5Etfw%7Ctwcamp%5Etweetembed%7Ctwterm%5E1829114572839465454%7Ctwgr%5E501b29eb8635a06879b6c1ced617eede2cb7a782%7Ctwcon%5Es1_&#038;ref_url=https%3A%2F%2Flopezdoriga.com%2Fnacional%2Fbarra-mexicana-abogados-expresa-preocupacion-desaparicion-inai%2F<\/p>\n<p>&nbsp;<\/p>\n<p>Detall\u00f3 que velar por la\u00a0<strong>transparencia<\/strong>\u00a0y la\u00a0<strong>protecci\u00f3n de datos personales<\/strong>\u00a0no puede delegarse al Gobierno Federal porque se eliminar\u00edan la imparcialidad y los contrapesos institucionales.<\/p>\n<blockquote><p>La autonom\u00eda del Inai es una conquista de la sociedad civil\u2026 Eliminar este organismo ser\u00eda un atentado contra el derecho a la transparencia, la informaci\u00f3n p\u00fablica y contra el principio elemental de la rendici\u00f3n de cuentas en un r\u00e9gimen democr\u00e1tico\u201d, sentenci\u00f3.<\/p><\/blockquote>\n<p>La\u00a0<strong>Barra Mexicana de Abogados<\/strong>\u00a0se\u00f1al\u00f3 adem\u00e1s que eliminar al Inai contravendr\u00eda los est\u00e1ndares internacionales, los cuales requieren la existencia de un<strong>\u00a0\u00f3rgano de supervisi\u00f3n aut\u00f3nomo<\/strong>\u00a0y especializado encargado de promover la implementaci\u00f3n de la legislaci\u00f3n en materia de acceso a la informaci\u00f3n p\u00fablica.<\/p>\n<div id=\"ros-inread-multiple-vihp06\" class=\"ad-container dfp-ad-unit ad-inread ad-slot\" data-ad-type=\"inreadbox\" data-slot=\"inread-multiple\" data-ad-loaded=\"1\" data-ad-setup=\"{&quot;postID&quot;:1647267,&quot;canRefresh&quot;:false,&quot;infinitescroll&quot;:false}\" data-google-query-id=\"CNDt-peIm4gDFbiFpgQd7dsOvQ\"><\/div>\n<div data-ad-type=\"inreadbox\" data-slot=\"inread-multiple\" data-ad-loaded=\"1\" data-ad-setup=\"{&quot;postID&quot;:1647267,&quot;canRefresh&quot;:false,&quot;infinitescroll&quot;:false}\" data-google-query-id=\"CNDt-peIm4gDFbiFpgQd7dsOvQ\">\n<p>Resalt\u00f3 que los retos globales en materia de\u00a0<strong>privacidad<\/strong>\u00a0y protecci\u00f3n de datos en el entorno cibern\u00e9tico solo pueden enfrentarse se se conservan y protegen las estructuras y alianzas internacionales ya establecidas.<\/p>\n<blockquote><p>Hacemos un llamado en\u00e9rgico a los legisladores para que consideren lo anterior y mantengan el disfrute de los derechos de las y los mexicanos\u201d, concluy\u00f3.<\/p><\/blockquote>\n<p>El pasado\u00a0<a href=\"https:\/\/lopezdoriga.com\/nacional\/aprueba-comision-de-la-camara-de-diputados-dictamen-para-eliminar-siete-organos-autonomos\/\" target=\"_blank\" rel=\"noopener\">23 de agosto<\/a>\u00a0la\u00a0<strong>Comisi\u00f3n de Puntos Constitucionales<\/strong>\u00a0de la\u00a0<strong>C\u00e1mara de Diputados aprob\u00f3\u00a0<\/strong>en lo general y lo particular la\u00a0<strong>eliminaci\u00f3n\u00a0<\/strong>de\u00a0<strong>siete<\/strong>\u00a0<strong>\u00f3rganos aut\u00f3nomos<\/strong>.<\/p>\n<p>Estos ser\u00edan el Instituto Federal de Telecomunicaciones (<strong>IFT<\/strong>), Instituto Nacional de Transparencia y Acceso a la Informaci\u00f3n (<strong>Inai<\/strong>) y organismos estatales, l Comisi\u00f3n Federal de Competencia Econ\u00f3mica (<strong>Cofece<\/strong>), Comisi\u00f3n Reguladora de Energ\u00eda (<strong>CRE<\/strong>), Comisi\u00f3n Nacional de Hidrocarburos (<strong>CNH<\/strong>).<\/p>\n<p>El Consejo Nacional de Evaluaci\u00f3n de la Pol\u00edtica de Desarrollo Social (<strong>Coneval<\/strong>) y el\u00a0<span class=\"css-1jxf684 r-bcqeeo r-1ttztb7 r-qvutc0 r-poiln3\"><strong>Sistema Nacional de Mejora Continua de la Educaci\u00f3n<\/strong>.<\/span><\/p>\n<p>Con informaci\u00f3n de L\u00f3pez-D\u00f3riga Digital<\/p>\n<\/div>\n","protected":false},"excerpt":{"rendered":"<p>La Barra Mexicana de Abogados asegur\u00f3 que el Inai cumple funciones esenciales para la vida democr\u00e1tica del pa\u00eds. La\u00a0Barra Mexicana, Colegio de Abogados, A.C.\u00a0(BMA) extern\u00f3\u00a0preocupaci\u00f3n\u00a0por la reforma que plantea la\u00a0desaparici\u00f3n\u00a0del\u00a0Instituto Nacional de Transparencia, Acceso a la Informaci\u00f3n y Protecci\u00f3n de Datos Personales (Inai). En un comunicado, asegur\u00f3 que el Inai cumple funciones esenciales para la vida democr\u00e1tica del pa\u00eds. https:\/\/x.com\/BMA_Abogados\/status\/1829114572839465454?ref_src=twsrc%5Etfw%7Ctwcamp%5Etweetembed%7Ctwterm%5E1829114572839465454%7Ctwgr%5E501b29eb8635a06879b6c1ced617eede2cb7a782%7Ctwcon%5Es1_&#038;ref_url=https%3A%2F%2Flopezdoriga.com%2Fnacional%2Fbarra-mexicana-abogados-expresa-preocupacion-desaparicion-inai%2F &nbsp; Detall\u00f3 que velar por la\u00a0transparencia\u00a0y la\u00a0protecci\u00f3n de datos personales\u00a0no puede delegarse al Gobierno Federal porque se eliminar\u00edan la imparcialidad y los contrapesos institucionales. La autonom\u00eda del Inai es una conquista de la sociedad civil\u2026 Eliminar este organismo ser\u00eda un [&hellip;]<\/p>\n","protected":false},"author":3,"featured_media":102313,"comment_status":"open","ping_status":"open","sticky":false,"template":"","format":"standard","meta":{"_jetpack_newsletter_access":"","_jetpack_dont_email_post_to_subs":false,"_jetpack_newsletter_tier_id":0,"_jetpack_memberships_contains_paywalled_content":false,"_jetpack_feature_clip_id":0,"_jetpack_memberships_contains_paid_content":false,"footnotes":"","jetpack_publicize_message":"","jetpack_publicize_feature_enabled":true,"jetpack_social_post_already_shared":true,"jetpack_social_options":{"image_generator_settings":{"template":"highway","default_image_id":0,"font":"","enabled":false},"version":2},"jetpack_post_was_ever_published":false},"categories":[75,72],"tags":[],"class_list":["post-102312","post","type-post","status-publish","format-standard","has-post-thumbnail","hentry","category-nacional","category-portada","post--single"],"jetpack_publicize_connections":[],"jetpack_featured_media_url":"https:\/\/ovelanalista.com\/wp-content\/uploads\/2024\/08\/inai-logo-1.webp","jetpack_sharing_enabled":true,"_links":{"self":[{"href":"https:\/\/ovelanalista.com\/index.php?rest_route=\/wp\/v2\/posts\/102312","targetHints":{"allow":["GET"]}}],"collection":[{"href":"https:\/\/ovelanalista.com\/index.php?rest_route=\/wp\/v2\/posts"}],"about":[{"href":"https:\/\/ovelanalista.com\/index.php?rest_route=\/wp\/v2\/types\/post"}],"author":[{"embeddable":true,"href":"https:\/\/ovelanalista.com\/index.php?rest_route=\/wp\/v2\/users\/3"}],"replies":[{"embeddable":true,"href":"https:\/\/ovelanalista.com\/index.php?rest_route=%2Fwp%2Fv2%2Fcomments&post=102312"}],"version-history":[{"count":1,"href":"https:\/\/ovelanalista.com\/index.php?rest_route=\/wp\/v2\/posts\/102312\/revisions"}],"predecessor-version":[{"id":102314,"href":"https:\/\/ovelanalista.com\/index.php?rest_route=\/wp\/v2\/posts\/102312\/revisions\/102314"}],"wp:featuredmedia":[{"embeddable":true,"href":"https:\/\/ovelanalista.com\/index.php?rest_route=\/wp\/v2\/media\/102313"}],"wp:attachment":[{"href":"https:\/\/ovelanalista.com\/index.php?rest_route=%2Fwp%2Fv2%2Fmedia&parent=102312"}],"wp:term":[{"taxonomy":"category","embeddable":true,"href":"https:\/\/ovelanalista.com\/index.php?rest_route=%2Fwp%2Fv2%2Fcategories&post=102312"},{"taxonomy":"post_tag","embeddable":true,"href":"https:\/\/ovelanalista.com\/index.php?rest_route=%2Fwp%2Fv2%2Ftags&post=102312"}],"curies":[{"name":"wp","href":"https:\/\/api.w.org\/{rel}","templated":true}]}}