{"id":102315,"date":"2024-08-29T17:00:26","date_gmt":"2024-08-29T23:00:26","guid":{"rendered":"https:\/\/ovelanalista.com\/?p=102315"},"modified":"2024-08-29T14:45:11","modified_gmt":"2024-08-29T20:45:11","slug":"amlo-llama-a-cuidar-proceso-legislativo-en-reforma-al-poder-judicial-2","status":"publish","type":"post","link":"https:\/\/ovelanalista.com\/?p=102315","title":{"rendered":"AMLO llama a cuidar proceso legislativo en reforma al Poder Judicial"},"content":{"rendered":"<p>L\u00f3pez Obrador pidi\u00f3 a los legisladores de la 4T que \u201ccuiden mucho\u201d el procedimiento para que no sea anulada la reforma al Poder Judicial.<\/p>\n<p><span class=\"s1\"><a href=\"https:\/\/twitter.com\/lopezobrador_\" target=\"_blank\" rel=\"noreferrer noopener\"><b>Andr\u00e9s Manuel<\/b><\/a><\/span><b>\u00a0L\u00f3pez Obrador<\/b>, presidente de M\u00e9xico, llam\u00f3 a\u00a0<strong>cuidar<\/strong>\u00a0el\u00a0<strong>proceso legislativo<\/strong>\u00a0en la\u00a0<strong>reforma<\/strong>\u00a0al\u00a0<strong>Poder Judicial<\/strong>, que se planea sea aprobada en la primera semana de septiembre seg\u00fan el pr\u00f3ximo diputado morenista\u00a0<strong>Ricardo Monreal<\/strong>.<\/p>\n<p class=\"p1\">En la conferencia matutina de Palacio Nacional, L\u00f3pez Obrador apunt\u00f3 que los legisladores de la 4T. no deben dar motivos para que los ministros de la Suprema Corte lo anulen.<\/p>\n<div id=\"ros-inread-uwhwxh\" class=\"ad-container dfp-ad-unit ad-inread ad-main-inread ad-slot\" data-ad-type=\"inread\" data-slot=\"inread\" data-ad-loaded=\"1\" data-ad-setup=\"{&quot;postID&quot;:1647269,&quot;canRefresh&quot;:false,&quot;infinitescroll&quot;:false}\" data-google-query-id=\"CNXyxsaIm4gDFWCgpgQdHqAjUQ\">\n<div id=\"google_ads_iframe_\/76814929\/ld\/inread_0__container__\">\n<blockquote><p>Yo le creo a Ricardo (Monreal), si esos son los tiempos. Va a depender de los debates, la discusi\u00f3n en el Pleno, tienen que cuidar mucho el procedimiento\u201d, declar\u00f3.<\/p><\/blockquote>\n<p>\u201cPorque si no uno de ellos (ministros) que ech\u00f3 abajo una ley, que dijo no se cumpli\u00f3 con el procedimiento, meti\u00e9ndose en la vida interna de otro poder, no hubo debate suficiente, entonces se anula la ley. Que se cuide, no vaya a ser que los ministros nos la nulifiquen, tienen que cuidar todo\u201d, puntualiz\u00f3.<\/p>\n<p><a href=\"https:\/\/lopezdoriga.com\/nacional\/monreal-preve-apruebe-reforma-poder-judicial-primera-semana-septiembre\/\" target=\"_blank\" rel=\"noopener\">En la previa<\/a>,\u00a0<strong>Ricardo Monreal<\/strong>, pr\u00f3ximo coordinador de los diputados de\u00a0<strong>Morena<\/strong>, prev\u00e9 que la\u00a0<strong>reforma<\/strong>\u00a0al\u00a0<strong>Poder Judicial<\/strong>\u00a0se apruebe en la\u00a0<strong>primera semana de septiembre<\/strong>.<\/p>\n<p>\u201cEs probable que tengamos dos sesiones el 1 de septiembre: una de instalaci\u00f3n que recibe el informe del presidente (L\u00f3pez Obrador), se concluye esa sesi\u00f3n y podemos convocar a una segunda donde se iniciar\u00e1 la publica del dictamen para que tenga efectos jur\u00eddicos\u201d, dijo.<\/p>\n<p>\u201cSon dos d\u00edas para la discusi\u00f3n en lo general y en lo particular, y la votaci\u00f3n puede ser el 3, el 4, puede ser el 5 (de septiembre), pero lo que les quiero decir es que no vamos a abreviar ning\u00fan proceso que est\u00e9 en la ley y que est\u00e9 en reglamento\u201d, agreg\u00f3.<\/p>\n<\/div>\n<div class=\"ad-container dfp-ad-unit ad-inread ad-slot\" data-ad-type=\"inreadbox\" data-slot=\"inread-multiple\" data-ad-loaded=\"1\" data-ad-setup=\"{&quot;postID&quot;:1647269,&quot;canRefresh&quot;:false,&quot;infinitescroll&quot;:false}\" data-google-query-id=\"CL6Vl86Im4gDFfWEpgQdwUYuyg\">\n<p>\u201cVamos a cumplir estrictamente con el procedimiento formal (\u2026) Es la primera reforma que habremos de discutir, deliberar y, en su caso, aprobar. S\u00ed, en la primera semana (de septiembre)\u201d, puntualiz\u00f3.<\/p>\n<p>La principal propuesta de la reforma al Poder Judicial es que los jueces, magistrados y ministros sean elegidos mediante el voto popular<\/p>\n<p class=\"p1\">Con informaci\u00f3n de L\u00f3pez-D\u00f3riga Digital<\/p>\n<\/div>\n<\/div>\n","protected":false},"excerpt":{"rendered":"<p>L\u00f3pez Obrador pidi\u00f3 a los legisladores de la 4T que \u201ccuiden mucho\u201d el procedimiento para que no sea anulada la reforma al Poder Judicial. Andr\u00e9s Manuel\u00a0L\u00f3pez Obrador, presidente de M\u00e9xico, llam\u00f3 a\u00a0cuidar\u00a0el\u00a0proceso legislativo\u00a0en la\u00a0reforma\u00a0al\u00a0Poder Judicial, que se planea sea aprobada en la primera semana de septiembre seg\u00fan el pr\u00f3ximo diputado morenista\u00a0Ricardo Monreal. En la conferencia matutina de Palacio Nacional, L\u00f3pez Obrador apunt\u00f3 que los legisladores de la 4T. no deben dar motivos para que los ministros de la Suprema Corte lo anulen. Yo le creo a Ricardo (Monreal), si esos son los tiempos. Va a depender de los debates, la [&hellip;]<\/p>\n","protected":false},"author":3,"featured_media":102318,"comment_status":"open","ping_status":"open","sticky":false,"template":"","format":"standard","meta":{"_jetpack_newsletter_access":"","_jetpack_dont_email_post_to_subs":false,"_jetpack_newsletter_tier_id":0,"_jetpack_memberships_contains_paywalled_content":false,"_jetpack_feature_clip_id":0,"_jetpack_memberships_contains_paid_content":false,"footnotes":"","jetpack_publicize_message":"","jetpack_publicize_feature_enabled":true,"jetpack_social_post_already_shared":true,"jetpack_social_options":{"image_generator_settings":{"template":"highway","default_image_id":0,"font":"","enabled":false},"version":2},"jetpack_post_was_ever_published":false},"categories":[75,72],"tags":[],"class_list":["post-102315","post","type-post","status-publish","format-standard","has-post-thumbnail","hentry","category-nacional","category-portada","post--single"],"jetpack_publicize_connections":[],"jetpack_featured_media_url":"https:\/\/ovelanalista.com\/wp-content\/uploads\/2024\/08\/camara-de-diputados-votacion-san-lazaro-1.webp","jetpack_sharing_enabled":true,"_links":{"self":[{"href":"https:\/\/ovelanalista.com\/index.php?rest_route=\/wp\/v2\/posts\/102315","targetHints":{"allow":["GET"]}}],"collection":[{"href":"https:\/\/ovelanalista.com\/index.php?rest_route=\/wp\/v2\/posts"}],"about":[{"href":"https:\/\/ovelanalista.com\/index.php?rest_route=\/wp\/v2\/types\/post"}],"author":[{"embeddable":true,"href":"https:\/\/ovelanalista.com\/index.php?rest_route=\/wp\/v2\/users\/3"}],"replies":[{"embeddable":true,"href":"https:\/\/ovelanalista.com\/index.php?rest_route=%2Fwp%2Fv2%2Fcomments&post=102315"}],"version-history":[{"count":1,"href":"https:\/\/ovelanalista.com\/index.php?rest_route=\/wp\/v2\/posts\/102315\/revisions"}],"predecessor-version":[{"id":102319,"href":"https:\/\/ovelanalista.com\/index.php?rest_route=\/wp\/v2\/posts\/102315\/revisions\/102319"}],"wp:featuredmedia":[{"embeddable":true,"href":"https:\/\/ovelanalista.com\/index.php?rest_route=\/wp\/v2\/media\/102318"}],"wp:attachment":[{"href":"https:\/\/ovelanalista.com\/index.php?rest_route=%2Fwp%2Fv2%2Fmedia&parent=102315"}],"wp:term":[{"taxonomy":"category","embeddable":true,"href":"https:\/\/ovelanalista.com\/index.php?rest_route=%2Fwp%2Fv2%2Fcategories&post=102315"},{"taxonomy":"post_tag","embeddable":true,"href":"https:\/\/ovelanalista.com\/index.php?rest_route=%2Fwp%2Fv2%2Ftags&post=102315"}],"curies":[{"name":"wp","href":"https:\/\/api.w.org\/{rel}","templated":true}]}}