{"id":102320,"date":"2024-08-29T17:45:06","date_gmt":"2024-08-29T23:45:06","guid":{"rendered":"https:\/\/ovelanalista.com\/?p=102320"},"modified":"2024-08-29T14:49:00","modified_gmt":"2024-08-29T20:49:00","slug":"los-estan-enganando-amlo-a-estudiantes-de-la-unam-que-se-manifestaron-contra-la-reforma-judicial-2","status":"publish","type":"post","link":"https:\/\/ovelanalista.com\/?p=102320","title":{"rendered":"\u201cLos est\u00e1n enga\u00f1ando\u201d: AMLO a estudiantes de la UNAM que se manifestaron contra la reforma judicial"},"content":{"rendered":"<p>L\u00f3pez Obrador envi\u00f3 un mensaje a los estudiantes de la UNAM que se manifestaron ayer en contra de la reforma al Poder Judicial.<\/p>\n<p>El presidente de M\u00e9xico,\u00a0<a href=\"https:\/\/twitter.com\/lopezobrador_\" target=\"_blank\" rel=\"noreferrer noopener\"><span class=\"s1\"><b>Andr\u00e9s Manuel<\/b><\/span><\/a><b>\u00a0L\u00f3pez Obrador<\/b>, asever\u00f3 a\u00a0<strong>estudiantes<\/strong>\u00a0de la\u00a0<strong>UNAM<\/strong>\u00a0que los est\u00e1n \u201c<strong>enga\u00f1ando<\/strong>\u201d con respecto a la\u00a0<strong>reforma<\/strong>\u00a0al\u00a0<strong>Poder Judicial<\/strong>, que su Gobierno impulsa en el Congreso.<\/p>\n<p>El mandatario mexicano envi\u00f3 un mensaje a los miles de estudiantes que\u00a0<a href=\"https:\/\/lopezdoriga.com\/nacional\/alumnos-unam-marchan-contra-reforma-judicial\/\" target=\"_blank\" rel=\"noopener\">en la previa realizaron una manifestaci\u00f3n<\/a>\u00a0de la Facultad de Derecho de la UNAM al edificio del\u00a0<strong>Consejo de la Judicatura Federal<\/strong>\u00a0(<strong>CJF<\/strong>), al sur de la Ciudad de M\u00e9xico.<\/p>\n<p>\u201cQuiero hacer un par\u00e9ntesis: hay manifestaciones de j\u00f3venes, de la escuela de Derecho de la UNAM, quiero decirles, referirme a ellos que est\u00e1n estudiando leyes\u201d, dijo.<\/p>\n<blockquote><p>Porque tienen ellos maestros que seguramente les est\u00e1n diciendo de que es injusto, ilegal, llevar a cabo una reforma al Poder Judicial, o antidemocr\u00e1tica, los est\u00e1n enga\u00f1ando\u201d, se\u00f1al\u00f3.<\/p><\/blockquote>\n<p>L\u00f3pez Obrador lament\u00f3 que el periodo neoliberal, que dur\u00f3 36 a\u00f1os, haya destruido a la UNAM.<\/p>\n<p>\u201cLamento lo que ha sucedido tambi\u00e9n en el periodo neoliberal, c\u00f3mo destruyeron mi alma mater, entonces nada m\u00e1s para que los j\u00f3venes tengan toda esta informaci\u00f3n\u201d, se\u00f1al\u00f3.<\/p>\n<p>Tambi\u00e9n arremeti\u00f3 contra algunos abogados que han estado en la Facultad de Derecho y en el Instituto de Investigaciones Jur\u00eddicas de la UNAM.<\/p>\n<p>El mandatario mexicano apunt\u00f3 que la reforma judicial significa limpiarla de corrupci\u00f3n y que nunca vuelvan a ocurrir abusos contra el pueblo de M\u00e9xico.<\/p>\n<p>\u201c\u00bfQu\u00e9 es lo que significa la reforma? Es limpiar esa corrupci\u00f3n, que nunca m\u00e1s vuelvan a darse esos abusos y ya acabar con la hipocres\u00eda, porque resulta que estos se\u00f1ores se presentan como blancas palomas y quieren darnos clase de legalidad, Estado de derecho, \u00bfcu\u00e1l Estado de derecho? Si ellos encarnan el estado de\u00a0<em>chueco<\/em>, de cohecho\u201d, enfatiz\u00f3.<\/p>\n<p>Miles de estudiantes marcharon de la UNAM al Consejo de la Judicatura Federal (CJF) en contra de la reforma al Poder Judicial.<\/p>\n<p>Los alumnos consideran que esta reforma de L\u00f3pez Obrador amenaza todo su esfuerzo su formaci\u00f3n acad\u00e9mica y su futuro al ejercer como abogados.<\/p>\n<p>Lo estudiantes que participaron en la marcha gritaron consignas como \u201creforma judicial, capricho presidencial\u201d, \u201cel poder judicial no va a caer no va a caer\u201d, \u201cjuez votado, corrupto asegurado\u201d, \u201cPoder Judicial contrapeso nacional\u201d.<\/p>\n<article id=\"post-1647257\" class=\"post article-layout container-fluid post-1647257 type-post status-publish format-standard has-post-thumbnail hentry category-mexico category-nacional tag-amlo tag-andres-manuel-lopez-obrador tag-facultad-de-derecho-de-la-unam tag-poder-judicial tag-reforma-judicial tag-unam\" data-postid=\"1647257\" data-slug=\"\/nacional\/los-estan-enganando-amlo-estudiantes-unam-manifestaron-contra-reforma-judicial\/\" data-post-id=\"1647257\" data-meta=\"{&quot;id&quot;:&quot;1647257&quot;,&quot;infinitescroll_off&quot;:&quot;false&quot;,&quot;exclude_adunits&quot;:[],&quot;hide_adx&quot;:&quot;false&quot;,&quot;hide_ads&quot;:&quot;false&quot;,&quot;canal&quot;:[&quot;M\\u00e9xico&quot;,&quot;Nacional&quot;],&quot;tags&quot;:[&quot;amlo&quot;,&quot;andres-manuel-lopez-obrador&quot;,&quot;facultad-de-derecho-de-la-unam&quot;,&quot;poder-judicial&quot;,&quot;reforma-judicial&quot;,&quot;unam&quot;],&quot;seo&quot;:&quot;&amp;#8220;Los est\\u00e1n enga\\u00f1ando&amp;#8221;: AMLO a estudiantes de la UNAM que se manifestaron contra la reforma judicial&quot;}\" data-is-visible=\"true\" data-is-tracking=\"true\" data-scroll-index=\"0\">\n<div class=\"row\">\n<div class=\"entry-content entry-grid mx-auto col-12 col-lg-12 col-xl-10\">\n<div class=\"entry-grid__content-area2 entry-main-text\">\n<div class=\"row\">\n<div class=\"col-12 col-lg-8\">\n<div class=\"article-content\">\n<p>La comunidad estudiantil de la Facultad de Derecho emiti\u00f3 un posicionamiento dirigido a los legisladores y a la poblaci\u00f3n en general, donde rechazaron la reforma judicial, que se planea sea aprobada en la C\u00e1mara de Diputados en la primera semana de septiembre.<\/p>\n<p>\u201cEstamos presenciando un evento hist\u00f3rico para la vida pol\u00edtica y jur\u00eddica del pa\u00eds. Una intenci\u00f3n fundada en la sobrerrepresentaci\u00f3n de legisladores y la arbitraria dictaminaci\u00f3n para eliminar a nuestros \u00f3rganos constitucionales aut\u00f3nomos, lo que retrocede todas las conquistas democr\u00e1ticas que hemos logrado construir como sociedad mexicana\u201d, apuntaron.<\/p>\n<p>Con informaci\u00f3n de L\u00f3pez-D\u00f3riga Digital<\/p>\n<\/div>\n<\/div>\n<\/div>\n<\/div>\n<\/div>\n<\/div>\n<\/article>\n","protected":false},"excerpt":{"rendered":"<p>L\u00f3pez Obrador envi\u00f3 un mensaje a los estudiantes de la UNAM que se manifestaron ayer en contra de la reforma al Poder Judicial. El presidente de M\u00e9xico,\u00a0Andr\u00e9s Manuel\u00a0L\u00f3pez Obrador, asever\u00f3 a\u00a0estudiantes\u00a0de la\u00a0UNAM\u00a0que los est\u00e1n \u201cenga\u00f1ando\u201d con respecto a la\u00a0reforma\u00a0al\u00a0Poder Judicial, que su Gobierno impulsa en el Congreso. El mandatario mexicano envi\u00f3 un mensaje a los miles de estudiantes que\u00a0en la previa realizaron una manifestaci\u00f3n\u00a0de la Facultad de Derecho de la UNAM al edificio del\u00a0Consejo de la Judicatura Federal\u00a0(CJF), al sur de la Ciudad de M\u00e9xico. \u201cQuiero hacer un par\u00e9ntesis: hay manifestaciones de j\u00f3venes, de la escuela de Derecho de la [&hellip;]<\/p>\n","protected":false},"author":3,"featured_media":102323,"comment_status":"open","ping_status":"open","sticky":false,"template":"","format":"standard","meta":{"_jetpack_newsletter_access":"","_jetpack_dont_email_post_to_subs":false,"_jetpack_newsletter_tier_id":0,"_jetpack_memberships_contains_paywalled_content":false,"_jetpack_feature_clip_id":0,"_jetpack_memberships_contains_paid_content":false,"footnotes":"","jetpack_publicize_message":"","jetpack_publicize_feature_enabled":true,"jetpack_social_post_already_shared":true,"jetpack_social_options":{"image_generator_settings":{"template":"highway","default_image_id":0,"font":"","enabled":false},"version":2},"jetpack_post_was_ever_published":false},"categories":[75,72],"tags":[],"class_list":["post-102320","post","type-post","status-publish","format-standard","has-post-thumbnail","hentry","category-nacional","category-portada","post--single"],"jetpack_publicize_connections":[],"jetpack_featured_media_url":"https:\/\/ovelanalista.com\/wp-content\/uploads\/2024\/08\/marcha-unam-cjf-reforma-poder-judicial-1.webp","jetpack_sharing_enabled":true,"_links":{"self":[{"href":"https:\/\/ovelanalista.com\/index.php?rest_route=\/wp\/v2\/posts\/102320","targetHints":{"allow":["GET"]}}],"collection":[{"href":"https:\/\/ovelanalista.com\/index.php?rest_route=\/wp\/v2\/posts"}],"about":[{"href":"https:\/\/ovelanalista.com\/index.php?rest_route=\/wp\/v2\/types\/post"}],"author":[{"embeddable":true,"href":"https:\/\/ovelanalista.com\/index.php?rest_route=\/wp\/v2\/users\/3"}],"replies":[{"embeddable":true,"href":"https:\/\/ovelanalista.com\/index.php?rest_route=%2Fwp%2Fv2%2Fcomments&post=102320"}],"version-history":[{"count":1,"href":"https:\/\/ovelanalista.com\/index.php?rest_route=\/wp\/v2\/posts\/102320\/revisions"}],"predecessor-version":[{"id":102324,"href":"https:\/\/ovelanalista.com\/index.php?rest_route=\/wp\/v2\/posts\/102320\/revisions\/102324"}],"wp:featuredmedia":[{"embeddable":true,"href":"https:\/\/ovelanalista.com\/index.php?rest_route=\/wp\/v2\/media\/102323"}],"wp:attachment":[{"href":"https:\/\/ovelanalista.com\/index.php?rest_route=%2Fwp%2Fv2%2Fmedia&parent=102320"}],"wp:term":[{"taxonomy":"category","embeddable":true,"href":"https:\/\/ovelanalista.com\/index.php?rest_route=%2Fwp%2Fv2%2Fcategories&post=102320"},{"taxonomy":"post_tag","embeddable":true,"href":"https:\/\/ovelanalista.com\/index.php?rest_route=%2Fwp%2Fv2%2Ftags&post=102320"}],"curies":[{"name":"wp","href":"https:\/\/api.w.org\/{rel}","templated":true}]}}