{"id":102325,"date":"2024-08-29T18:00:03","date_gmt":"2024-08-30T00:00:03","guid":{"rendered":"https:\/\/ovelanalista.com\/?p=102325"},"modified":"2024-08-29T14:50:58","modified_gmt":"2024-08-29T20:50:58","slug":"tamaulipas-ofrece-recompensa-de-1-mdp-por-asesino-de-julio-almanza-2","status":"publish","type":"post","link":"https:\/\/ovelanalista.com\/?p=102325","title":{"rendered":"Tamaulipas ofrece recompensa de 1 mdp por asesino de Julio Almanza"},"content":{"rendered":"<p>La Fiscal\u00eda General de Justicia de Tamaulipas anunci\u00f3 una recompensa por informaci\u00f3n que lleve a la captura del asesino del l\u00edder empresarial Julio Almanza. El presidente de la Federaci\u00f3n de C\u00e1maras Nacionales de Comercio (Fecanaco) en Tamaulipas fue asesinado a tiros el 30 de julio, a su llegada a la C\u00e1mara de Comercio en Matamoros.<\/p>\n<p>La\u00a0<strong>Fiscal\u00eda General de Justicia de Tamaulipas<\/strong>\u00a0anunci\u00f3 una\u00a0<strong>recompensa<\/strong>\u00a0por informaci\u00f3n que lleve a la captura del\u00a0<strong>asesino<\/strong>\u00a0del\u00a0<strong>l\u00edder empresarial Julio Almanza<\/strong>.<\/p>\n<p>El presidente de la\u00a0<strong>Federaci\u00f3n de C\u00e1maras Nacionales de Comercio\u00a0<\/strong>(<strong>Fecanaco<\/strong>) en\u00a0<strong>Tamaulipas\u00a0<\/strong>fue asesinado a tiros el 30 de julio, a su llegada a la\u00a0<strong>C\u00e1mara de Comercio<\/strong>\u00a0en\u00a0<strong>Matamoros<\/strong>.<\/p>\n<p>De acuerdo con las\u00a0<a href=\"https:\/\/www.facebook.com\/FGJTam\/posts\/pfbid02AcH6EdkrWvh6gbDFKGi6pWy1gEeMSzMBKRkuniyaLJJnZJX9C4p8st1q3ro94tGKl\" target=\"_blank\" rel=\"noopener noreferrer\">investigaciones<\/a>, un\u00a0<strong>auto<\/strong>\u00a0Mazda rojo y una\u00a0<strong>motocicleta<\/strong>\u00a0negra fueron\u00a0<strong>utilizadas<\/strong>\u00a0en el\u00a0<strong>homicidio<\/strong>.<\/p>\n<div id=\"ros-inread-whtjwf\" class=\"ad-container dfp-ad-unit ad-inread ad-main-inread ad-slot\" data-ad-type=\"inread\" data-slot=\"inread\" data-ad-loaded=\"1\" data-ad-setup=\"{&quot;postID&quot;:1647249,&quot;canRefresh&quot;:false,&quot;infinitescroll&quot;:false}\" data-google-query-id=\"CNf8_tmJm4gDFVv79QIdYPIpdA\">\n<div id=\"google_ads_iframe_\/76814929\/ld\/inread_0__container__\"><iframe id=\"google_ads_iframe_\/76814929\/ld\/inread_0\" tabindex=\"0\" title=\"3rd party ad content\" name=\"google_ads_iframe_\/76814929\/ld\/inread_0\" width=\"1\" height=\"1\" frameborder=\"0\" marginwidth=\"0\" marginheight=\"0\" scrolling=\"no\" aria-label=\"Advertisement\" data-load-complete=\"true\" data-google-container-id=\"4\" data-mce-fragment=\"1\"><\/iframe><\/div>\n<\/div>\n<figure id=\"attachment_1647254\" class=\"wp-caption alignnone\" aria-labelledby=\"figcaption_attachment_1647254\"><a href=\"https:\/\/i0.wp.com\/lopezdoriga.com\/wp-content\/uploads\/2024\/08\/presunto-asesino-del-lider-empresarial-julio-almanza.jpg?ssl=1\" target=\"_blank\" rel=\"noreferrer noopener\"><img loading=\"lazy\" decoding=\"async\" class=\"size-full wp-image-1647254 img-responsive perfmatters-lazy entered pmloaded\" title=\"\" src=\"https:\/\/i0.wp.com\/lopezdoriga.com\/wp-content\/uploads\/2024\/08\/presunto-asesino-del-lider-empresarial-julio-almanza.jpg?resize=828%2C572&amp;ssl=1\" sizes=\"auto, (max-width: 828px) 100vw, 828px\" srcset=\"https:\/\/i0.wp.com\/lopezdoriga.com\/wp-content\/uploads\/2024\/08\/presunto-asesino-del-lider-empresarial-julio-almanza.jpg?w=828&amp;ssl=1 828w, https:\/\/i0.wp.com\/lopezdoriga.com\/wp-content\/uploads\/2024\/08\/presunto-asesino-del-lider-empresarial-julio-almanza.jpg?resize=300%2C207&amp;ssl=1 300w, https:\/\/i0.wp.com\/lopezdoriga.com\/wp-content\/uploads\/2024\/08\/presunto-asesino-del-lider-empresarial-julio-almanza.jpg?resize=768%2C531&amp;ssl=1 768w\" alt=\"Tamaulipas ofrece recompensa de 1 mdp por asesino de Julio Almanza - presunto-asesino-del-lider-empresarial-julio-almanza\" width=\"828\" height=\"572\" data-recalc-dims=\"1\" data-src=\"https:\/\/i0.wp.com\/lopezdoriga.com\/wp-content\/uploads\/2024\/08\/presunto-asesino-del-lider-empresarial-julio-almanza.jpg?resize=828%2C572&amp;ssl=1\" data-srcset=\"https:\/\/i0.wp.com\/lopezdoriga.com\/wp-content\/uploads\/2024\/08\/presunto-asesino-del-lider-empresarial-julio-almanza.jpg?w=828&amp;ssl=1 828w, https:\/\/i0.wp.com\/lopezdoriga.com\/wp-content\/uploads\/2024\/08\/presunto-asesino-del-lider-empresarial-julio-almanza.jpg?resize=300%2C207&amp;ssl=1 300w, https:\/\/i0.wp.com\/lopezdoriga.com\/wp-content\/uploads\/2024\/08\/presunto-asesino-del-lider-empresarial-julio-almanza.jpg?resize=768%2C531&amp;ssl=1 768w\" data-sizes=\"(max-width: 828px) 100vw, 828px\" data-ll-status=\"loaded\" \/><\/a><figcaption id=\"figcaption_attachment_1647254\" class=\"wp-caption-text\">Presunto asesino del l\u00edder empresarial Julio Almanza. Foto de @FGJTam<\/figcaption><\/figure>\n<p>Asimismo, se determin\u00f3 que al menos uno de los\u00a0<strong>implicados escap\u00f3<\/strong>\u00a0rumbo a Reynosa, siendo registrado su recorrido hasta\u00a0<strong>Camargo<\/strong>.<\/p>\n<p>Tras el an\u00e1lisis de material de video se establecieron las caracter\u00edsticas antropom\u00e9tricas del\u00a0<strong>asesino material<\/strong>, cuyo\u00a0<strong>retrato hablado<\/strong>\u00a0fue dado a conocer.<\/p>\n<p>De este modo, la Fiscal\u00eda ofrece una\u00a0<strong>recompensa<\/strong>\u00a0de hasta un\u00a0<strong>mill\u00f3n de pesos<\/strong>\u00a0por informaci\u00f3n \u00fatil, veraz y oportuna que lleve a la localizaci\u00f3n, ubicaci\u00f3n y detenci\u00f3n del o los responsables del asesinato de Julio Almanza.<\/p>\n<p>Con informaci\u00f3n de L\u00f3pez-D\u00f3riga Digital<\/p>\n<div id=\"ros-inread-multiple-crqqqf\" class=\"ad-container dfp-ad-unit ad-inread ad-slot\" data-ad-type=\"inreadbox\" data-slot=\"inread-multiple\" data-ad-loaded=\"1\" data-ad-setup=\"{&quot;postID&quot;:1647249,&quot;canRefresh&quot;:false,&quot;infinitescroll&quot;:false}\" data-google-query-id=\"CMHd0_qJm4gDFQ6XAAAdKkwYPw\"><\/div>\n<div data-ad-type=\"inreadbox\" data-slot=\"inread-multiple\" data-ad-loaded=\"1\" data-ad-setup=\"{&quot;postID&quot;:1647249,&quot;canRefresh&quot;:false,&quot;infinitescroll&quot;:false}\" data-google-query-id=\"CMHd0_qJm4gDFQ6XAAAdKkwYPw\"><\/div>\n","protected":false},"excerpt":{"rendered":"<p>La Fiscal\u00eda General de Justicia de Tamaulipas anunci\u00f3 una recompensa por informaci\u00f3n que lleve a la captura del asesino del l\u00edder empresarial Julio Almanza. El presidente de la Federaci\u00f3n de C\u00e1maras Nacionales de Comercio (Fecanaco) en Tamaulipas fue asesinado a tiros el 30 de julio, a su llegada a la C\u00e1mara de Comercio en Matamoros. La\u00a0Fiscal\u00eda General de Justicia de Tamaulipas\u00a0anunci\u00f3 una\u00a0recompensa\u00a0por informaci\u00f3n que lleve a la captura del\u00a0asesino\u00a0del\u00a0l\u00edder empresarial Julio Almanza. El presidente de la\u00a0Federaci\u00f3n de C\u00e1maras Nacionales de Comercio\u00a0(Fecanaco) en\u00a0Tamaulipas\u00a0fue asesinado a tiros el 30 de julio, a su llegada a la\u00a0C\u00e1mara de Comercio\u00a0en\u00a0Matamoros. De acuerdo con las\u00a0investigaciones, [&hellip;]<\/p>\n","protected":false},"author":3,"featured_media":102327,"comment_status":"open","ping_status":"open","sticky":false,"template":"","format":"standard","meta":{"_jetpack_newsletter_access":"","_jetpack_dont_email_post_to_subs":false,"_jetpack_newsletter_tier_id":0,"_jetpack_memberships_contains_paywalled_content":false,"_jetpack_feature_clip_id":0,"_jetpack_memberships_contains_paid_content":false,"footnotes":"","jetpack_publicize_message":"","jetpack_publicize_feature_enabled":true,"jetpack_social_post_already_shared":true,"jetpack_social_options":{"image_generator_settings":{"template":"highway","default_image_id":0,"font":"","enabled":false},"version":2},"jetpack_post_was_ever_published":false},"categories":[75,72],"tags":[],"class_list":["post-102325","post","type-post","status-publish","format-standard","has-post-thumbnail","hentry","category-nacional","category-portada","post--single"],"jetpack_publicize_connections":[],"jetpack_featured_media_url":"https:\/\/ovelanalista.com\/wp-content\/uploads\/2024\/08\/julio-cesar-almanza-armas-empresario-matamoros-tamaulipas-canaco-1.webp","jetpack_sharing_enabled":true,"_links":{"self":[{"href":"https:\/\/ovelanalista.com\/index.php?rest_route=\/wp\/v2\/posts\/102325","targetHints":{"allow":["GET"]}}],"collection":[{"href":"https:\/\/ovelanalista.com\/index.php?rest_route=\/wp\/v2\/posts"}],"about":[{"href":"https:\/\/ovelanalista.com\/index.php?rest_route=\/wp\/v2\/types\/post"}],"author":[{"embeddable":true,"href":"https:\/\/ovelanalista.com\/index.php?rest_route=\/wp\/v2\/users\/3"}],"replies":[{"embeddable":true,"href":"https:\/\/ovelanalista.com\/index.php?rest_route=%2Fwp%2Fv2%2Fcomments&post=102325"}],"version-history":[{"count":1,"href":"https:\/\/ovelanalista.com\/index.php?rest_route=\/wp\/v2\/posts\/102325\/revisions"}],"predecessor-version":[{"id":102328,"href":"https:\/\/ovelanalista.com\/index.php?rest_route=\/wp\/v2\/posts\/102325\/revisions\/102328"}],"wp:featuredmedia":[{"embeddable":true,"href":"https:\/\/ovelanalista.com\/index.php?rest_route=\/wp\/v2\/media\/102327"}],"wp:attachment":[{"href":"https:\/\/ovelanalista.com\/index.php?rest_route=%2Fwp%2Fv2%2Fmedia&parent=102325"}],"wp:term":[{"taxonomy":"category","embeddable":true,"href":"https:\/\/ovelanalista.com\/index.php?rest_route=%2Fwp%2Fv2%2Fcategories&post=102325"},{"taxonomy":"post_tag","embeddable":true,"href":"https:\/\/ovelanalista.com\/index.php?rest_route=%2Fwp%2Fv2%2Ftags&post=102325"}],"curies":[{"name":"wp","href":"https:\/\/api.w.org\/{rel}","templated":true}]}}