{"id":102333,"date":"2024-08-29T18:45:15","date_gmt":"2024-08-30T00:45:15","guid":{"rendered":"https:\/\/ovelanalista.com\/?p=102333"},"modified":"2024-08-29T14:57:34","modified_gmt":"2024-08-29T20:57:34","slug":"camara-de-representantes-de-ee-uu-pide-a-mexico-reconsiderar-reforma-judicial","status":"publish","type":"post","link":"https:\/\/ovelanalista.com\/?p=102333","title":{"rendered":"C\u00e1mara de Representantes de EE.UU. pide a M\u00e9xico reconsiderar reforma judicial"},"content":{"rendered":"<p>El republicano Michael McCaul advirti\u00f3 a los mexicanos que \u201csi se implementan algunas de estas reformas\u201d podr\u00eda verse afectada la revisi\u00f3n del T-MEC en 2026.<\/p>\n<p>La\u00a0<strong>reforma<\/strong>\u00a0al\u00a0<strong>Poder Judicial<\/strong>\u00a0en M\u00e9xico escal\u00f3 en\u00a0<strong>Estados Unidos<\/strong>\u00a0a la\u00a0<strong>C\u00e1mara de Representantes<\/strong>, despu\u00e9s de los pronunciamientos del embajador Ken Salazar y el subsecretario de Estado, Brian A. Nichols.<\/p>\n<p>El\u00a0<strong>republicano Michael McCaul<\/strong>\u00a0se manifest\u00f3 profundamente\u00a0<strong>preocupado<\/strong>\u00a0por las<strong>\u00a0iniciativas de reforma<\/strong>\u00a0presentadas en febrero pasado por el presidente\u00a0<strong>Andr\u00e9s Manuel L\u00f3pez Obrador<\/strong>.<\/p>\n<blockquote><p>Pueden echar por tierra a\u00f1os de progreso econ\u00f3mico y construcci\u00f3n de alianzas al erosionar la democracia en el pa\u00eds\u201d, opin\u00f3 la sesi\u00f3n de este jueves.<\/p><\/blockquote>\n<p>El representante de izquierda advirti\u00f3 a los mexicanos que \u201csi se implementan algunas de estas reformas\u201d podr\u00eda verse afectada la\u00a0<strong>revisi\u00f3n<\/strong>\u00a0del\u00a0<strong>T-MEC<\/strong>\u00a0en\u00a0<strong>2026<\/strong>.<\/p>\n<blockquote><p>Insto al gobierno mexicano a que reconsidere estas acciones\u201d, se\u00f1al\u00f3 McCaul.<\/p><\/blockquote>\n<p>Especialistas y juristas en M\u00e9xico se\u00f1alan que la\u00a0<strong>reforma<\/strong>\u00a0al\u00a0<strong>Poder Judicial<\/strong>\u00a0traer\u00eda\u00a0<a href=\"https:\/\/lopezdoriga.com\/nacional\/reforma-poder-judicial-pondria-riesgo-tmec\/\" target=\"_blank\" rel=\"noopener\">riesgos<\/a>\u00a0a la\u00a0<strong>econom\u00eda<\/strong>\u00a0de\u00a0<strong>M\u00e9xico<\/strong>\u00a0al desalentar las inversiones, sobrecargar las finanzas p\u00fablicas e incluso poner en riesgo el T-MEC.<\/p>\n<div id=\"ros-inread-multiple-a873f3\" class=\"ad-container dfp-ad-unit ad-inread ad-slot\" data-ad-type=\"inreadbox\" data-slot=\"inread-multiple\" data-ad-loaded=\"1\" data-ad-setup=\"{&quot;postID&quot;:1647291,&quot;canRefresh&quot;:false,&quot;infinitescroll&quot;:false}\" data-google-query-id=\"COiE4aqLm4gDFZv09QIdfc0Kdg\"><\/div>\n<div data-ad-type=\"inreadbox\" data-slot=\"inread-multiple\" data-ad-loaded=\"1\" data-ad-setup=\"{&quot;postID&quot;:1647291,&quot;canRefresh&quot;:false,&quot;infinitescroll&quot;:false}\" data-google-query-id=\"COiE4aqLm4gDFZv09QIdfc0Kdg\">\n<p>Ana Lilia Moreno, coordinadora del Programa de Competencia y Regulaci\u00f3n de\u00a0<strong>M\u00e9xico Eval\u00faa<\/strong>, mencion\u00f3 que la\u00a0<a href=\"https:\/\/lopezdoriga.com\/?s=reforma+poder+judicial\" target=\"_blank\" rel=\"noopener\">propuesta<\/a>\u00a0podr\u00eda implicar que M\u00e9xico sea considerado como una \u201c<strong>econom\u00eda de no mercado<\/strong>\u201d ante la\u00a0<strong>injerencia del Estado<\/strong>\u00a0sobre aspectos de regulaci\u00f3n y de control para el\u00a0<strong>ecosistema de<\/strong>\u00a0<strong>negocios<\/strong>.<\/p>\n<p>Dijo que esto afectar\u00eda al\u00a0<strong>T-MEC<\/strong>, que impide la relaci\u00f3n con\u00a0<strong>econom\u00edas de no mercado<\/strong>\u00a0en uno de sus cap\u00edtulos.<\/p>\n<p>Adem\u00e1s, la reforma al Poder Judicial\u00a0<strong>violenta tres cap\u00edtulos del T-MEC<\/strong>, seg\u00fan indic\u00f3 Mariana Campos, directora general de M\u00e9xico Eval\u00faa: el 14 sobre\u00a0<strong>inversiones<\/strong>; el 23 sobre\u00a0<strong>temas laborales<\/strong>; y el 27 sobre\u00a0<strong>pol\u00edticas<\/strong>\u00a0<strong>anticorrupci\u00f3n<\/strong>.<\/p>\n<p>Explic\u00f3 que estos tres preceptos est\u00e1n en alerta porque requieren de\u00a0<strong>tribunales independientes<\/strong>\u00a0e\u00a0<strong>imparciales<\/strong>, lo que no garantiza la actual iniciativa, que pretende elegir en las urnas a jueces, magistrados y ministros de la Suprema Corte de Justicia de la Naci\u00f3n (SCJN).<\/p>\n<p>Apunt\u00f3 que este mecanismo podr\u00eda abrir la puerta a otro tipo de injerencias e influencias, donde el\u00a0<strong>crimen organizado\u00a0<\/strong>podr\u00eda\u00a0<strong>presionar\u00a0<\/strong>en las elecciones o aportar dinero para las campa\u00f1as.<\/p>\n<\/div>\n<div class=\"ad-container dfp-ad-unit ad-inread ad-slot\" data-ad-type=\"inreadbox\" data-slot=\"inread-multiple\" data-ad-loaded=\"1\" data-ad-setup=\"{&quot;postID&quot;:1647291,&quot;canRefresh&quot;:false,&quot;infinitescroll&quot;:false}\" data-google-query-id=\"CLvNua-Lm4gDFafPTwId8RcVRg\">\n<p>Campos cit\u00f3 que tan solo la elecci\u00f3n de 41 jueces estatales en Estados Unidos en 2021 cost\u00f3 casi 100 millones de d\u00f3lares, mientras que en M\u00e9xico se plantean comicios para casi 7 mil juzgadores.<\/p>\n<div class=\"entry-content entry-grid mx-auto col-12 col-lg-12 col-xl-10\">\n<div class=\"entry-grid__content-area2 entry-main-text\">\n<div class=\"row\">\n<div class=\"col-12 col-lg-8\">\n<div class=\"article-content\">\n<p>Con informaci\u00f3n de L\u00f3pez-D\u00f3riga Digital y EFE<\/p>\n<\/div>\n<\/div>\n<\/div>\n<\/div>\n<\/div>\n<\/div>\n","protected":false},"excerpt":{"rendered":"<p>El republicano Michael McCaul advirti\u00f3 a los mexicanos que \u201csi se implementan algunas de estas reformas\u201d podr\u00eda verse afectada la revisi\u00f3n del T-MEC en 2026. La\u00a0reforma\u00a0al\u00a0Poder Judicial\u00a0en M\u00e9xico escal\u00f3 en\u00a0Estados Unidos\u00a0a la\u00a0C\u00e1mara de Representantes, despu\u00e9s de los pronunciamientos del embajador Ken Salazar y el subsecretario de Estado, Brian A. Nichols. El\u00a0republicano Michael McCaul\u00a0se manifest\u00f3 profundamente\u00a0preocupado\u00a0por las\u00a0iniciativas de reforma\u00a0presentadas en febrero pasado por el presidente\u00a0Andr\u00e9s Manuel L\u00f3pez Obrador. Pueden echar por tierra a\u00f1os de progreso econ\u00f3mico y construcci\u00f3n de alianzas al erosionar la democracia en el pa\u00eds\u201d, opin\u00f3 la sesi\u00f3n de este jueves. El representante de izquierda advirti\u00f3 a los mexicanos [&hellip;]<\/p>\n","protected":false},"author":3,"featured_media":92603,"comment_status":"open","ping_status":"open","sticky":false,"template":"","format":"standard","meta":{"_jetpack_newsletter_access":"","_jetpack_dont_email_post_to_subs":false,"_jetpack_newsletter_tier_id":0,"_jetpack_memberships_contains_paywalled_content":false,"_jetpack_feature_clip_id":0,"_jetpack_memberships_contains_paid_content":false,"footnotes":"","jetpack_publicize_message":"","jetpack_publicize_feature_enabled":true,"jetpack_social_post_already_shared":true,"jetpack_social_options":{"image_generator_settings":{"template":"highway","default_image_id":0,"font":"","enabled":false},"version":2},"jetpack_post_was_ever_published":false},"categories":[89,72],"tags":[],"class_list":["post-102333","post","type-post","status-publish","format-standard","has-post-thumbnail","hentry","category-internacional","category-portada","post--single"],"jetpack_publicize_connections":[],"jetpack_featured_media_url":"https:\/\/ovelanalista.com\/wp-content\/uploads\/2024\/03\/mazo-juez-justicia-sentencia.webp","jetpack_sharing_enabled":true,"_links":{"self":[{"href":"https:\/\/ovelanalista.com\/index.php?rest_route=\/wp\/v2\/posts\/102333","targetHints":{"allow":["GET"]}}],"collection":[{"href":"https:\/\/ovelanalista.com\/index.php?rest_route=\/wp\/v2\/posts"}],"about":[{"href":"https:\/\/ovelanalista.com\/index.php?rest_route=\/wp\/v2\/types\/post"}],"author":[{"embeddable":true,"href":"https:\/\/ovelanalista.com\/index.php?rest_route=\/wp\/v2\/users\/3"}],"replies":[{"embeddable":true,"href":"https:\/\/ovelanalista.com\/index.php?rest_route=%2Fwp%2Fv2%2Fcomments&post=102333"}],"version-history":[{"count":1,"href":"https:\/\/ovelanalista.com\/index.php?rest_route=\/wp\/v2\/posts\/102333\/revisions"}],"predecessor-version":[{"id":102337,"href":"https:\/\/ovelanalista.com\/index.php?rest_route=\/wp\/v2\/posts\/102333\/revisions\/102337"}],"wp:featuredmedia":[{"embeddable":true,"href":"https:\/\/ovelanalista.com\/index.php?rest_route=\/wp\/v2\/media\/92603"}],"wp:attachment":[{"href":"https:\/\/ovelanalista.com\/index.php?rest_route=%2Fwp%2Fv2%2Fmedia&parent=102333"}],"wp:term":[{"taxonomy":"category","embeddable":true,"href":"https:\/\/ovelanalista.com\/index.php?rest_route=%2Fwp%2Fv2%2Fcategories&post=102333"},{"taxonomy":"post_tag","embeddable":true,"href":"https:\/\/ovelanalista.com\/index.php?rest_route=%2Fwp%2Fv2%2Ftags&post=102333"}],"curies":[{"name":"wp","href":"https:\/\/api.w.org\/{rel}","templated":true}]}}