{"id":102345,"date":"2024-08-29T21:10:11","date_gmt":"2024-08-30T03:10:11","guid":{"rendered":"https:\/\/ovelanalista.com\/?p=102345"},"modified":"2024-08-29T21:10:11","modified_gmt":"2024-08-30T03:10:11","slug":"ahome-es-galardonado-por-buenas-practicas-por-parte-de-inafed","status":"publish","type":"post","link":"https:\/\/ovelanalista.com\/?p=102345","title":{"rendered":"Ahome es galardonado por Buenas Pr\u00e1cticas por parte de INAFED."},"content":{"rendered":"<p><strong><em>Con la presentaci\u00f3n del programa \u201cPor Humanismo, JAPAMA de tu lado\u201d, Ahome logr\u00f3 el primer lugar a nivel estatal y se coloc\u00f3 en el top 10 en el nacional\u2026<\/em><\/strong><\/p>\n<p><strong>Los Mochis, Ahome, Sinaloa, a 29 de Agosto del 2024.-\u00a0<\/strong>El Instituto Nacional para el Federalismo y el Desarrollo Municipal (INAFED) reconoci\u00f3 a Ahome por sus Buenas Practicas Municipales de la Gu\u00eda Consultiva de Desempe\u00f1o Municipal 2024, esto por su programa \u201cPor Humanismo, JAPAMA de tu lado\u201d.<\/p>\n<p>En conferencia de prensa, el Alcalde Gerardo Vargas Landeros inform\u00f3 que el municipio qued\u00f3 en primer lugar a trav\u00e9s del Instituto Estatal para el Federalismo con dicho programa y en el top 10 a nivel nacional.<\/p>\n<p>\u201cEn Sinaloa obtuvimos el primer lugar, luego nos fuimos con esa competencia al nacional y quedamos dentro de los primeros cinco o cuatro municipios mejor evaluados del pa\u00eds en su desempe\u00f1o\u201d.<\/p>\n<p>Con esto el municipio contin\u00faa la suma de reconocimientos por sus buenas pr\u00e1cticas en diversos \u00e1mbitos, pues hace unos meses el Instituto Municipal para el Desarrollo e Inclusi\u00f3n de las Personas con Discapacidad (IMDIS) de Ahome, el primero de su tipo en Sinaloa, recibi\u00f3 la Medalla Nacional Gilberto Rinc\u00f3n Gallardo-Telet\u00f3n, por si promoci\u00f3n de la inclusi\u00f3n a trav\u00e9s de campa\u00f1as de sensibilizaci\u00f3n y capacitaci\u00f3n.<\/p>\n<p>Cabe mencionar que el IMDIS ha colocado a m\u00e1s de 100 personas con discapacidad en el mercado laboral formal.<\/p>\n","protected":false},"excerpt":{"rendered":"<p>Con la presentaci\u00f3n del programa \u201cPor Humanismo, JAPAMA de tu lado\u201d, Ahome logr\u00f3 el primer lugar a nivel estatal y se coloc\u00f3 en el top 10 en el nacional\u2026 Los Mochis, Ahome, Sinaloa, a 29 de Agosto del 2024.-\u00a0El Instituto Nacional para el Federalismo y el Desarrollo Municipal (INAFED) reconoci\u00f3 a Ahome por sus Buenas Practicas Municipales de la Gu\u00eda Consultiva de Desempe\u00f1o Municipal 2024, esto por su programa \u201cPor Humanismo, JAPAMA de tu lado\u201d. En conferencia de prensa, el Alcalde Gerardo Vargas Landeros inform\u00f3 que el municipio qued\u00f3 en primer lugar a trav\u00e9s del Instituto Estatal para el Federalismo [&hellip;]<\/p>\n","protected":false},"author":3,"featured_media":102346,"comment_status":"open","ping_status":"open","sticky":false,"template":"","format":"standard","meta":{"_jetpack_newsletter_access":"","_jetpack_dont_email_post_to_subs":false,"_jetpack_newsletter_tier_id":0,"_jetpack_memberships_contains_paywalled_content":false,"_jetpack_feature_clip_id":0,"_jetpack_memberships_contains_paid_content":false,"footnotes":"","jetpack_publicize_message":"","jetpack_publicize_feature_enabled":true,"jetpack_social_post_already_shared":true,"jetpack_social_options":{"image_generator_settings":{"template":"highway","default_image_id":0,"font":"","enabled":false},"version":2},"jetpack_post_was_ever_published":false},"categories":[72,85],"tags":[],"class_list":["post-102345","post","type-post","status-publish","format-standard","has-post-thumbnail","hentry","category-portada","category-sinaloa-norte","post--single"],"jetpack_publicize_connections":[],"jetpack_featured_media_url":"https:\/\/ovelanalista.com\/wp-content\/uploads\/2024\/08\/WhatsApp-Image-2024-08-29-at-12.36.09-PM-2.jpeg","jetpack_sharing_enabled":true,"_links":{"self":[{"href":"https:\/\/ovelanalista.com\/index.php?rest_route=\/wp\/v2\/posts\/102345","targetHints":{"allow":["GET"]}}],"collection":[{"href":"https:\/\/ovelanalista.com\/index.php?rest_route=\/wp\/v2\/posts"}],"about":[{"href":"https:\/\/ovelanalista.com\/index.php?rest_route=\/wp\/v2\/types\/post"}],"author":[{"embeddable":true,"href":"https:\/\/ovelanalista.com\/index.php?rest_route=\/wp\/v2\/users\/3"}],"replies":[{"embeddable":true,"href":"https:\/\/ovelanalista.com\/index.php?rest_route=%2Fwp%2Fv2%2Fcomments&post=102345"}],"version-history":[{"count":1,"href":"https:\/\/ovelanalista.com\/index.php?rest_route=\/wp\/v2\/posts\/102345\/revisions"}],"predecessor-version":[{"id":102347,"href":"https:\/\/ovelanalista.com\/index.php?rest_route=\/wp\/v2\/posts\/102345\/revisions\/102347"}],"wp:featuredmedia":[{"embeddable":true,"href":"https:\/\/ovelanalista.com\/index.php?rest_route=\/wp\/v2\/media\/102346"}],"wp:attachment":[{"href":"https:\/\/ovelanalista.com\/index.php?rest_route=%2Fwp%2Fv2%2Fmedia&parent=102345"}],"wp:term":[{"taxonomy":"category","embeddable":true,"href":"https:\/\/ovelanalista.com\/index.php?rest_route=%2Fwp%2Fv2%2Fcategories&post=102345"},{"taxonomy":"post_tag","embeddable":true,"href":"https:\/\/ovelanalista.com\/index.php?rest_route=%2Fwp%2Fv2%2Ftags&post=102345"}],"curies":[{"name":"wp","href":"https:\/\/api.w.org\/{rel}","templated":true}]}}