{"id":102359,"date":"2024-08-30T10:08:14","date_gmt":"2024-08-30T16:08:14","guid":{"rendered":"https:\/\/ovelanalista.com\/?p=102359"},"modified":"2024-08-30T10:08:14","modified_gmt":"2024-08-30T16:08:14","slug":"el-culiacanazo-3-0","status":"publish","type":"post","link":"https:\/\/ovelanalista.com\/?p=102359","title":{"rendered":"El Culiacanazo 3.0"},"content":{"rendered":"<div>TRANSICI\u00d3N<\/div>\n<div><\/div>\n<div><\/div>\n<div>La tolerancia llegar\u00e1 a tal nivel que las personas inteligentes tendr\u00e1n prohibido pensar para no ofender a los imb\u00e9ciles\u201d. Frase de Fi\u00f3dor Dostoyeski.<\/div>\n<div><strong>Oswaldo Villase\u00f1or<\/strong><\/div>\n<div><\/div>\n<div>Para acabarla de amolar otra vez fue en jueves. Horas antes de que se diera el \u201cCuliacanazo 3.0\u201d y de nuevo la ciudad se viera paralizada y bloqueada en su acceso o salida norte con carros y camiones incendiados, la FGR emiti\u00f3 su nuevo y tercer comunicado sobre las investigaciones de la captura de El Mayo Zambada y el asesinato de Cuen. Pr\u00e1cticamente enfoc\u00f3 toda la responsabilidad al grupo de Los Chapitos.<\/div>\n<div>\u00bfHubo relaci\u00f3n entre un hecho y el otro? \u00bfFue la respuesta de Los Chapitos a la FGR por su incriminaci\u00f3n y volvi\u00f3 a mostrar su poder\u00edo b\u00e9lico? Qui\u00e9n sabe.<\/div>\n<div>Lo cierto es que los dos hechos dan mucho de qu\u00e9 hablar.<\/div>\n<div>Una vez m\u00e1s el narco y otra vez \u201cLos Chapitos\u201d seg\u00fan se juzga por la zona donde ocurrieron los hechos y los rumores de presunta captura que se desataron, volvieron a mostrar su poder\u00edo b\u00e9lico y volvieron a paralizar Culiac\u00e1n. Se vivi\u00f3 pues, \u201cEl Culiacanazo 3.0\u201d.<\/div>\n<div>\u00bfQu\u00e9 fue de menor intensidad b\u00e9lica o violenta? Siii,\u00a0 de hecho as\u00ed fue.<\/div>\n<div>Sin embargo, Culiac\u00e1n volvi\u00f3 a mostrar al mundo que est\u00e1 bajo el poder de las armas y el narco. La ciudad de inmediato se paraliz\u00f3. Los restaurantes cerraron y sacaron a la gente que estaba en ellos. Los negocios ubicados en plazas comerciales cerraron. Las escuelas suspendieron clases, las corridas de camiones urbanos tambi\u00e9n suspendieron y los taxis desaparecieron. Mucha gente se qued\u00f3 varada en el centro de la ciudad sin poder regresar a sus hogares.<\/div>\n<div>Los vuelos de las aerol\u00edneas con llegada a Culiac\u00e1n se suspendieron por varias horas. En pocas palabras, se vivi\u00f3 la misma pel\u00edcula ya vista. Eso s\u00ed, la intensidad b\u00e9lica y violenta fue menor, pues nunca hubo la captura de alguno de los l\u00edderes. No fue necesario. Con la demostraci\u00f3n daba fue suficiente.<\/div>\n<div>Por la tarde noche, se escucharon detonaciones por diversos puntos de la ciudad. As\u00ed, disparos al aire como cuando se festeja la llegada del a\u00f1o nuevo. \u00bfY ayer qu\u00e9 se festejaba\u201d.<\/div>\n<div>Al gober de Sinaloa los hechos los agarraron fuera de la entidad. Por la ma\u00f1ana vol\u00f3 a la Ciudad de\u00a0 M\u00e9xico acompa\u00f1ado de su Secretario de Salud.<\/div>\n<div>Ya ca\u00edda la tarde, la ciudad regres\u00f3 a su \u201cnormalidad\u201d. Las calles estaban completamente solas, sin tr\u00e1fico y la gente que qued\u00f3 varada en el centro empez\u00f3 a regresar a sus hogares caminando. No hab\u00eda otra forma. Nadie quer\u00eda salir de sus casas.<\/div>\n<div>Patrullas de la Guardia Nacional recorr\u00edan la ciudad. Detr\u00e1s de ellos, decenas de punteros -los informantes del narco-. Juntos hac\u00edan el uno-dos en el regreso a la normalidad de Culiac\u00e1n y mostraban que ya hab\u00eda calma y se pod\u00eda salir de nuevo.<\/div>\n<div>Para hoy, la autoridad orden\u00f3 el regreso a clases y todo habr\u00e1, ahora s\u00ed, regresado a la normalidad de una ciudad que volvi\u00f3 a mostrar al mundo como se vive ac\u00e1.<\/div>\n<div>As\u00ed, sin quitarle ni ponerle.<\/div>\n<div>Habr\u00e1 que estar pendientes.<\/div>\n<div>PASO A PASITO.-La FGR presume que la captura o secuestro de El Mayo se dio por un probable intercambio de beneficios para los hermanos Ovidio y Joaqu\u00edn Guzm\u00e1n L\u00f3pez.<\/div>\n<div>\u00bfY en qu\u00e9 basa esa presunci\u00f3n o l\u00ednea de investigaci\u00f3n? Bueno, en reportes period\u00edsticos que muestran una secuencia de hechos ocurridos y a lo dicho por el embajador de EU en M\u00e9xico, Ken Salazar.<\/div>\n<div>El bolet\u00edn dice lo siguiente:<\/div>\n<div>En la investigaci\u00f3n del caso \u201cIsmael \u201cN\u201d-Joaqu\u00edn \u201cN\u201d, la Fiscal\u00eda General de la Rep\u00fablica (FGR), ha obtenido datos probatorios de una secuencia cronol\u00f3gica, la cual se inicia con la excarcelaci\u00f3n de Ovidio \u201cG\u201d, de una prisi\u00f3n de alta seguridad del sistema carcelario estadounidense, en fecha 23 de julio de 2024, (dos d\u00edas antes del presunto secuestro de Ismael \u201cN\u201d); desconoci\u00e9ndose, hasta el momento, cu\u00e1l es el estatus actual de dicha persona y su ubicaci\u00f3n dentro del territorio norteamericano.<\/div>\n<div>Posteriormente, y cuando ya se hab\u00eda cometido el presunto secuestro de Ismael \u201cN\u201d, por parte de Joaqu\u00edn \u201cN\u201d, el 9 de agosto de 2024, el Embajador de los EUA en M\u00e9xico manifest\u00f3 p\u00fablicamente que Ismael \u201cN\u201d, hab\u00eda sido llevado a los EUA, contra su voluntad.<\/div>\n<div>El 10 de agosto, el abogado de Ismael \u201cN\u201d, Frank P\u00e9rez, public\u00f3 en los medios nacionales e internacionales, una declaraci\u00f3n del presunto secuestrado en la que describe, con todo detalle, la forma como se llev\u00f3 a cabo violentamente su propio secuestro; lo cual consta en la carpeta de investigaci\u00f3n correspondiente.<\/div>\n<div>Despu\u00e9s de lo anterior, el Fiscal General de los Estados Unidos de Norteam\u00e9rica (EUA), en fecha 16 de agosto de 2024, manifest\u00f3 a esta instituci\u00f3n que Ismael \u201cN\u201d, lleg\u00f3 a ese pa\u00eds contra su voluntad y que se hab\u00eda tenido conocimiento de varias propuestas de Joaqu\u00edn \u201cN\u201d, para entregarse a las autoridades de los EUA. Ufff que investigaci\u00f3n tan cient\u00edfica realiz\u00f3 la FGR para aclarar los hechos.<\/div>\n<div>OTRO PASITO.-\u00bfY d\u00f3nde est\u00e1 el piloto? Bueno esto es lo que dice la FGR en su bolet\u00edn.<\/div>\n<div>Por lo que toca a la aeronave Beechcraft 200 con la que presuntamente se cometieron los delitos referidos, y que el Gobierno norteamericano permiti\u00f3 que fuera inspeccionada en su territorio por las autoridades mexicanas, se encontr\u00f3 que \u00e9sta llevaba la matr\u00edcula N287KA y la serie BB1137; ambas falsas y sobrepuestas en esa aeronave; ya que los datos de investigaci\u00f3n se\u00f1alan que la matr\u00edcula legal de ese avi\u00f3n era N44JN y la serie original legal BB191.<\/div>\n<div>Adem\u00e1s, se obtuvo la informaci\u00f3n de que la matr\u00edcula original norteamericana de esa aeronave, en 2019, era N200TP.\u00a0 Posteriormente, dicha aeronave fue trasladada a Colombia, donde la dieron de alta con la matr\u00edcula colombiana HK4658G. Para despu\u00e9s, en el 2021, obtener una nueva matr\u00edcula en los EUA, N44JN; la cual no es coincidente con la que actualmente ostenta tal aeronave, pues \u00e9sta es presuntamente falsa y sobrepuesta.<\/div>\n<div>Por ello, es indispensable obtener con urgencia la informaci\u00f3n respectiva; as\u00ed como tambi\u00e9n la identificaci\u00f3n y documentaci\u00f3n del piloto o pilotos de ese avi\u00f3n que hayan intervenido en dicho vuelo, cuya aproximaci\u00f3n y aterrizaje en ese pa\u00eds fueron autorizados por las agencias competentes del Gobierno de los EUA; lo cual ya se ha solicitado en dos ocasiones, v\u00eda asistencia jur\u00eddica internacional; y en tres ocasiones, v\u00eda INTERPOL; y hasta el momento no ha habido una respuesta. En raz\u00f3n de lo anterior, la FGR seguir\u00e1 requiriendo lo procedente, en este caso.<\/div>\n<div>UN PASITO M\u00c1S.-La FGR citar\u00e1 a todos los funcionarios de la FGE de Sinaloa que pudieran estar implicados en las omisiones de las investigaciones periciales sobre el asesinato de H\u00e9ctor Melesio Cuen.<\/div>\n<div>\u00bfPero para que pues? Ya dijo la nueva fiscal que haga lo mismo y que pudieran ser fallas administrativas nada m\u00e1s. Una suspensi\u00f3n de 3 d\u00edas sin goce de sueldo es m\u00e1s que suficiente.<\/div>\n<div>A\u00fan as\u00ed; esto dijo la FGR en su bolet\u00edn.<\/div>\n<div>Por lo que toca a la investigaci\u00f3n de los hechos ocurridos en Huertos del Pedregal, Culiac\u00e1n, Sinaloa, relacionados con el homicidio de H\u00e9ctor \u201cN\u201d, y de las supuestas escoltas de Ismael \u201cN\u201d, esta Instituci\u00f3n proceder\u00e1 de inmediato a citar a los servidores p\u00fablicos de todos los niveles de la Fiscal\u00eda local, incluyendo a polic\u00edas y peritos,\u00a0 que hayan intervenido en las diligencias del fuero com\u00fan, o que tengan alg\u00fan v\u00ednculo con esos hechos para, con ello, precisar los datos pertinentes de su actuaci\u00f3n.<\/div>\n<div>No pos wow. Ya aclarado todo. A \u00c9l Mayo lo secuestro Joaqu\u00edn Guzm\u00e1n L\u00f3pez y a Cuen lo mat\u00f3 el narco.<\/div>\n<div>\u00bfY entonces a qui\u00e9n intent\u00f3 proteger la FGE con el montaje del supuesto asesinato en la gasolinera y las omisiones en las investigaciones periciales.<\/div>\n<div>\u00bfAl narco? Ufff\u2026eso ser\u00eda grave. \u00bfA alguien m\u00e1s? Se va a saber. \u00bfFueron omisiones sin dolo de los peritos? Uff\u2026SEP; investiga la calidad acad\u00e9mica de la Universidad del Polic\u00eda. Algo no anda bien.<\/div>\n<div>PASITO CH\u00c9VERE.-<\/div>\n<div>S\u00edguenos En:<\/div>\n<div>Ovelanalista.com<\/div>\n<div>Twitteer.- @oswaldo villase<\/div>\n<div>Facebook.-OV El Analista<\/div>\n<div>Megacanal canal 151 y 1151 de lunes a viernes de 1:30 a 2 de la tarde y s\u00e1bados de 11 a 12.<\/div>\n<div>CDMX y todo el pa\u00eds.<\/div>\n<div>Indice pol\u00edtico.com.<\/div>\n<div>La Pol\u00edtica OnLine.com<\/div>\n<div>MxPolitico.net NoticiasMx<\/div>\n<div>WhatsApp. 6681640391 m\u00e1ndanos un mensaje y recibe nuestra informaci\u00f3n<\/div>\n","protected":false},"excerpt":{"rendered":"<p>TRANSICI\u00d3N La tolerancia llegar\u00e1 a tal nivel que las personas inteligentes tendr\u00e1n prohibido pensar para no ofender a los imb\u00e9ciles\u201d. Frase de Fi\u00f3dor Dostoyeski. Oswaldo Villase\u00f1or Para acabarla de amolar otra vez fue en jueves. Horas antes de que se diera el \u201cCuliacanazo 3.0\u201d y de nuevo la ciudad se viera paralizada y bloqueada en su acceso o salida norte con carros y camiones incendiados, la FGR emiti\u00f3 su nuevo y tercer comunicado sobre las investigaciones de la captura de El Mayo Zambada y el asesinato de Cuen. Pr\u00e1cticamente enfoc\u00f3 toda la responsabilidad al grupo de Los Chapitos. \u00bfHubo relaci\u00f3n [&hellip;]<\/p>\n","protected":false},"author":3,"featured_media":89745,"comment_status":"open","ping_status":"open","sticky":false,"template":"","format":"standard","meta":{"_jetpack_newsletter_access":"","_jetpack_dont_email_post_to_subs":false,"_jetpack_newsletter_tier_id":0,"_jetpack_memberships_contains_paywalled_content":false,"_jetpack_feature_clip_id":0,"_jetpack_memberships_contains_paid_content":false,"footnotes":"","jetpack_publicize_message":"","jetpack_publicize_feature_enabled":true,"jetpack_social_post_already_shared":true,"jetpack_social_options":{"image_generator_settings":{"template":"highway","default_image_id":0,"font":"","enabled":false},"version":2},"jetpack_post_was_ever_published":false},"categories":[91],"tags":[],"class_list":["post-102359","post","type-post","status-publish","format-standard","has-post-thumbnail","hentry","category-transicion","post--single"],"jetpack_publicize_connections":[],"jetpack_featured_media_url":"https:\/\/ovelanalista.com\/wp-content\/uploads\/2024\/02\/WhatsApp-Image-2024-02-06-at-1.55.35-PM.jpeg","jetpack_sharing_enabled":true,"_links":{"self":[{"href":"https:\/\/ovelanalista.com\/index.php?rest_route=\/wp\/v2\/posts\/102359","targetHints":{"allow":["GET"]}}],"collection":[{"href":"https:\/\/ovelanalista.com\/index.php?rest_route=\/wp\/v2\/posts"}],"about":[{"href":"https:\/\/ovelanalista.com\/index.php?rest_route=\/wp\/v2\/types\/post"}],"author":[{"embeddable":true,"href":"https:\/\/ovelanalista.com\/index.php?rest_route=\/wp\/v2\/users\/3"}],"replies":[{"embeddable":true,"href":"https:\/\/ovelanalista.com\/index.php?rest_route=%2Fwp%2Fv2%2Fcomments&post=102359"}],"version-history":[{"count":1,"href":"https:\/\/ovelanalista.com\/index.php?rest_route=\/wp\/v2\/posts\/102359\/revisions"}],"predecessor-version":[{"id":102362,"href":"https:\/\/ovelanalista.com\/index.php?rest_route=\/wp\/v2\/posts\/102359\/revisions\/102362"}],"wp:featuredmedia":[{"embeddable":true,"href":"https:\/\/ovelanalista.com\/index.php?rest_route=\/wp\/v2\/media\/89745"}],"wp:attachment":[{"href":"https:\/\/ovelanalista.com\/index.php?rest_route=%2Fwp%2Fv2%2Fmedia&parent=102359"}],"wp:term":[{"taxonomy":"category","embeddable":true,"href":"https:\/\/ovelanalista.com\/index.php?rest_route=%2Fwp%2Fv2%2Fcategories&post=102359"},{"taxonomy":"post_tag","embeddable":true,"href":"https:\/\/ovelanalista.com\/index.php?rest_route=%2Fwp%2Fv2%2Ftags&post=102359"}],"curies":[{"name":"wp","href":"https:\/\/api.w.org\/{rel}","templated":true}]}}