{"id":102364,"date":"2024-08-30T10:15:43","date_gmt":"2024-08-30T16:15:43","guid":{"rendered":"https:\/\/ovelanalista.com\/?p=102364"},"modified":"2024-08-30T10:15:43","modified_gmt":"2024-08-30T16:15:43","slug":"la-guerra-esta-aqui-sacuden-balaceras-y-narcobloqueos-a-culiacan","status":"publish","type":"post","link":"https:\/\/ovelanalista.com\/?p=102364","title":{"rendered":"*La \u201cguerra\u201d est\u00e1 aqu\u00ed. Sacuden balaceras y narcobloqueos a Culiac\u00e1n"},"content":{"rendered":"<p>*La \u201cguerra\u201d est\u00e1 aqu\u00ed. Sacuden balaceras y narcobloqueos a Culiac\u00e1n<br \/>\n*Se rumoro que Iv\u00e1n Archivaldo Guzm\u00e1n l\u00edder de \u201cLos chapitos\u201d hab\u00eda sido detenido. Al final el Gobernador asegur\u00f3 que no hubo civiles detenidos<br \/>\n*Como en los \u201cculiacanazos\u201d anteriores, el d\u00eda de ayer los ciudadanos volvieron a vivir momentos de terror. Aseguran que la tranquilidad cuelga con alfileres<br \/>\n*El Gobernador rechaz\u00f3 que la \u201calerta\u201d de EEUU para no visitar Sinaloa por la violencia, no responden a la realidad. Horas despu\u00e9s se dieron balaceras y narcobloqueos<br \/>\n*Peor no pudo ser. As\u00ed fue el recibimiento a la nueva Fiscal de Sinaloa.<br \/>\n*La Fiscal\u00eda General de la Rep\u00fablica llamar\u00e1 a comparecer a funcionarios de la Fiscal\u00eda estatal en torno al caso Zambada y asesinato de Cuen Ojeda<br \/>\n*Por la noche de ayer, el Gobernador declar\u00f3 que Culiac\u00e1n hab\u00eda regresado \u201ca la normalidad\u201d<br \/>\n*Detecta ASE irregularidades en el erario p\u00fablico por m\u00e1s de 296 millones de pesos<\/p>\n<p><strong>En el blanco por Fernando Zepeda H.<\/strong><\/p>\n<p><strong>La guerra est\u00e1 aqu\u00ed.<\/strong>\u00a0Culiac\u00e1n vivi\u00f3 ayer un nuevo \u201cjueves negro\u201d. Para algunos era el pre\u00e1mbulo del \u201cculiacanazo 3.0\u201d. Para otros fue el rompimiento de la fr\u00e1gil tranquilidad que se vive en la capital de Sinaloa tras lo sucedido el \u201cjueves\u201d 25 de julio, cuando Ismael Zambada y Joaqu\u00edn Guzm\u00e1n L\u00f3pez aparecieron en Estados Unidos. Y ese mismo d\u00eda se registr\u00f3 el asesinato de Melesio Cuen Ojeda. Previo al caos que provoc\u00f3 temor entre los habitantes de Culiac\u00e1n, se report\u00f3 un cruento enfrentamiento entre militares y civiles.<\/p>\n<p><img decoding=\"async\" src=\"https:\/\/sinaloaenlinea.com\/wp-content\/uploads\/2024\/08\/Screenshot_20240829_221117_WhatsApp-1024x846.jpg\" \/><\/p>\n<p>Las armas de grueso calibre rugieron y rompieron el silencio de una amplia zona ubicada por la comunidad de Jes\u00fas Mar\u00eda. Justo en donde fue detenido por segunda ocasi\u00f3n Ovidio Guzm\u00e1n, el hijo de \u201cEl Chapo\u201d Guzm\u00e1n preso en Estados Unidos. Tras ese enfrentamiento se sucedieron hechos que elevaron los temores de los culiacanenses. Bloqueos carreteros, quema de veh\u00edculos, sobrevuelos de unidades artilladas, presencia de equipo militar blindado. El ulular de las sirenas y el traj\u00edn de un lado a otro de polic\u00edas y militares presagia lo peor.<\/p>\n<p>Horas despu\u00e9s del enfrentamiento y los bloqueos, comenz\u00f3 a circular el rumor de que Iv\u00e1n Archivaldo Guzm\u00e1n, el considerado m\u00e1s importantes del clan de \u201cLos chapitos\u201d hab\u00eda ca\u00eddo detenido. La versi\u00f3n cobr\u00f3 tal fuerza que medios nacionales lo comenzaron a dar como posible. Sin embargo, al final de la jornada violenta, las autoridades estatales y el propio Gobernador Rub\u00e9n Rocha Moya dieron a conocer que en la refriega no hubo detenidos. Y si realmente como parece ser, Iv\u00e1n Archivaldo se encontraba ah\u00ed y por momentos qued\u00f3 rodeado, \u00e9ste se logr\u00f3 pelar. Porque no por cualquiera se ordenaron entre los delincuentes los bloqueos y quema de veh\u00edculos.<\/p>\n<p>Y a eso habr\u00eda que sumarle que lanzaron \u201cponchallantas\u201d. Era para quienes presumen saber de esos menesteres, medidas para proteger la huida de \u201cEl jefe\u201d. Lo cierto es que oficialmente no hubo detenidos. Lo cierto tambi\u00e9n es que lo de ayer pudiera ser un posible inicio de la \u201cguerra\u201d anunciada al interior del cartel de Sinaloa. Porque Culiac\u00e1n concentra hoy en d\u00eda una gran cantidad de gentes armadas. Entre militares en exceso concentrados desde el \u201cjueves 25 de julio\u201d, polic\u00edas estatales, Guardia Nacional y de todos los cuerpos policiacos. A ellos habr\u00eda que sumarle el poder\u00edo b\u00e9lico del C\u00e1rtel de Sinaloa, mostrado ya en los dos \u201cculiacanazos\u201d.<\/p>\n<p><strong>T\u00f3mala.<\/strong>\u00a0Unas horas antes de la violenta jornada que vivi\u00f3 Culiac\u00e1n, el Gobernador Rub\u00e9n Rocha Moya hab\u00eda declarado que la \u201calerta\u201d declarada por Estados Unidos contra Sinaloa, por cuestiones de inseguridad, \u201cno corresponden a los datos reales que posicionan al Estado entre los m\u00e1s bajos en hechos delictivos\u201d. Todav\u00eda se escucha el eco de la voz del Gobernador cuando se vinieron las balaceras y los bloqueos. Algo tendr\u00e1 que hacer Rocha Moya para que coincidan los hechos reales con sus estad\u00edsticas e informes que le hacen llegar. Acababa re presumir que Culiac\u00e1n \u201cya sali\u00f3 de las 50 ciudades m\u00e1s peligrosos del Mundo\u201d. \u00a1P\u00e1catelas!. Y se le vino la noche.<\/p>\n<p><img decoding=\"async\" src=\"https:\/\/sinaloaenlinea.com\/wp-content\/uploads\/2024\/08\/WhatsApp-Image-2024-08-29-at-16.31.12-472x1024.jpeg\" \/><\/p>\n<p>El Gobernador deber\u00eda de contar con gentes de su total confianza que le informen lo que realmente est\u00e1 sucediendo en la capital del estado. De todos los estratos sociales hay una coincidencia. \u201cLa tranquilidad est\u00e1 colgando de alfileres\u201d. Esto claro despu\u00e9s del caso Zambada, Guzm\u00e1n L\u00f3pez y Cuen Ojeda.<\/p>\n<p><strong>El recibimiento.\u00a0<\/strong>Si su llegada a la Fiscal\u00eda General del Estado es cuestionable por la forma en que arriba y porque era parte del aparato que qued\u00f3 exhibido por la Fiscal\u00eda General de la Rep\u00fablica de manipular el caso del asesinato de Melesio Cuen Ojeda, Claudia S\u00e1nchez Kondo desde ayer tiene otro dolor de cabeza. Los sucesos violentos de ayer en Culiac\u00e1n marcan el inicio de sus labores al frente de la Fiscal\u00eda. Seguramente S\u00e1nchez Kondo ya estaba enterada de lo que oficialmente dio a conocer la FGR en el sentido de que \u201ctodos los involucrados en la integraci\u00f3n de la carpeta del caso Cuen Ojeda\u201d ser\u00e1n llamados a declarar, quiz\u00e1s por eso al tomar el cargo, adelant\u00f3 que habr\u00e1 una \u201csacudida\u201d.<\/p>\n<p><img decoding=\"async\" src=\"https:\/\/sinaloaenlinea.com\/wp-content\/uploads\/2024\/08\/Imagen-de-WhatsApp-2024-08-28-a-las-10.51.43_f5d040bd-1024x602.jpg\" \/><\/p>\n<p>La nueva Fiscal tendr\u00e1 que ser llamada para que declare. Pues ella era la titular de la Vicefiscal\u00eda en la zona centro. Y seguro tuvo mucho que ver en el tema. \u00bfSe imaginan que hubiera pasado si el Gobierno de Sinaloa no fuera de la 4T?. Simplemente se hubiera aplicado la Ley. La Fiscal Sara Bruna Qui\u00f1onez y todo aquel funcionario que actu\u00f3 directa e indirectamente en el caso Cuen Ojeda, ya estuvieran en calidad de detenidos. Y hasta\u00a0posiblemente sujetos a un proceso, m\u00ednimo por encubrimiento.<\/p>\n<p><strong>Regreso a la \u201cnormalidad\u201d<\/strong>.\u00a0Ya por la noche, el Gobernador Rub\u00e9n Rocha Moya dio a conocer que Culiac\u00e1n ya estaba \u201ccontrolada\u201d la situaci\u00f3n. Lo mismo hizo el Secretario de Seguridad P\u00fablica en Sinaloa Gerardo M\u00e9rida S\u00e1nchez. Circul\u00f3 por la tarde justo cuando m\u00e1s \u00e1lgida estaba la situaci\u00f3n, una fotograf\u00eda en donde aparec\u00eda el Gobernador en las instalaciones del Aeropuerto de Culiac\u00e1n. Se alistaba para viajar a la Ciudad de M\u00e9xico. Ya hab\u00eda adelantado que har\u00eda ese viaje para asistir al \u00faltimo informe del Presidente L\u00f3pez Obrador.<\/p>\n<p><img decoding=\"async\" src=\"https:\/\/sinaloaenlinea.com\/wp-content\/uploads\/2024\/08\/WhatsApp-Image-2024-08-29-at-19.45.05.jpeg\" \/><\/p>\n<p>No sabemos si pospuso por horas su viaje para quedarse en Culiac\u00e1n y seguir de cerca los acontecimientos violentos. Lo cierto es que emiti\u00f3 dos comunicados. El primero pidiendo calma a los ciudadanos y asegurar que las autoridades se estaban haciendo cargo de la situaci\u00f3n. Y el segundo para asegurar que ya todo estaba \u201ccontrolado\u201d.<\/p>\n<p><strong>Da\u00f1o a finanzas p\u00fablicas.\u00a0<\/strong>En un informe preliminar la Auditor\u00eda Superior en Sinaloa (ASE) detect\u00f3 irregularidades en la aplicaci\u00f3n de mil 381 millones 294 mil pesos del erario p\u00fablico. De acuerdo con la titular de la ASE Emma Guadalupe F\u00e9lix Rivera se abri\u00f3 el plazo para que respondieran a las observaciones. Al final la cantidad que se determin\u00f3 como da\u00f1o al erario fue por m\u00e1s de 296 millones de pesos. Ser\u00e1 interesante que la ASE le ponga nombre y apellido a las instancias que no aclararon el faltante y tambi\u00e9n aquellas que lograron solventar las observaciones para que los sinaloenses tengan informaci\u00f3n precisa de lo que esta administraci\u00f3n estatal hace con los dineros del presupuesto.<\/p>\n","protected":false},"excerpt":{"rendered":"<p>*La \u201cguerra\u201d est\u00e1 aqu\u00ed. Sacuden balaceras y narcobloqueos a Culiac\u00e1n *Se rumoro que Iv\u00e1n Archivaldo Guzm\u00e1n l\u00edder de \u201cLos chapitos\u201d hab\u00eda sido detenido. Al final el Gobernador asegur\u00f3 que no hubo civiles detenidos *Como en los \u201cculiacanazos\u201d anteriores, el d\u00eda de ayer los ciudadanos volvieron a vivir momentos de terror. Aseguran que la tranquilidad cuelga con alfileres *El Gobernador rechaz\u00f3 que la \u201calerta\u201d de EEUU para no visitar Sinaloa por la violencia, no responden a la realidad. Horas despu\u00e9s se dieron balaceras y narcobloqueos *Peor no pudo ser. As\u00ed fue el recibimiento a la nueva Fiscal de Sinaloa. *La Fiscal\u00eda [&hellip;]<\/p>\n","protected":false},"author":3,"featured_media":75732,"comment_status":"open","ping_status":"open","sticky":false,"template":"","format":"standard","meta":{"_jetpack_newsletter_access":"","_jetpack_dont_email_post_to_subs":false,"_jetpack_newsletter_tier_id":0,"_jetpack_memberships_contains_paywalled_content":false,"_jetpack_feature_clip_id":0,"_jetpack_memberships_contains_paid_content":false,"footnotes":"","jetpack_publicize_message":"","jetpack_publicize_feature_enabled":true,"jetpack_social_post_already_shared":true,"jetpack_social_options":{"image_generator_settings":{"template":"highway","default_image_id":0,"font":"","enabled":false},"version":2},"jetpack_post_was_ever_published":false},"categories":[79],"tags":[],"class_list":["post-102364","post","type-post","status-publish","format-standard","has-post-thumbnail","hentry","category-columnistas-nacionales","post--single"],"jetpack_publicize_connections":[],"jetpack_featured_media_url":"https:\/\/ovelanalista.com\/wp-content\/uploads\/2023\/06\/Fernando-Zepeda-Hurtado.png","jetpack_sharing_enabled":true,"_links":{"self":[{"href":"https:\/\/ovelanalista.com\/index.php?rest_route=\/wp\/v2\/posts\/102364","targetHints":{"allow":["GET"]}}],"collection":[{"href":"https:\/\/ovelanalista.com\/index.php?rest_route=\/wp\/v2\/posts"}],"about":[{"href":"https:\/\/ovelanalista.com\/index.php?rest_route=\/wp\/v2\/types\/post"}],"author":[{"embeddable":true,"href":"https:\/\/ovelanalista.com\/index.php?rest_route=\/wp\/v2\/users\/3"}],"replies":[{"embeddable":true,"href":"https:\/\/ovelanalista.com\/index.php?rest_route=%2Fwp%2Fv2%2Fcomments&post=102364"}],"version-history":[{"count":1,"href":"https:\/\/ovelanalista.com\/index.php?rest_route=\/wp\/v2\/posts\/102364\/revisions"}],"predecessor-version":[{"id":102365,"href":"https:\/\/ovelanalista.com\/index.php?rest_route=\/wp\/v2\/posts\/102364\/revisions\/102365"}],"wp:featuredmedia":[{"embeddable":true,"href":"https:\/\/ovelanalista.com\/index.php?rest_route=\/wp\/v2\/media\/75732"}],"wp:attachment":[{"href":"https:\/\/ovelanalista.com\/index.php?rest_route=%2Fwp%2Fv2%2Fmedia&parent=102364"}],"wp:term":[{"taxonomy":"category","embeddable":true,"href":"https:\/\/ovelanalista.com\/index.php?rest_route=%2Fwp%2Fv2%2Fcategories&post=102364"},{"taxonomy":"post_tag","embeddable":true,"href":"https:\/\/ovelanalista.com\/index.php?rest_route=%2Fwp%2Fv2%2Ftags&post=102364"}],"curies":[{"name":"wp","href":"https:\/\/api.w.org\/{rel}","templated":true}]}}