{"id":102372,"date":"2024-08-30T10:27:50","date_gmt":"2024-08-30T16:27:50","guid":{"rendered":"https:\/\/ovelanalista.com\/?p=102372"},"modified":"2024-08-30T10:27:50","modified_gmt":"2024-08-30T16:27:50","slug":"la-costumbre-del-poder-pregunten-a-los-5-interpelados-si-es-cierto-que-fueron-primero-los-pobres-pausar-es-estar-a-media-habla","status":"publish","type":"post","link":"https:\/\/ovelanalista.com\/?p=102372","title":{"rendered":"La Costumbre del Poder: Pregunten a los 5 interpelados si es cierto que fueron primero los pobres. \u00bfPausar es estar a media habla?"},"content":{"rendered":"<p><strong>* Nunca fueron \u201cprimero los pobres\u201d, como pueden atestiguarlo Germ\u00e1n Larrea, Carlos Slim, Ricardo Salinas, Alfonso Romo, Roc\u00edo Nahle, Layda Sansores, los L\u00f3pez Beltr\u00e1n. Lo que recibe como herencia la doctora Sheinbaum Pardo es un Estado fallido desde el punto de vista del desarrollo econ\u00f3mico, y una distorsi\u00f3n pol\u00edtica a la oferta de transformaci\u00f3n moral<\/strong><\/p>\n<p><strong>* El martes paus\u00f3 las relaciones con Estados Unidos, con la absoluta confianza de que su dicho carece de consecuencias reales, es una forma verbal de dorar la p\u00edldora a sus seguidores, porque ni las remesas, ni los convenios bilaterales, ni los cruces fronterizos, ni las deportaciones, ni el jugoso tr\u00e1fico de fentanilo se detendr\u00e1n. Todo es un asunto verbal<\/strong><\/p>\n<p><strong>* Una verdadera reforma judicial que implique elecci\u00f3n popular de jueces, debe ir acompa\u00f1ada de una elecci\u00f3n de fiscales. El inicio de la corrupci\u00f3n en la procuraci\u00f3n y administraci\u00f3n de justicia, est\u00e1 en el modo en que se integran las carpetas de investigaci\u00f3n<\/strong><\/p>\n<p><strong>Gregorio Ortega Molina<\/strong><\/p>\n<p>&nbsp;<\/p>\n<p>Quienes hoy gobiernan transformaron la empat\u00eda en una c\u00ednica mascarada pol\u00edtica, impulsada por esa\u00a0<strong>inteligente impostura de su l\u00edder: primero los pobres<\/strong>. \u00bfD\u00f3nde est\u00e1n hoy esos desfallecientes -asegur\u00f3 y todav\u00eda sostiene- por los cuales conquist\u00f3 el poder e hizo la 4T?<\/p>\n<p>Se antoja dif\u00edcil una explicaci\u00f3n que aten\u00fae el costo social y econ\u00f3mico de lo que viviremos en los pr\u00f3ximos meses.\u00a0<strong>Imposible les resultar\u00e1 disfrazar la realidad con los otros datos<\/strong>, porque las consecuencias de una pol\u00edtica econ\u00f3mica fallida se mostrar\u00e1n implacables. Los pl\u00e1sticos del bienestar se mostrar\u00e1n insuficientes para suplir el desempleo, la carencia de atenci\u00f3n m\u00e9dica p\u00fablica, la inseguridad, el cobro de piso y otras variedades de la extorsi\u00f3n puesta en pr\u00e1ctica por los se\u00f1ores del narco, que\u00a0<strong>bien aprendieron de las autoridades y transformaron el moche en \u201caportaci\u00f3n\u201d para el movimiento<\/strong>, y simple exigencia de ponerse a mano si se desea vivir en paz.<\/p>\n<p>La impostura, la mentira transparente y clara o las verdades a medias para ocultar un Estado fallido en materia econ\u00f3mica, no ser\u00e1n \u00fatiles para comprar tiempo y dejar a la heredera del \u201c movimiento\u201d, la responsable de edificarle un segundo piso, sin la posibilidad de que lo que sucede en el d\u00eda a d\u00eda en ciudades como Laredo, Camargo, Allende, San Fernando, se manifieste pronto y sin miramientos en toda la rep\u00fablica. El Otis sirvi\u00f3 para quitar la costra que ocultaba la podredumbre en Guerrero, notoriamente en Acapulco, de donde hoy brota pus a ojos vistas, y hiede tanto que intoxica y obnubila.<\/p>\n<p>La impostura moral de Andr\u00e9s Manuel L\u00f3pez Obrador potencia la apostas\u00eda en la que vive si su referente es la 4T: no mentir, no robar, no traicionar. Es el pol\u00edtico mexicano (\u00bfy del mundo mundial?) que m\u00e1s ha enga\u00f1ado a sus gobernados, y se solaza y sonr\u00ede porque a todo lo que provenga de la raz\u00f3n y la sensatez, sus fieles le dan \u201cChampot\u00f3n\u201d en cuanto escuchan alguna diatriba versus su impoluto l\u00edder.<\/p>\n<p>Nunca fueron \u201cprimero los pobres\u201d, como pueden atestiguarlo Germ\u00e1n Larrea, Carlos Slim, Ricardo Salinas, Alfonso Romo, Roc\u00edo Nahle, Layda Sansores, los L\u00f3pez Beltr\u00e1n. Lo que recibe como herencia la doctora Sheinbaum Pardo es un Estado fallido desde el punto de vista del desarrollo econ\u00f3mico, y una distorsi\u00f3n pol\u00edtica a la oferta de transformaci\u00f3n moral.<\/p>\n<p>&nbsp;<\/p>\n<p><strong>===000===<\/strong><\/p>\n<p><strong>\u00a0<\/strong><\/p>\n<p><strong>\u00bfQu\u00e9 es pausar las relaciones diplom\u00e1ticas?<\/strong><\/p>\n<p>Cuando mis padres se enfrascaban en alguna discusi\u00f3n sin vencedores, o compart\u00edan un mal momento, se pon\u00edan\u00a0<strong><em>a media habla<\/em><\/strong>, lo que implicaba que alguno de sus hijos funcionar\u00eda como mensajero entre ellos. Esos eventos duraban horas, d\u00edas, pero nunca semanas.<\/p>\n<p>Andr\u00e9s Manuel L\u00f3pez Obrador demuestra, una vez m\u00e1s, ser un art\u00edfice de la demagogia, y quiz\u00e1 su comportamiento indica que efectivamente es un farsante, porque s\u00f3lo es boquiflojo y nada m\u00e1s profiere amenazas, apoyado en su feligres\u00eda.<\/p>\n<p>Cuando pausa las relaciones con Espa\u00f1a, qu\u00e9 signific\u00f3 en los tratados comerciales, en el cumplimiento de los acuerdos internacionales. Importaciones y exportaciones continuaron normalmente.<\/p>\n<p>El martes paus\u00f3 las relaciones con Estados Unidos, con la absoluta confianza de que su dicho carece de consecuencias reales, es una forma verbal de dorar la p\u00edldora a sus seguidores, porque ni las remesas, ni los convenios bilaterales, ni los cruces fronterizos, ni las deportaciones, ni el jugoso tr\u00e1fico de fentanilo se detendr\u00e1n. Todo es un asunto verbal.<\/p>\n<p>Con un ingrediente adicional. Al incluir la reforma de los jueces sin rostro, reconoce el mismo presidente de la Rep\u00fablica, que los juzgadores no sueltan\u00a0\u00a0\u00a0 \u00a0-porque quieren o se corrompen- a los delincuentes, a los narcotraficantes, sino porque los amenazan.<\/p>\n<p>Una m\u00e1s. La doctora Sheinbaum opin\u00f3 sobre la elecci\u00f3n de jueces en Estados Unidos, pero fue incapaz de puntualizar que algunos fiscales tambi\u00e9n son electos. \u201cDependiendo del sistema particular del Estado o Condado, los fiscales de distrito pueden ser nombrados por el poder ejecutivo del estado o electos por el pueblo\u201d.\u00a0<strong>Una verdadera reforma judicial que implique elecci\u00f3n popular de jueces, debe ir acompa\u00f1ada de una elecci\u00f3n de fiscales<\/strong>. El inicio de la corrupci\u00f3n en la procuraci\u00f3n y administraci\u00f3n de justicia, est\u00e1 en el modo en que se integran las carpetas de investigaci\u00f3n.<\/p>\n<p><a href=\"http:\/\/www.gregorioortega.blog\/\">www.gregorioortega.blog<\/a><br \/>\n@OrtegaGregorio<\/p>\n","protected":false},"excerpt":{"rendered":"<p>* Nunca fueron \u201cprimero los pobres\u201d, como pueden atestiguarlo Germ\u00e1n Larrea, Carlos Slim, Ricardo Salinas, Alfonso Romo, Roc\u00edo Nahle, Layda Sansores, los L\u00f3pez Beltr\u00e1n. Lo que recibe como herencia la doctora Sheinbaum Pardo es un Estado fallido desde el punto de vista del desarrollo econ\u00f3mico, y una distorsi\u00f3n pol\u00edtica a la oferta de transformaci\u00f3n moral * El martes paus\u00f3 las relaciones con Estados Unidos, con la absoluta confianza de que su dicho carece de consecuencias reales, es una forma verbal de dorar la p\u00edldora a sus seguidores, porque ni las remesas, ni los convenios bilaterales, ni los cruces fronterizos, ni [&hellip;]<\/p>\n","protected":false},"author":3,"featured_media":91773,"comment_status":"open","ping_status":"open","sticky":false,"template":"","format":"standard","meta":{"_jetpack_newsletter_access":"","_jetpack_dont_email_post_to_subs":false,"_jetpack_newsletter_tier_id":0,"_jetpack_memberships_contains_paywalled_content":false,"_jetpack_feature_clip_id":0,"_jetpack_memberships_contains_paid_content":false,"footnotes":"","jetpack_publicize_message":"","jetpack_publicize_feature_enabled":true,"jetpack_social_post_already_shared":true,"jetpack_social_options":{"image_generator_settings":{"template":"highway","default_image_id":0,"font":"","enabled":false},"version":2},"jetpack_post_was_ever_published":false},"categories":[79],"tags":[],"class_list":["post-102372","post","type-post","status-publish","format-standard","has-post-thumbnail","hentry","category-columnistas-nacionales","post--single"],"jetpack_publicize_connections":[],"jetpack_featured_media_url":"https:\/\/ovelanalista.com\/wp-content\/uploads\/2024\/03\/Gregorio-Ortega-Molina.jpeg","jetpack_sharing_enabled":true,"_links":{"self":[{"href":"https:\/\/ovelanalista.com\/index.php?rest_route=\/wp\/v2\/posts\/102372","targetHints":{"allow":["GET"]}}],"collection":[{"href":"https:\/\/ovelanalista.com\/index.php?rest_route=\/wp\/v2\/posts"}],"about":[{"href":"https:\/\/ovelanalista.com\/index.php?rest_route=\/wp\/v2\/types\/post"}],"author":[{"embeddable":true,"href":"https:\/\/ovelanalista.com\/index.php?rest_route=\/wp\/v2\/users\/3"}],"replies":[{"embeddable":true,"href":"https:\/\/ovelanalista.com\/index.php?rest_route=%2Fwp%2Fv2%2Fcomments&post=102372"}],"version-history":[{"count":1,"href":"https:\/\/ovelanalista.com\/index.php?rest_route=\/wp\/v2\/posts\/102372\/revisions"}],"predecessor-version":[{"id":102373,"href":"https:\/\/ovelanalista.com\/index.php?rest_route=\/wp\/v2\/posts\/102372\/revisions\/102373"}],"wp:featuredmedia":[{"embeddable":true,"href":"https:\/\/ovelanalista.com\/index.php?rest_route=\/wp\/v2\/media\/91773"}],"wp:attachment":[{"href":"https:\/\/ovelanalista.com\/index.php?rest_route=%2Fwp%2Fv2%2Fmedia&parent=102372"}],"wp:term":[{"taxonomy":"category","embeddable":true,"href":"https:\/\/ovelanalista.com\/index.php?rest_route=%2Fwp%2Fv2%2Fcategories&post=102372"},{"taxonomy":"post_tag","embeddable":true,"href":"https:\/\/ovelanalista.com\/index.php?rest_route=%2Fwp%2Fv2%2Ftags&post=102372"}],"curies":[{"name":"wp","href":"https:\/\/api.w.org\/{rel}","templated":true}]}}