{"id":102376,"date":"2024-08-30T10:50:57","date_gmt":"2024-08-30T16:50:57","guid":{"rendered":"https:\/\/ovelanalista.com\/?p=102376"},"modified":"2024-08-30T10:30:37","modified_gmt":"2024-08-30T16:30:37","slug":"arrecian-protestas-criticas-y-advertencias-en-torno-a-las-reformas-venganzas-del-ganso","status":"publish","type":"post","link":"https:\/\/ovelanalista.com\/?p=102376","title":{"rendered":"Arrecian protestas cr\u00edticas y advertencias en torno a las reformas-venganzas del ganso"},"content":{"rendered":"<p><strong>Yo Campesino \/ \u00bfReforma gratis? \u00a1No!<\/strong><\/p>\n<p>\u2022\u00a0<em>Arrecian protestas cr\u00edticas y advertencias en torno a las reformas-venganzas del ganso<\/em><\/p>\n<p><strong>Miguel A. Rocha Valencia<\/strong><\/p>\n<p>&nbsp;<\/p>\n<p>Seguramente el ganso se lanzar\u00e1 contra la Universidad Nacional Aut\u00f3noma de M\u00e9xico, la confesional Universidad Iberoamericana y por qu\u00e9 no, despotricar\u00e1 contra el ITESU por sus estudiantes de Derecho quienes alzan la voz y saldr\u00e1n a la calle para sumarse a los trabajadores, jueces, magistrados y ministros del poder Judicial en repudio a las reformas que los lacayos de la 4T disfrazados de legisladores pretenden aprobar y someter a ese puntal constitucional.<\/p>\n<p>Es decir que los cortesanos de Morena podr\u00edan aprobar las reformas constitucionales gracias a la mayor\u00eda calificada que les regalaron los organismos electorales antes aut\u00f3nomos y hoy colonizados por la 4T, pero no ser\u00e1 gratis, el repudio social empieza tomar dimensiones nacionales a trav\u00e9s de los propios estudiantes de Derecho quienes exigen se respeten pilares fundamentales de la democracia y no sucumba el estado constitucional frente a las ambiciones y caprichos de quien se alza como mes\u00edas y resulta ser un sujeto mesi\u00e1nico, caprichoso y vengativo que hace del poder presidencial el arma para destruir a las instituciones.<\/p>\n<p>Con ello, los estudiantes de la Universidad Nacional Aut\u00f3noma de M\u00e9xico, UIA y el ITESU m\u00e1s quienes se sumen, inician un proceso de protestas que estallar\u00e1 el primero de septiembre cuando realicen una gran marcha para repudia la intentona golpista del peje y sus r\u00e9moras y a la cual se ha sumado al menos de palabra quien habr\u00eda de asumir la presidencia de M\u00e9xico para el pr\u00f3ximo sexenio.<\/p>\n<p>De tal suerte que a los conflictos diplom\u00e1ticos, econ\u00f3micos y de seguridad, se sumar\u00e1 el de la inconformidad social expresada por los j\u00f3venes mexicanos que representan el presente y no quieren heredar un pa\u00eds con r\u00e9gimen autoritario, una dictadura constitucional disfrazada de democracia y un falso concepto justiciero bajo el argumento de \u201cprimero los pobres\u201d que s\u00f3lo son usados c\u00ednicamente como bandera y estrategia pol\u00edtica para mantenerse en el poder.<\/p>\n<p>Ahora ya no s\u00f3lo son las advertencias de empresarios, juristas, analistas, organizaciones de la sociedad civil o los comentarios y temores manifestados por gobiernos \u201camigos\u201d, socios comerciales, inversionistas, bancos y calificadores internacionales, sino que poco a poco se mueven las aguas y ya tocaron a la UNAM donde han surgido cambios de fondo en la vida nacional.<\/p>\n<p>De ah\u00ed sali\u00f3 con todo y sus largos a\u00f1os de f\u00f3sil el propio caudillo y su protegida, la cient\u00edfica y deben saber porque ella fue activista que cuando la comunidad universitaria se mueve moviliza a la sociedad entera. NO se trata de acad\u00e9micos ni quienes presumen de ser catedr\u00e1ticos y otros entorchados de la m\u00e1xima casa de estudios a la cual traicionan como sucede con Olga S\u00e1nchez Cordero o Ricardo Monreal \u00c1vila. Ni hablar del expresidente de la SCJN, Arturo Zald\u00edvar Lelo, quien ya fue repudiado por su alma mater, la Escuela Libre de Derecho.<\/p>\n<p>Todos ellos incluyendo a la ministra pirata Jazm\u00edn Esquivel de Riobo\u00f3, tiraron a la basura los a\u00f1os de \u201cestudio\u201d en las respectivas facultades de derecho, entorchados de maestr\u00edas y doctorados as cambio de las croquetas de poder que les arroj\u00f3 el cadillo de Macuspana. Otros m\u00e1s recogen las migajas que les avienta la \u201ccient\u00edfica\u201d quien hoy sentir\u00e1 el rigor de la protesta estudiantil como aqu\u00e9llas que encabez\u00f3 al lado de Carlos \u00cdmaz o de su actual consorte.<\/p>\n<p>Cuidado, ya no s\u00f3lo son llamados a misa de una despreciable oposici\u00f3n que entreg\u00f3 al pa\u00eds al peje por sus errores y ambiciones, tampoco de los trabajadores del Poder Judicial que defienden no s\u00f3lo su autonom\u00eda sino a ese pilar de la Rep\u00fablica y la democracia, se trata de futuros profesionales que se nutren precisamente del marco legal para a trav\u00e9s de ello, servir a la Ley, esa que hoy el ganso quiere hacer suya y hered\u00e1rsela sin cortapisan ni estorbos a una sucesora que parece clonada en ideas, vocablos, rencores, soberbia y acciones.<\/p>\n<p>La lucha apenas inicia en realidad, veremos hasta d\u00f3nde llega, no basta diferir fechas sino desistir de venganzas, de falsa acusaciones, de utilizar el poder de manera facciosa y usar los medios de la Presidencia para desvirtuar a un poder aut\u00f3nomo constituido en valladar frente a los excesos de un Ejecutivo rapaz, mentiroso, c\u00f3mplice de criminales y vengativo<\/p>\n<p>Son muchas las voces que se alzan, ya no pueden ignorarlas, aunque el sujeto que denigra la banda presidencial diga que no la \u00fanica ley es la suya. Veremos si quien lo ha de sustituir y le debe todo es capaz de no escuchar las voces que ya se alzan como un clamor nacional e internacional. Esto apenas empieza, veremos c\u00f3mo acaba.<\/p>\n","protected":false},"excerpt":{"rendered":"<p>Yo Campesino \/ \u00bfReforma gratis? \u00a1No! \u2022\u00a0Arrecian protestas cr\u00edticas y advertencias en torno a las reformas-venganzas del ganso Miguel A. Rocha Valencia &nbsp; Seguramente el ganso se lanzar\u00e1 contra la Universidad Nacional Aut\u00f3noma de M\u00e9xico, la confesional Universidad Iberoamericana y por qu\u00e9 no, despotricar\u00e1 contra el ITESU por sus estudiantes de Derecho quienes alzan la voz y saldr\u00e1n a la calle para sumarse a los trabajadores, jueces, magistrados y ministros del poder Judicial en repudio a las reformas que los lacayos de la 4T disfrazados de legisladores pretenden aprobar y someter a ese puntal constitucional. Es decir que los cortesanos [&hellip;]<\/p>\n","protected":false},"author":3,"featured_media":92034,"comment_status":"open","ping_status":"open","sticky":false,"template":"","format":"standard","meta":{"_jetpack_newsletter_access":"","_jetpack_dont_email_post_to_subs":false,"_jetpack_newsletter_tier_id":0,"_jetpack_memberships_contains_paywalled_content":false,"_jetpack_feature_clip_id":0,"_jetpack_memberships_contains_paid_content":false,"footnotes":"","jetpack_publicize_message":"","jetpack_publicize_feature_enabled":true,"jetpack_social_post_already_shared":true,"jetpack_social_options":{"image_generator_settings":{"template":"highway","default_image_id":0,"font":"","enabled":false},"version":2},"jetpack_post_was_ever_published":false},"categories":[79],"tags":[],"class_list":["post-102376","post","type-post","status-publish","format-standard","has-post-thumbnail","hentry","category-columnistas-nacionales","post--single"],"jetpack_publicize_connections":[],"jetpack_featured_media_url":"https:\/\/ovelanalista.com\/wp-content\/uploads\/2024\/03\/Miguel-A.-Rocha-Valencia.jpeg","jetpack_sharing_enabled":true,"_links":{"self":[{"href":"https:\/\/ovelanalista.com\/index.php?rest_route=\/wp\/v2\/posts\/102376","targetHints":{"allow":["GET"]}}],"collection":[{"href":"https:\/\/ovelanalista.com\/index.php?rest_route=\/wp\/v2\/posts"}],"about":[{"href":"https:\/\/ovelanalista.com\/index.php?rest_route=\/wp\/v2\/types\/post"}],"author":[{"embeddable":true,"href":"https:\/\/ovelanalista.com\/index.php?rest_route=\/wp\/v2\/users\/3"}],"replies":[{"embeddable":true,"href":"https:\/\/ovelanalista.com\/index.php?rest_route=%2Fwp%2Fv2%2Fcomments&post=102376"}],"version-history":[{"count":1,"href":"https:\/\/ovelanalista.com\/index.php?rest_route=\/wp\/v2\/posts\/102376\/revisions"}],"predecessor-version":[{"id":102377,"href":"https:\/\/ovelanalista.com\/index.php?rest_route=\/wp\/v2\/posts\/102376\/revisions\/102377"}],"wp:featuredmedia":[{"embeddable":true,"href":"https:\/\/ovelanalista.com\/index.php?rest_route=\/wp\/v2\/media\/92034"}],"wp:attachment":[{"href":"https:\/\/ovelanalista.com\/index.php?rest_route=%2Fwp%2Fv2%2Fmedia&parent=102376"}],"wp:term":[{"taxonomy":"category","embeddable":true,"href":"https:\/\/ovelanalista.com\/index.php?rest_route=%2Fwp%2Fv2%2Fcategories&post=102376"},{"taxonomy":"post_tag","embeddable":true,"href":"https:\/\/ovelanalista.com\/index.php?rest_route=%2Fwp%2Fv2%2Ftags&post=102376"}],"curies":[{"name":"wp","href":"https:\/\/api.w.org\/{rel}","templated":true}]}}