{"id":102402,"date":"2024-08-30T10:59:25","date_gmt":"2024-08-30T16:59:25","guid":{"rendered":"https:\/\/ovelanalista.com\/?p=102402"},"modified":"2024-08-30T10:59:25","modified_gmt":"2024-08-30T16:59:25","slug":"eu-le-responde-a-la-fgr-ovidio-guzman-no-fue-liberado-y-esta-bajo-su-custodia","status":"publish","type":"post","link":"https:\/\/ovelanalista.com\/?p=102402","title":{"rendered":"EU le responde a la FGR: Ovidio Guzm\u00e1n no fue liberado y est\u00e1 bajo su custodia"},"content":{"rendered":"<div>\n<h5 class=\"primary-font__PrimaryFontStyles-o56yd5-0 heuGTu h4-primary sub-headline\">La FGR cuestion\u00f3 a EU sobre el paradero y la situaci\u00f3n de Ovidio Guzm\u00e1n, cuya ficha de detenci\u00f3n no ha sido actualizada desde hace un mes.<\/h5>\n<\/div>\n<div>Las dudas de la Fiscal\u00eda General de la Rep\u00fablica (FGR) sobre el paradero de Ovidio Guzm\u00e1n, alias \u2018El Rat\u00f3n\u2019 estar\u00edan por aclararse, seg\u00fan los \u00faltimos datos del Departamento de Justicia de Estados Unidos.<\/div>\n<div><\/div>\n<div>El hijo de Joaqu\u00edn \u2018El Chapo\u2019 Guzm\u00e1n podr\u00eda no estar en una prisi\u00f3n, pero s\u00ed bajo la custodia de autoridades de Estados Unidos, explic\u00f3 Ariel Moutsatsos, corresponsal de N+, en Washington.<\/div>\n<div><\/div>\n<div>Lo anterior debido a que los detalles sobre el paradero de Ovidio Guzm\u00e1n no aparecen en el sitio web de la Agencia Federal de Prisiones de Estados Unidos. Seg\u00fan explic\u00f3 Moutsasos, este cambio podr\u00eda ser parte de un proceso de testigo colaborador en alg\u00fan juicio y como una medida de seguridad.<\/div>\n<div><\/div>\n<div>La FGR cuestiona d\u00f3nde est\u00e1 Ovidio Guzm\u00e1n<\/div>\n<div><\/div>\n<div>El jueves 29 de agosto, la FGR emiti\u00f3 un comunicado donde menciona que hubo \u201cdatos probatorios de una secuencia cronol\u00f3gica, que inicia con la excarcelaci\u00f3n de Ovidio \u2018G\u2019, de una prisi\u00f3n de alta seguridad de EUA, dos d\u00edas antes del presunto secuestro de Ismael \u2018N\u2019\u201d.<\/div>\n<div><\/div>\n<div>#FGRInforma | En la investigaci\u00f3n del caso Ismael \u201cN\u201d y Joaqu\u00edn \u201cN\u201d, la #FGR obtuvo datos probatorios de una secuencia cronol\u00f3gica, que inicia con la excarcelaci\u00f3n de Ovidio \u201cG\u201d, de una prisi\u00f3n de alta seguridad de #EUA, dos d\u00edas antes del presunto secuestro de Ismael \u201cN\u201d.\u2026 pic.twitter.com\/iXCpuV3pPf<\/div>\n<div><\/div>\n<div>\u2014 FGR M\u00e9xico (@FGRMexico) August 29, 2024<\/div>\n<div><\/div>\n<div>De esta forma, la Fiscal\u00eda se\u00f1ala la posible relaci\u00f3n entre el secuestro de \u2018El Mayo\u2019 Zambada y la supuesta liberaci\u00f3n de Ovidio Guzm\u00e1n.<\/div>\n<div><\/div>\n<div>Al d\u00eda siguiente de la detenci\u00f3n de \u2018El Mayo\u2019, la Secretar\u00eda de Seguridad inform\u00f3 que la embajada de Estados Unidos hizo una aclaraci\u00f3n sobre Ovidio Guzm\u00e1n al detallar que no fue liberado, sino que solo tuvo un cambio de medida cautelar.<\/div>\n<div><\/div>\n<div>Seg\u00fan la FGR, Ovidio Guzm\u00e1n fue excarcelado el 23 de julio, mientras que el arresto de Zambada ocurri\u00f3 el 25 de julio, cuando lleg\u00f3 a un aeropuerto de Texas. Eso es lo que dicen los datos del Bur\u00f3 de Prisiones al referirse al hijo de \u2018El Chapo\u2019 como el n\u00famero de prisionero 72884-748.<\/div>\n<div><\/div>\n<div>Desde entonces, a un mes de los hechos, el Bur\u00f3 Federal de Prisiones de Estados Unidos contin\u00faa sin actualizar la informaci\u00f3n relacionada con la ubicaci\u00f3n y paradero del hijo de \u2018El Chapo\u2019 Guzm\u00e1n.<\/div>\n<div><\/div>\n<div>Tambi\u00e9n est\u00e1 por cumplirse un a\u00f1o de su extradici\u00f3n, que ocurri\u00f3 el 15 de septiembre del a\u00f1o pasado, luego de haber sido detenido el 5 de enero de ese mismo a\u00f1o, en Sinaloa. En M\u00e9xico, Ovidio Guzm\u00e1n permaneci\u00f3 en el penal del Altiplano.<\/div>\n","protected":false},"excerpt":{"rendered":"<p>La FGR cuestion\u00f3 a EU sobre el paradero y la situaci\u00f3n de Ovidio Guzm\u00e1n, cuya ficha de detenci\u00f3n no ha sido actualizada desde hace un mes. Las dudas de la Fiscal\u00eda General de la Rep\u00fablica (FGR) sobre el paradero de Ovidio Guzm\u00e1n, alias \u2018El Rat\u00f3n\u2019 estar\u00edan por aclararse, seg\u00fan los \u00faltimos datos del Departamento de Justicia de Estados Unidos. El hijo de Joaqu\u00edn \u2018El Chapo\u2019 Guzm\u00e1n podr\u00eda no estar en una prisi\u00f3n, pero s\u00ed bajo la custodia de autoridades de Estados Unidos, explic\u00f3 Ariel Moutsatsos, corresponsal de N+, en Washington. Lo anterior debido a que los detalles sobre el paradero [&hellip;]<\/p>\n","protected":false},"author":3,"featured_media":102404,"comment_status":"open","ping_status":"open","sticky":false,"template":"","format":"standard","meta":{"_jetpack_newsletter_access":"","_jetpack_dont_email_post_to_subs":false,"_jetpack_newsletter_tier_id":0,"_jetpack_memberships_contains_paywalled_content":false,"_jetpack_feature_clip_id":0,"_jetpack_memberships_contains_paid_content":false,"footnotes":"","jetpack_publicize_message":"","jetpack_publicize_feature_enabled":true,"jetpack_social_post_already_shared":true,"jetpack_social_options":{"image_generator_settings":{"template":"highway","default_image_id":0,"font":"","enabled":false},"version":2},"jetpack_post_was_ever_published":false},"categories":[89,75,72],"tags":[],"class_list":["post-102402","post","type-post","status-publish","format-standard","has-post-thumbnail","hentry","category-internacional","category-nacional","category-portada","post--single"],"jetpack_publicize_connections":[],"jetpack_featured_media_url":"https:\/\/ovelanalista.com\/wp-content\/uploads\/2024\/08\/Captura-de-Pantalla-2024-08-30-a-las-9.57.45.png","jetpack_sharing_enabled":true,"_links":{"self":[{"href":"https:\/\/ovelanalista.com\/index.php?rest_route=\/wp\/v2\/posts\/102402","targetHints":{"allow":["GET"]}}],"collection":[{"href":"https:\/\/ovelanalista.com\/index.php?rest_route=\/wp\/v2\/posts"}],"about":[{"href":"https:\/\/ovelanalista.com\/index.php?rest_route=\/wp\/v2\/types\/post"}],"author":[{"embeddable":true,"href":"https:\/\/ovelanalista.com\/index.php?rest_route=\/wp\/v2\/users\/3"}],"replies":[{"embeddable":true,"href":"https:\/\/ovelanalista.com\/index.php?rest_route=%2Fwp%2Fv2%2Fcomments&post=102402"}],"version-history":[{"count":1,"href":"https:\/\/ovelanalista.com\/index.php?rest_route=\/wp\/v2\/posts\/102402\/revisions"}],"predecessor-version":[{"id":102405,"href":"https:\/\/ovelanalista.com\/index.php?rest_route=\/wp\/v2\/posts\/102402\/revisions\/102405"}],"wp:featuredmedia":[{"embeddable":true,"href":"https:\/\/ovelanalista.com\/index.php?rest_route=\/wp\/v2\/media\/102404"}],"wp:attachment":[{"href":"https:\/\/ovelanalista.com\/index.php?rest_route=%2Fwp%2Fv2%2Fmedia&parent=102402"}],"wp:term":[{"taxonomy":"category","embeddable":true,"href":"https:\/\/ovelanalista.com\/index.php?rest_route=%2Fwp%2Fv2%2Fcategories&post=102402"},{"taxonomy":"post_tag","embeddable":true,"href":"https:\/\/ovelanalista.com\/index.php?rest_route=%2Fwp%2Fv2%2Ftags&post=102402"}],"curies":[{"name":"wp","href":"https:\/\/api.w.org\/{rel}","templated":true}]}}