{"id":102639,"date":"2024-09-02T16:45:22","date_gmt":"2024-09-02T22:45:22","guid":{"rendered":"https:\/\/ovelanalista.com\/?p=102639"},"modified":"2024-09-02T12:34:17","modified_gmt":"2024-09-02T18:34:17","slug":"tasa-de-desempleo-fue-del-2-7-en-el-segundo-trimestre-del-ano","status":"publish","type":"post","link":"https:\/\/ovelanalista.com\/?p=102639","title":{"rendered":"Tasa de desempleo fue del 2.7 % en el segundo trimestre del a\u00f1o"},"content":{"rendered":"<p>Las entidades que durante el segundo trimestre de 2024 tuvieron las tasas de desempleo m\u00e1s altas fueron Ciudad de M\u00e9xico, Tabasco y Coahuila.<\/p>\n<div class=\"entry-grid__content-area2 entry-main-text\">\n<div class=\"row\">\n<div class=\"col-12 col-lg-8\">\n<div class=\"article-content\">\n<p>La<strong>\u00a0tasa de desempleo<\/strong>\u00a0en M\u00e9xico qued\u00f3 en el 2.7 por ciento en el segundo trimestre de 2024, menor a la del 2.8 por ciento del mismo lapso de 2023, aunque mayor a la de\u00a0<a href=\"https:\/\/lopezdoriga.com\/economia-y-finanzas\/tasa-de-desempleo-bajo-primer-trimestre-2024\/\" target=\"_blank\" rel=\"noopener\">2.5 por ciento<\/a>\u00a0del periodo de enero a marzo pasados, inform\u00f3 el Instituto Nacional de Estad\u00edstica y Geograf\u00eda (<strong>Inegi<\/strong>).<\/p>\n<p>\u201cEn el trimestre abril-junio de 2024, la poblaci\u00f3n desocupada fue de 1,6 millones de personas. La tasa de desocupaci\u00f3n (TD) correspondiente fue de 2.7 por ciento de la PEA (poblaci\u00f3n econ\u00f3micamente activa), cifra menor a la del mismo periodo de un a\u00f1o antes\u201d, indic\u00f3 el organismo aut\u00f3nomo en\u00a0<a href=\"https:\/\/www.inegi.org.mx\/contenidos\/saladeprensa\/boletines\/2024\/ENOE\/ENOE2024_09.pdf\" target=\"_blank\" rel=\"noopener noreferrer\">su reporte<\/a>.<\/p>\n<p>La PEA totaliz\u00f3 61 millones de personas, un aumento de 737 mil frente al mismo lapso de 2023, mientras que la poblaci\u00f3n ocupada creci\u00f3 en 805 mil hasta las 59.3 millones de personas.<\/p>\n<\/div>\n<div class=\"ad-container dfp-ad-unit ad-inread ad-main-inread ad-slot\" data-ad-type=\"inread\" data-slot=\"inread\" data-ad-loaded=\"1\" data-ad-setup=\"{&quot;postID&quot;:1648240,&quot;canRefresh&quot;:false,&quot;infinitescroll&quot;:false}\" data-google-query-id=\"COuC3ODypIgDFcvt9QIdosoC2A\">\n<p>Los principales aumentos interanuales de empleos se concentraron en la construcci\u00f3n, con una subida de 313 mil; en servicios sociales, con 252 mil; en transportes, comunicaciones, correo y almacenamiento, con 154 mil; en servicios profesionales, financieros y corporativos, con 145 mil, y en comercio, con 139 mil personas.<\/p>\n<p>Por otro lado, 4.4 millones de personas estuvieron\u00a0<strong>subocupadas<\/strong>, es decir, que reportaron tener la necesidad y voluntad de trabajar m\u00e1s horas.<\/p>\n<p>Asimismo, el instituto report\u00f3 una reducci\u00f3n interanual de 103 mil trabajadores en el\u00a0<strong>sector<\/strong>\u00a0<strong>informal<\/strong>, que concentr\u00f3 32.2 millones de personas, con lo que la tasa de informalidad qued\u00f3 en 54.3 por ciento de la fuerza laboral total.<\/p>\n<p>Por g\u00e9nero, el 76.2 por ciento de los hombres est\u00e1n en el mercado laboral frente al 46.3 por ciento de las mujeres.<\/p>\n<p>Por sector, el instituto detall\u00f3 que el 10.5 por ciento del total de trabajadores est\u00e1n en actividades primarias, el 25.2 por ciento en secundarias o industriales, y 63.6 por ciento en terciarias o servicios.<\/p>\n<\/div>\n<div class=\"ad-container dfp-ad-unit ad-inread ad-slot\" data-ad-type=\"inreadbox\" data-slot=\"inread-multiple\" data-ad-loaded=\"1\" data-ad-setup=\"{&quot;postID&quot;:1648240,&quot;canRefresh&quot;:false,&quot;infinitescroll&quot;:false}\" data-google-query-id=\"CPvSzOXypIgDFUPt9QId32slGg\">\n<p>El restante 0.7 por ciento no especific\u00f3 su actividad.<\/p>\n<p>Por regiones, las entidades que durante el segundo trimestre de 2024 tuvieron las tasas de desempleo m\u00e1s altas fueron Ciudad de M\u00e9xico (4 por ciento), Tabasco (4 por ciento) y Coahuila (3.7 por ciento).<\/p>\n<p>Las cifras son un reflejo del comportamiento econ\u00f3mico de M\u00e9xico, que creci\u00f3 un 0.2 por ciento trimestral y un 2.1 por ciento interanual de abril a junio, con lo que acumula una subida del 1.8 por ciento en el a\u00f1o, seg\u00fan las cifras definitivas que el Inegi divulg\u00f3 en agosto.<\/p>\n<p>Con informaci\u00f3n de EFE<\/p>\n<\/div>\n<\/div>\n<\/div>\n<\/div>\n","protected":false},"excerpt":{"rendered":"<p>Las entidades que durante el segundo trimestre de 2024 tuvieron las tasas de desempleo m\u00e1s altas fueron Ciudad de M\u00e9xico, Tabasco y Coahuila. La\u00a0tasa de desempleo\u00a0en M\u00e9xico qued\u00f3 en el 2.7 por ciento en el segundo trimestre de 2024, menor a la del 2.8 por ciento del mismo lapso de 2023, aunque mayor a la de\u00a02.5 por ciento\u00a0del periodo de enero a marzo pasados, inform\u00f3 el Instituto Nacional de Estad\u00edstica y Geograf\u00eda (Inegi). \u201cEn el trimestre abril-junio de 2024, la poblaci\u00f3n desocupada fue de 1,6 millones de personas. La tasa de desocupaci\u00f3n (TD) correspondiente fue de 2.7 por ciento de [&hellip;]<\/p>\n","protected":false},"author":3,"featured_media":102642,"comment_status":"open","ping_status":"open","sticky":false,"template":"","format":"standard","meta":{"_jetpack_newsletter_access":"","_jetpack_dont_email_post_to_subs":false,"_jetpack_newsletter_tier_id":0,"_jetpack_memberships_contains_paywalled_content":false,"_jetpack_feature_clip_id":0,"_jetpack_memberships_contains_paid_content":false,"footnotes":"","jetpack_publicize_message":"","jetpack_publicize_feature_enabled":true,"jetpack_social_post_already_shared":true,"jetpack_social_options":{"image_generator_settings":{"template":"highway","default_image_id":0,"font":"","enabled":false},"version":2},"jetpack_post_was_ever_published":false},"categories":[75,72],"tags":[],"class_list":["post-102639","post","type-post","status-publish","format-standard","has-post-thumbnail","hentry","category-nacional","category-portada","post--single"],"jetpack_publicize_connections":[],"jetpack_featured_media_url":"https:\/\/ovelanalista.com\/wp-content\/uploads\/2024\/09\/vendedoras-ambulantes-en-la-cdmx.webp","jetpack_sharing_enabled":true,"_links":{"self":[{"href":"https:\/\/ovelanalista.com\/index.php?rest_route=\/wp\/v2\/posts\/102639","targetHints":{"allow":["GET"]}}],"collection":[{"href":"https:\/\/ovelanalista.com\/index.php?rest_route=\/wp\/v2\/posts"}],"about":[{"href":"https:\/\/ovelanalista.com\/index.php?rest_route=\/wp\/v2\/types\/post"}],"author":[{"embeddable":true,"href":"https:\/\/ovelanalista.com\/index.php?rest_route=\/wp\/v2\/users\/3"}],"replies":[{"embeddable":true,"href":"https:\/\/ovelanalista.com\/index.php?rest_route=%2Fwp%2Fv2%2Fcomments&post=102639"}],"version-history":[{"count":1,"href":"https:\/\/ovelanalista.com\/index.php?rest_route=\/wp\/v2\/posts\/102639\/revisions"}],"predecessor-version":[{"id":102644,"href":"https:\/\/ovelanalista.com\/index.php?rest_route=\/wp\/v2\/posts\/102639\/revisions\/102644"}],"wp:featuredmedia":[{"embeddable":true,"href":"https:\/\/ovelanalista.com\/index.php?rest_route=\/wp\/v2\/media\/102642"}],"wp:attachment":[{"href":"https:\/\/ovelanalista.com\/index.php?rest_route=%2Fwp%2Fv2%2Fmedia&parent=102639"}],"wp:term":[{"taxonomy":"category","embeddable":true,"href":"https:\/\/ovelanalista.com\/index.php?rest_route=%2Fwp%2Fv2%2Fcategories&post=102639"},{"taxonomy":"post_tag","embeddable":true,"href":"https:\/\/ovelanalista.com\/index.php?rest_route=%2Fwp%2Fv2%2Ftags&post=102639"}],"curies":[{"name":"wp","href":"https:\/\/api.w.org\/{rel}","templated":true}]}}