{"id":102649,"date":"2024-09-02T17:30:38","date_gmt":"2024-09-02T23:30:38","guid":{"rendered":"https:\/\/ovelanalista.com\/?p=102649"},"modified":"2024-09-02T12:47:24","modified_gmt":"2024-09-02T18:47:24","slug":"sedena-expone-el-arsenal-asegurado-tras-el-enfrentamiento-en-paredones-culiacan","status":"publish","type":"post","link":"https:\/\/ovelanalista.com\/?p=102649","title":{"rendered":"Sedena expone el arsenal asegurado tras el enfrentamiento en Paredones, Culiac\u00e1n"},"content":{"rendered":"<p class=\"article-subheadline left\">El jueves 29 de agosto, un grupo de civiles armados atac\u00f3 a balazos a miembros del ej\u00e9rcito y provoc\u00f3 narcobloqueos.<\/p>\n<p class=\"paragraph\" data-mrf-recirculation=\"Links inline\">En la tarde del jueves 29 de agosto, la ciudad de\u00a0<b>Culiac\u00e1n<\/b>, en Sinaloa, se vio sacudida por una serie de hechos violentos que se suscitaron tras un<b>\u00a0enfrentamiento armado\u00a0<\/b>entre elementos del Ej\u00e9rcito mexicano y un grupo de civiles armados.<\/p>\n<p class=\"paragraph\" data-mrf-recirculation=\"Links inline\">Fueron integrantes de un grupo criminales los que agredieron a militares en el poblado de\u00a0<b>Paredones<\/b>, ubicado en la\u00a0<b>sindicatura de Jes\u00fas Mar\u00eda.<\/b>\u00a0En esa jornada violenta se reportaron narcobloqueos y veh\u00edculos incendiados, pero no hubo personas detenidas ni v\u00edctimas mortales.<\/p>\n<p class=\"paragraph\" data-mrf-recirculation=\"Links inline\">En su momento trascendi\u00f3 que la confrontaci\u00f3n se habr\u00eda originado por la supuesta detenci\u00f3n de\u00a0<b>Iv\u00e1n Archivaldo Guzm\u00e1n<\/b>, l\u00edder de la facci\u00f3n de Los Chapitos del C\u00e1rtel de Sinaloa. Sin embargo, estos reportes fueron desmentidos por la Secretar\u00eda de la Defensa Nacional (<b>Sedena<\/b>), la cual dio a conocer cu\u00e1l fue el armamento asegurado tras los enfrentamientos.<\/p>\n<div class=\"visual__image\"><img loading=\"lazy\" decoding=\"async\" class=\"\" src=\"https:\/\/www.infobae.com\/new-resizer\/EwWxDpcIEElaeypko3ZhmByQ7Kw=\/420x315\/filters:format(webp):quality(85)\/cloudfront-us-east-1.images.arcpublishing.com\/infobae\/C4DTSBPF2RELJH4IMDTIBVUT4U.jpg%20420w\" sizes=\"auto, (min-width: 1560px) 856px, (min-width: 1000px) calc(74.63vw - 293px), (min-width: 780px) calc(100vw - 376px), (min-width: 580px) calc(100vw - 32px), 100vw\" srcset=\"https:\/\/www.infobae.com\/new-resizer\/EwWxDpcIEElaeypko3ZhmByQ7Kw=\/420x315\/filters:format(webp):quality(85)\/cloudfront-us-east-1.images.arcpublishing.com\/infobae\/C4DTSBPF2RELJH4IMDTIBVUT4U.jpg 420w,https:\/\/www.infobae.com\/new-resizer\/mbRaa4_h5lfdJc-kLc1bVpZkwE8=\/768x576\/filters:format(webp):quality(85)\/cloudfront-us-east-1.images.arcpublishing.com\/infobae\/C4DTSBPF2RELJH4IMDTIBVUT4U.jpg 768w,https:\/\/www.infobae.com\/new-resizer\/DfAuWzDVN_zn30kbapM2hi2oTFo=\/992x744\/filters:format(webp):quality(85)\/cloudfront-us-east-1.images.arcpublishing.com\/infobae\/C4DTSBPF2RELJH4IMDTIBVUT4U.jpg 992w,https:\/\/www.infobae.com\/new-resizer\/PDd8qhO3jnxKuAuK1OS1dPILTOQ=\/1200x900\/filters:format(webp):quality(85)\/cloudfront-us-east-1.images.arcpublishing.com\/infobae\/C4DTSBPF2RELJH4IMDTIBVUT4U.jpg 1200w,https:\/\/www.infobae.com\/new-resizer\/Z6PASjVFxvI5mfCvtII6WgfCkvk=\/1440x1080\/filters:format(webp):quality(85)\/cloudfront-us-east-1.images.arcpublishing.com\/infobae\/C4DTSBPF2RELJH4IMDTIBVUT4U.jpg 1440w\" alt=\"11 armas de fuego fueron aseguradas tras los hechos violentos en Culiac\u00e1n (Foto: Sedena)\" width=\"1600\" height=\"1204\" data-src=\"https:\/\/www.infobae.com\/new-resizer\/EwWxDpcIEElaeypko3ZhmByQ7Kw=\/420x315\/filters:format(webp):quality(85)\/cloudfront-us-east-1.images.arcpublishing.com\/infobae\/C4DTSBPF2RELJH4IMDTIBVUT4U.jpg 420w\" data-wp-editing=\"1\" \/><\/div>\n<div><\/div>\n<div class=\"visual__image\">A trav\u00e9s de un comunicado, la Sedena inform\u00f3 que tras realizar reconocimientos terrestres en el poblado de Paredones, persona militar ubic\u00f3 \u201cvarios veh\u00edculos y a un n\u00famero indeterminado de personas portando armas de fuego, quienes al notar la presencia de las fuerzas del orden emprendieron la huida con rumbo desconocido\u201d.<\/div>\n<p class=\"paragraph\" data-mrf-recirculation=\"Links inline\">Al establecer un per\u00edmetro de seguridad en la zona, los miembros del Ej\u00e9rcito mexicano aseguraron\u00a0<b>11 armas de fuego<\/b>,\u00a0<b>117 cargadores<\/b>,\u00a0<b>5,290 cartuchos<\/b>,\u00a0<b>cuatro veh\u00edculos\u00a0<\/b>y\u00a0<b>equipo t\u00e1ctico.<\/b><\/p>\n<p class=\"paragraph\" data-mrf-recirculation=\"Links inline\">En las fotograf\u00edas compartidas por la Sedena se observa una docena de chalecos t\u00e1cticos, algunos de los cuales ten\u00edan inscrita la leyenda \u201c<b>Marina<\/b>\u201d en la parte del pecho, por lo que se presume que los agresores se hac\u00edan pasar por agentes de la Secretar\u00eda de Marina (<b>Semar<\/b>).<\/p>\n<div class=\"visual__image\"><img loading=\"lazy\" decoding=\"async\" class=\"\" src=\"https:\/\/www.infobae.com\/new-resizer\/fSwq4EPZAkYixNrUwDklxYD41Rs=\/420x315\/filters:format(webp):quality(85)\/cloudfront-us-east-1.images.arcpublishing.com\/infobae\/6M64KO7B5JHA7IUMJNIJJQV254.jpg%20420w\" sizes=\"auto, (min-width: 1560px) 856px, (min-width: 1000px) calc(74.63vw - 293px), (min-width: 780px) calc(100vw - 376px), (min-width: 580px) calc(100vw - 32px), 100vw\" srcset=\"https:\/\/www.infobae.com\/new-resizer\/fSwq4EPZAkYixNrUwDklxYD41Rs=\/420x315\/filters:format(webp):quality(85)\/cloudfront-us-east-1.images.arcpublishing.com\/infobae\/6M64KO7B5JHA7IUMJNIJJQV254.jpg 420w,https:\/\/www.infobae.com\/new-resizer\/ThFrAnF89LnD1M_wvDgCSPMMiP0=\/768x576\/filters:format(webp):quality(85)\/cloudfront-us-east-1.images.arcpublishing.com\/infobae\/6M64KO7B5JHA7IUMJNIJJQV254.jpg 768w,https:\/\/www.infobae.com\/new-resizer\/FrLZnvKXciB3JGVxYogOrgbsWMM=\/992x744\/filters:format(webp):quality(85)\/cloudfront-us-east-1.images.arcpublishing.com\/infobae\/6M64KO7B5JHA7IUMJNIJJQV254.jpg 992w,https:\/\/www.infobae.com\/new-resizer\/bSfu33iuu5ffaMD6dObac_V5kVs=\/1200x900\/filters:format(webp):quality(85)\/cloudfront-us-east-1.images.arcpublishing.com\/infobae\/6M64KO7B5JHA7IUMJNIJJQV254.jpg 1200w,https:\/\/www.infobae.com\/new-resizer\/GV8z02KNgIFI4do4FGnxK4b0Qcs=\/1440x1080\/filters:format(webp):quality(85)\/cloudfront-us-east-1.images.arcpublishing.com\/infobae\/6M64KO7B5JHA7IUMJNIJJQV254.jpg 1440w\" alt=\"(Foto: Sedena)\" width=\"1600\" height=\"1204\" data-src=\"https:\/\/www.infobae.com\/new-resizer\/fSwq4EPZAkYixNrUwDklxYD41Rs=\/420x315\/filters:format(webp):quality(85)\/cloudfront-us-east-1.images.arcpublishing.com\/infobae\/6M64KO7B5JHA7IUMJNIJJQV254.jpg 420w\" \/>(Foto: Sedena)<\/div>\n<p class=\"paragraph\" data-mrf-recirculation=\"Links inline\">El arsenal asegurado qued\u00f3 a disposici\u00f3n de las autoridades correspondientes para continuar con las investigaciones sobre lo sucedido.<\/p>\n<div class=\"headline-wrapper\">\n<h2 class=\"header headline-class-h2\">As\u00ed se vivi\u00f3 la jornada violenta en Paredones<\/h2>\n<\/div>\n<p class=\"paragraph\" data-mrf-recirculation=\"Links inline\">El alcalde de Culiac\u00e1n,<b>\u00a0Juan de Dios G\u00e1mez<\/b>, inform\u00f3 que la agresi\u00f3n contra los militares se origin\u00f3 en la sindicatura de Jes\u00fas Mar\u00eda, al norte del municipio de Culiac\u00e1n, sobre la<b>\u00a0carretera M\u00e9xico 15.<\/b><\/p>\n<p class=\"paragraph\" data-mrf-recirculation=\"Links inline\">Aunque los enfrentamiento se desarrollaron en Paredones, en la ciudad de Culiac\u00e1n (principal basti\u00f3n de Los Chapitos) se reportaron cierre de comercios ante un posible aumento de violencia. Asimismo, se usaron veh\u00edculos incendiados a la altura de\u00a0<b>\u2018El Lim\u00f3n de los Ramos\u2019\u00a0<\/b>para impedir el tr\u00e1nsito de las autoridades.<\/p>\n<p class=\"paragraph\" data-mrf-recirculation=\"Links inline\">Ante un panorama de incertidumbre, el gobernador de Sinaloa,\u00a0<b>Rub\u00e9n Rocha Moya<\/b>, asegur\u00f3 que \u201cno hay bajas, no hay personas heridas ni detenidas; no existe ning\u00fan dato al respecto, de tal manera que todo est\u00e1 en calma hasta ahorita\u201d.<\/p>\n<p class=\"paragraph\" data-mrf-recirculation=\"Links inline\">Con base en lo anterior, se desminti\u00f3 la versi\u00f3n sobre la supuesta captura de Iv\u00e1n Archivaldo Guzm\u00e1n, quien a\u00fan figura en la lista de los<b>\u00a010 m\u00e1s buscados<\/b>\u00a0por la Administraci\u00f3n de Control de Drogas (<b>DEA<\/b>).<\/p>\n<p data-mrf-recirculation=\"Links inline\">\n<p data-mrf-recirculation=\"Links inline\">Con informaci\u00f3n de Infobae<\/p>\n","protected":false},"excerpt":{"rendered":"<p>El jueves 29 de agosto, un grupo de civiles armados atac\u00f3 a balazos a miembros del ej\u00e9rcito y provoc\u00f3 narcobloqueos. En la tarde del jueves 29 de agosto, la ciudad de\u00a0Culiac\u00e1n, en Sinaloa, se vio sacudida por una serie de hechos violentos que se suscitaron tras un\u00a0enfrentamiento armado\u00a0entre elementos del Ej\u00e9rcito mexicano y un grupo de civiles armados. Fueron integrantes de un grupo criminales los que agredieron a militares en el poblado de\u00a0Paredones, ubicado en la\u00a0sindicatura de Jes\u00fas Mar\u00eda.\u00a0En esa jornada violenta se reportaron narcobloqueos y veh\u00edculos incendiados, pero no hubo personas detenidas ni v\u00edctimas mortales. En su momento trascendi\u00f3 [&hellip;]<\/p>\n","protected":false},"author":3,"featured_media":102652,"comment_status":"open","ping_status":"open","sticky":false,"template":"","format":"standard","meta":{"_jetpack_newsletter_access":"","_jetpack_dont_email_post_to_subs":false,"_jetpack_newsletter_tier_id":0,"_jetpack_memberships_contains_paywalled_content":false,"_jetpack_feature_clip_id":0,"_jetpack_memberships_contains_paid_content":false,"footnotes":"","jetpack_publicize_message":"","jetpack_publicize_feature_enabled":true,"jetpack_social_post_already_shared":true,"jetpack_social_options":{"image_generator_settings":{"template":"highway","default_image_id":0,"font":"","enabled":false},"version":2},"jetpack_post_was_ever_published":false},"categories":[90,72],"tags":[],"class_list":["post-102649","post","type-post","status-publish","format-standard","has-post-thumbnail","hentry","category-estatal","category-portada","post--single"],"jetpack_publicize_connections":[],"jetpack_featured_media_url":"https:\/\/ovelanalista.com\/wp-content\/uploads\/2024\/09\/Captura-de-Pantalla-2024-09-02-a-las-11.46.05.png","jetpack_sharing_enabled":true,"_links":{"self":[{"href":"https:\/\/ovelanalista.com\/index.php?rest_route=\/wp\/v2\/posts\/102649","targetHints":{"allow":["GET"]}}],"collection":[{"href":"https:\/\/ovelanalista.com\/index.php?rest_route=\/wp\/v2\/posts"}],"about":[{"href":"https:\/\/ovelanalista.com\/index.php?rest_route=\/wp\/v2\/types\/post"}],"author":[{"embeddable":true,"href":"https:\/\/ovelanalista.com\/index.php?rest_route=\/wp\/v2\/users\/3"}],"replies":[{"embeddable":true,"href":"https:\/\/ovelanalista.com\/index.php?rest_route=%2Fwp%2Fv2%2Fcomments&post=102649"}],"version-history":[{"count":1,"href":"https:\/\/ovelanalista.com\/index.php?rest_route=\/wp\/v2\/posts\/102649\/revisions"}],"predecessor-version":[{"id":102653,"href":"https:\/\/ovelanalista.com\/index.php?rest_route=\/wp\/v2\/posts\/102649\/revisions\/102653"}],"wp:featuredmedia":[{"embeddable":true,"href":"https:\/\/ovelanalista.com\/index.php?rest_route=\/wp\/v2\/media\/102652"}],"wp:attachment":[{"href":"https:\/\/ovelanalista.com\/index.php?rest_route=%2Fwp%2Fv2%2Fmedia&parent=102649"}],"wp:term":[{"taxonomy":"category","embeddable":true,"href":"https:\/\/ovelanalista.com\/index.php?rest_route=%2Fwp%2Fv2%2Fcategories&post=102649"},{"taxonomy":"post_tag","embeddable":true,"href":"https:\/\/ovelanalista.com\/index.php?rest_route=%2Fwp%2Fv2%2Ftags&post=102649"}],"curies":[{"name":"wp","href":"https:\/\/api.w.org\/{rel}","templated":true}]}}