{"id":102656,"date":"2024-09-02T18:00:36","date_gmt":"2024-09-03T00:00:36","guid":{"rendered":"https:\/\/ovelanalista.com\/?p=102656"},"modified":"2024-09-02T12:53:09","modified_gmt":"2024-09-02T18:53:09","slug":"improbable-que-fiscal-de-sinaloa-sea-llamada-a-declarar-por-la-fgr-afirma-rocha","status":"publish","type":"post","link":"https:\/\/ovelanalista.com\/?p=102656","title":{"rendered":"Improbable que Fiscal de Sinaloa sea llamada a declarar por la FGR, afirma Rocha"},"content":{"rendered":"<p>Es improbable que la Fiscal General del Estado, Claudia Zulema S\u00e1nchez Kondo, sea llamada a declarar por la FGR por las irregularidades en la investigaci\u00f3n por el asesinato de H\u00e9ctor Melesio Cuen Ojeda, se\u00f1al\u00f3 el gobernador Rub\u00e9n Rocha Moya.<\/p>\n<p>La semana pasada la FGR inform\u00f3 que citar\u00e1 a declarar a funcionarios de todos los niveles de la FGE que intervinieron en la investigaci\u00f3n.<\/p>\n<p>Rocha Moya mencion\u00f3 que citar\u00e1n a quienes estuvieron a nivel de procedimiento como peritos, polic\u00edas y ministerio p\u00fablico.<\/p>\n<p>Pidi\u00f3 a quienes sean citados, que declaren y faciliten la investigaci\u00f3n.<\/p>\n<p>Se\u00f1al\u00f3 que la investigaci\u00f3n no fue radicada espec\u00edficamente en la vicefiscal\u00eda.<\/p>\n<p>Asegur\u00f3 que Claudia Zulema S\u00e1nchez Kondo no tiene incumbencia institucional en el asesinato.<\/p>\n<p>&nbsp;<\/p>\n<p>Con informaci\u00f3n de R\u00edoDoce<\/p>\n","protected":false},"excerpt":{"rendered":"<p>Es improbable que la Fiscal General del Estado, Claudia Zulema S\u00e1nchez Kondo, sea llamada a declarar por la FGR por las irregularidades en la investigaci\u00f3n por el asesinato de H\u00e9ctor Melesio Cuen Ojeda, se\u00f1al\u00f3 el gobernador Rub\u00e9n Rocha Moya. La semana pasada la FGR inform\u00f3 que citar\u00e1 a declarar a funcionarios de todos los niveles de la FGE que intervinieron en la investigaci\u00f3n. Rocha Moya mencion\u00f3 que citar\u00e1n a quienes estuvieron a nivel de procedimiento como peritos, polic\u00edas y ministerio p\u00fablico. Pidi\u00f3 a quienes sean citados, que declaren y faciliten la investigaci\u00f3n. Se\u00f1al\u00f3 que la investigaci\u00f3n no fue radicada espec\u00edficamente [&hellip;]<\/p>\n","protected":false},"author":3,"featured_media":102658,"comment_status":"open","ping_status":"open","sticky":false,"template":"","format":"standard","meta":{"_jetpack_newsletter_access":"","_jetpack_dont_email_post_to_subs":false,"_jetpack_newsletter_tier_id":0,"_jetpack_memberships_contains_paywalled_content":false,"_jetpack_feature_clip_id":0,"_jetpack_memberships_contains_paid_content":false,"footnotes":"","jetpack_publicize_message":"","jetpack_publicize_feature_enabled":true,"jetpack_social_post_already_shared":true,"jetpack_social_options":{"image_generator_settings":{"template":"highway","default_image_id":0,"font":"","enabled":false},"version":2},"jetpack_post_was_ever_published":false},"categories":[90,72],"tags":[],"class_list":["post-102656","post","type-post","status-publish","format-standard","has-post-thumbnail","hentry","category-estatal","category-portada","post--single"],"jetpack_publicize_connections":[],"jetpack_featured_media_url":"https:\/\/ovelanalista.com\/wp-content\/uploads\/2024\/09\/Claudia-Zulema-Sanchez-Kondo.jpeg","jetpack_sharing_enabled":true,"_links":{"self":[{"href":"https:\/\/ovelanalista.com\/index.php?rest_route=\/wp\/v2\/posts\/102656","targetHints":{"allow":["GET"]}}],"collection":[{"href":"https:\/\/ovelanalista.com\/index.php?rest_route=\/wp\/v2\/posts"}],"about":[{"href":"https:\/\/ovelanalista.com\/index.php?rest_route=\/wp\/v2\/types\/post"}],"author":[{"embeddable":true,"href":"https:\/\/ovelanalista.com\/index.php?rest_route=\/wp\/v2\/users\/3"}],"replies":[{"embeddable":true,"href":"https:\/\/ovelanalista.com\/index.php?rest_route=%2Fwp%2Fv2%2Fcomments&post=102656"}],"version-history":[{"count":1,"href":"https:\/\/ovelanalista.com\/index.php?rest_route=\/wp\/v2\/posts\/102656\/revisions"}],"predecessor-version":[{"id":102660,"href":"https:\/\/ovelanalista.com\/index.php?rest_route=\/wp\/v2\/posts\/102656\/revisions\/102660"}],"wp:featuredmedia":[{"embeddable":true,"href":"https:\/\/ovelanalista.com\/index.php?rest_route=\/wp\/v2\/media\/102658"}],"wp:attachment":[{"href":"https:\/\/ovelanalista.com\/index.php?rest_route=%2Fwp%2Fv2%2Fmedia&parent=102656"}],"wp:term":[{"taxonomy":"category","embeddable":true,"href":"https:\/\/ovelanalista.com\/index.php?rest_route=%2Fwp%2Fv2%2Fcategories&post=102656"},{"taxonomy":"post_tag","embeddable":true,"href":"https:\/\/ovelanalista.com\/index.php?rest_route=%2Fwp%2Fv2%2Ftags&post=102656"}],"curies":[{"name":"wp","href":"https:\/\/api.w.org\/{rel}","templated":true}]}}